{"id":32542,"date":"2024-10-23T11:19:27","date_gmt":"2024-10-23T14:19:27","guid":{"rendered":"https:\/\/www.adufpb.org.br\/site\/?p=32542"},"modified":"2024-12-05T12:26:16","modified_gmt":"2024-12-05T15:26:16","slug":"adufpb-disponibiliza-formulario-para-confirmacao-de-presenca-no-sede-de-leitura","status":"publish","type":"post","link":"https:\/\/www.adufpb.org.br\/site\/adufpb-disponibiliza-formulario-para-confirmacao-de-presenca-no-sede-de-leitura\/","title":{"rendered":"ADUFPB disponibiliza formul\u00e1rio para confirma\u00e7\u00e3o de presen\u00e7a no Sede de Leitura"},"content":{"rendered":"<p><span style=\"font-weight: 400;\"><a class=\"dt-pswp-item\" href=\"https:\/\/www.adufpb.org.br\/site\/wp-content\/uploads\/2024\/10\/2024.10.25-sede-de-leitura.jpeg\" data-dt-img-description=\"\" data-large_image_width=\"1079\" data-large_image_height=\"1079\"><img loading=\"lazy\" decoding=\"async\" class=\"alignright size-medium wp-image-32524\" src=\"https:\/\/www.adufpb.org.br\/site\/wp-content\/uploads\/2024\/10\/2024.10.25-sede-de-leitura-300x300.jpeg\" alt=\"\" width=\"300\" height=\"300\" srcset=\"https:\/\/www.adufpb.org.br\/site\/wp-content\/uploads\/2024\/10\/2024.10.25-sede-de-leitura-300x300.jpeg 300w, https:\/\/www.adufpb.org.br\/site\/wp-content\/uploads\/2024\/10\/2024.10.25-sede-de-leitura-1024x1024.jpeg 1024w, https:\/\/www.adufpb.org.br\/site\/wp-content\/uploads\/2024\/10\/2024.10.25-sede-de-leitura-150x150.jpeg 150w, https:\/\/www.adufpb.org.br\/site\/wp-content\/uploads\/2024\/10\/2024.10.25-sede-de-leitura-768x768.jpeg 768w, https:\/\/www.adufpb.org.br\/site\/wp-content\/uploads\/2024\/10\/2024.10.25-sede-de-leitura-250x250.jpeg 250w, https:\/\/www.adufpb.org.br\/site\/wp-content\/uploads\/2024\/10\/2024.10.25-sede-de-leitura.jpeg 1079w\" sizes=\"auto, (max-width: 300px) 100vw, 300px\" \/><\/a><\/span><\/p>\n<p>Para garantir a organiza\u00e7\u00e3o e o sucesso do projeto Sede de Leitura 2024, a ADUFPB disponibilizou um <strong>formul\u00e1rio para confirma\u00e7\u00e3o<\/strong> de presen\u00e7a no evento.<\/p>\n<p>Docentes sindicalizados(as) que forem prestigiar o lan\u00e7amento coletivo de obras, devem preencher o documento confirmando presen\u00e7a at\u00e9 as <strong>18h desta quinta-feira (24), acessando o link <a href=\"https:\/\/forms.gle\/3stsHBSgkzcLh2xj6\" target=\"_blank\" rel=\"noopener\"><span style=\"color: #3366ff;\">https:\/\/forms.gle\/3stsHBSgkzcLh2xj6<\/span><\/a>.<\/strong><\/p>\n<p>As e os <strong>DOCENTES<\/strong> que n\u00e3o ir\u00e3o publicar livros ou artigos poder\u00e3o levar um acompanhante.<\/p>\n<p>O projeto Sede de Leitura, que promove o lan\u00e7amento coletivo de livros, revistas e outras publica\u00e7\u00f5es impressas e digitais de autoria de docentes sindicalizados(as) \u00e0 ADUFPB, ocorrer\u00e1 na pr\u00f3xima sexta-feira (25), a partir das 17h, na sede sociocultural do sindicato, localizada no bairro do Cabo Branco. Este ano, o projeto integra as comemora\u00e7\u00f5es pelos <strong>46 anos da ADUFPB<\/strong> e homenageia o Dia do Professor e da Professora e o Dia da Funcion\u00e1ria P\u00fablica e do Funcion\u00e1rio P\u00fablico.<\/p>\n<p>Venha celebrar os 46 anos da ADUFPB, afinal \u201cQuem tem sindicato, nunca est\u00e1 s\u00f3!\u201d.<\/p>\n<p><em><span style=\"font-weight: 400;\">Fonte: Ascom ADUFPB<\/span><\/em><\/p>\n","protected":false},"excerpt":{"rendered":"<p>Para garantir a organiza\u00e7\u00e3o e o sucesso do projeto Sede de Leitura 2024, a ADUFPB disponibilizou um formul\u00e1rio para confirma\u00e7\u00e3o de presen\u00e7a no evento. Docentes sindicalizados(as) que forem prestigiar o lan\u00e7amento coletivo de obras, devem preencher o documento confirmando presen\u00e7a at\u00e9 as 18h desta quinta-feira (24), acessando o link https:\/\/forms.gle\/3stsHBSgkzcLh2xj6. As e os DOCENTES que&hellip;<\/p>\n","protected":false},"author":3,"featured_media":32524,"comment_status":"closed","ping_status":"closed","sticky":false,"template":"","format":"standard","meta":{"footnotes":""},"categories":[1405,15,417],"tags":[1720,58,62,35,114],"class_list":["post-32542","post","type-post","status-publish","format-standard","has-post-thumbnail","hentry","category-chamada-principal","category-noticias","category-noticias-destaque","tag-lancamento-coletivo","tag-livros","tag-revista-conceitos","tag-sede-de-leitura","tag-sede-sociocultural","category-1405","category-15","category-417","description-off"],"_links":{"self":[{"href":"https:\/\/www.adufpb.org.br\/site\/wp-json\/wp\/v2\/posts\/32542","targetHints":{"allow":["GET"]}}],"collection":[{"href":"https:\/\/www.adufpb.org.br\/site\/wp-json\/wp\/v2\/posts"}],"about":[{"href":"https:\/\/www.adufpb.org.br\/site\/wp-json\/wp\/v2\/types\/post"}],"author":[{"embeddable":true,"href":"https:\/\/www.adufpb.org.br\/site\/wp-json\/wp\/v2\/users\/3"}],"replies":[{"embeddable":true,"href":"https:\/\/www.adufpb.org.br\/site\/wp-json\/wp\/v2\/comments?post=32542"}],"version-history":[{"count":4,"href":"https:\/\/www.adufpb.org.br\/site\/wp-json\/wp\/v2\/posts\/32542\/revisions"}],"predecessor-version":[{"id":32569,"href":"https:\/\/www.adufpb.org.br\/site\/wp-json\/wp\/v2\/posts\/32542\/revisions\/32569"}],"wp:featuredmedia":[{"embeddable":true,"href":"https:\/\/www.adufpb.org.br\/site\/wp-json\/wp\/v2\/media\/32524"}],"wp:attachment":[{"href":"https:\/\/www.adufpb.org.br\/site\/wp-json\/wp\/v2\/media?parent=32542"}],"wp:term":[{"taxonomy":"category","embeddable":true,"href":"https:\/\/www.adufpb.org.br\/site\/wp-json\/wp\/v2\/categories?post=32542"},{"taxonomy":"post_tag","embeddable":true,"href":"https:\/\/www.adufpb.org.br\/site\/wp-json\/wp\/v2\/tags?post=32542"}],"curies":[{"name":"wp","href":"https:\/\/api.w.org\/{rel}","templated":true}]}}