{"id":32375,"date":"2024-10-01T09:33:30","date_gmt":"2024-10-01T12:33:30","guid":{"rendered":"https:\/\/www.adufpb.org.br\/site\/?p=32375"},"modified":"2024-10-09T10:25:30","modified_gmt":"2024-10-09T13:25:30","slug":"grupo-de-trabalho-comunicacao-e-arte-da-adufpb-retoma-atividades-1a-reuniao-sera-na-quinta-feira-3","status":"publish","type":"post","link":"https:\/\/www.adufpb.org.br\/site\/grupo-de-trabalho-comunicacao-e-arte-da-adufpb-retoma-atividades-1a-reuniao-sera-na-quinta-feira-3\/","title":{"rendered":"Grupo de Trabalho Comunica\u00e7\u00e3o e Arte da ADUFPB retoma atividades; primeira reuni\u00e3o ser\u00e1 na quinta-feira (3)"},"content":{"rendered":"<div class=\"flex max-w-full flex-col flex-grow\">\n<div class=\"min-h-8 text-message flex w-full flex-col items-end gap-2 whitespace-normal break-words [.text-message+&amp;]:mt-5\" dir=\"auto\" data-message-author-role=\"assistant\" data-message-id=\"135fc662-babb-48a5-a78a-1ead963ab3a1\">\n<div class=\"flex w-full flex-col gap-1 empty:hidden first:pt-[3px]\">\n<div class=\"markdown prose w-full break-words dark:prose-invert light\">\n<div class=\"flex max-w-full flex-col flex-grow\">\n<div class=\"min-h-8 text-message flex w-full flex-col items-end gap-2 whitespace-normal break-words [.text-message+&amp;]:mt-5\" dir=\"auto\" data-message-author-role=\"assistant\" data-message-id=\"e4a4f538-77cf-4e92-8dd1-8d3d1fc60b08\">\n<div class=\"flex w-full flex-col gap-1 empty:hidden first:pt-[3px]\">\n<div class=\"markdown prose w-full break-words dark:prose-invert light\">\n<p><a class=\"dt-pswp-item\" href=\"https:\/\/www.adufpb.org.br\/site\/wp-content\/uploads\/2024\/10\/IMG-20241001-WA0006.jpg\" data-dt-img-description=\"\" data-large_image_width=\"1080\" data-large_image_height=\"1080\"><img loading=\"lazy\" decoding=\"async\" class=\"alignright size-medium wp-image-32381\" src=\"https:\/\/www.adufpb.org.br\/site\/wp-content\/uploads\/2024\/10\/IMG-20241001-WA0006-300x300.jpg\" alt=\"\" width=\"300\" height=\"300\" srcset=\"https:\/\/www.adufpb.org.br\/site\/wp-content\/uploads\/2024\/10\/IMG-20241001-WA0006-300x300.jpg 300w, https:\/\/www.adufpb.org.br\/site\/wp-content\/uploads\/2024\/10\/IMG-20241001-WA0006-1024x1024.jpg 1024w, https:\/\/www.adufpb.org.br\/site\/wp-content\/uploads\/2024\/10\/IMG-20241001-WA0006-150x150.jpg 150w, https:\/\/www.adufpb.org.br\/site\/wp-content\/uploads\/2024\/10\/IMG-20241001-WA0006-768x768.jpg 768w, https:\/\/www.adufpb.org.br\/site\/wp-content\/uploads\/2024\/10\/IMG-20241001-WA0006-250x250.jpg 250w, https:\/\/www.adufpb.org.br\/site\/wp-content\/uploads\/2024\/10\/IMG-20241001-WA0006.jpg 1080w\" sizes=\"auto, (max-width: 300px) 100vw, 300px\" \/><\/a>As atividades do Grupo de Trabalho Comunica\u00e7\u00e3o e Arte da ADUFPB ser\u00e3o retomadas a partir desta quinta-feira (3). A reuni\u00e3o ser\u00e1 realizada no Terra\u00e7o Cultural da sede administrativa da entidade, no Centro de Viv\u00eancia do campus I, a partir das 13h30. Al\u00e9m de marcar o processo de recomposi\u00e7\u00e3o do GT, o encontro visa discutir pol\u00edticas p\u00fablicas voltadas para a valoriza\u00e7\u00e3o da arte e cultura e debater estrat\u00e9gias de comunica\u00e7\u00e3o com a comunidade acad\u00eamica e a sociedade.<\/p>\n<p>Entre as propostas que ser\u00e3o debatidas est\u00e3o a implementa\u00e7\u00e3o de a\u00e7\u00f5es educativo-culturais voltadas aos docentes filiados, o mapeamento e a divulga\u00e7\u00e3o de atividades culturais promovidas por professores da UFPB, bem como a promo\u00e7\u00e3o de eventos art\u00edsticos como m\u00fasica, teatro, dan\u00e7a, saraus e artes visuais.<\/p>\n<p>A participa\u00e7\u00e3o ativa dos membros do GTCA em eventos culturais promovidos pelo sindicato e em reuni\u00f5es locais, regionais e nacionais tamb\u00e9m ser\u00e1 uma das prioridades discutidas. Esses encontros t\u00eam como objetivo fortalecer a articula\u00e7\u00e3o entre os docentes e os movimentos culturais.<\/p>\n<p>No \u00e2mbito da comunica\u00e7\u00e3o, o grupo debater\u00e1 a pol\u00edtica de comunica\u00e7\u00e3o da ADUFPB, com foco nas formas de intera\u00e7\u00e3o com a comunidade acad\u00eamica. Entre as propostas est\u00e3o o fortalecimento da presen\u00e7a digital do sindicato por meio de m\u00eddias sociais, o uso de v\u00eddeos com tradu\u00e7\u00e3o em libras e o aprimoramento das ferramentas de comunica\u00e7\u00e3o.<\/p>\n<p>A reuni\u00e3o tamb\u00e9m abordar\u00e1 a import\u00e2ncia de refor\u00e7ar a campanha de sindicaliza\u00e7\u00e3o e sensibiliza\u00e7\u00e3o sobre o papel do sindicato, al\u00e9m de destacar a necessidade de engajamento em campanhas importantes como a \u201cSou Docente Antirracista\u201d e o combate ao feminic\u00eddio, esta \u00faltima em parceria com o Movimento Mulheres em Resist\u00eancia (MER).<\/p>\n<p>Os membros do GTCA devem discutir a participa\u00e7\u00e3o na 2\u00aa Reuni\u00e3o Nacional do GTCA do Andes &#8211; Sindicato Nacional, marcada para os dias 9 e 10 de novembro de 2024, na Universidade do Estado do Rio de Janeiro (UERJ), assim como do III Congresso Mundial contra o Neoliberalismo, que ocorrer\u00e1 simultaneamente. Esses eventos ser\u00e3o oportunidades para o fortalecimento das lutas sindicais e culturais, ampliando o di\u00e1logo entre diversas institui\u00e7\u00f5es de ensino do pa\u00eds.<\/p>\n<p>A reuni\u00e3o do GTCA demonstrar\u00e1 o compromisso em fomentar a cultura e melhorar a comunica\u00e7\u00e3o com os docentes, refor\u00e7ando a import\u00e2ncia da articula\u00e7\u00e3o coletiva em prol de uma universidade mais inclusiva e participativa. Comp\u00f5em o GTCA as professoras Elisangela de Oliveira Inacio (diretora de Divulga\u00e7\u00e3o e Comunica\u00e7\u00e3o) e Carla Pereira dos Santos (diretora Cultural), e os professores Saulo Emmanuel Vieira Maciel (diretor da Secretaria Adjunta do Litoral Norte) e Leonildo Santos do Nascimento J\u00fanior (suplente da Secretaria Geral).<\/p>\n<p><strong>AGENDE-SE<\/strong><\/p>\n<p><em><strong>Reuni\u00e3o do Grupo de Trabalho Comunica\u00e7\u00e3o e Cultura (GTCA) da ADUFPB<\/strong><\/em><\/p>\n<p><strong>Local<\/strong>: Terra\u00e7o da Sede ADUFPB<span style=\"font-size: 14px;\"><br \/>\n<\/span><\/p>\n<p><strong>Data<\/strong>: 03\/10\/2024 Hor\u00e1rio: 13h30<\/p>\n<p><strong>Pauta<\/strong>: Recomposi\u00e7\u00e3o do GTCA da ADUFPB<\/p>\n<p><strong>ARTE E CULTURA<\/strong><span style=\"font-size: 14px;\"><br \/>\n<\/span><\/p>\n<p>\u2022 Discutir pol\u00edticas p\u00fablicas de valoriza\u00e7\u00e3o da arte e cultura;<\/p>\n<p>\u2022 Implementa\u00e7\u00e3o de a\u00e7\u00f5es educativo-culturais para docentes filiados;<\/p>\n<p>\u2022 Mapeamento e divulga\u00e7\u00e3o dos grupos, a\u00e7\u00f5es, projetos e atividades culturais existentes na UFPB, coordenadas por docentes filiados;<\/p>\n<p>\u2022 Promo\u00e7\u00e3o de eventos art\u00edsticos e Culturais (m\u00fasica, teatro, dan\u00e7a, sarau, artes visuais, entre outros);<\/p>\n<p>\u2022 Participa\u00e7\u00e3o nas atividades culturais a serem promovidas pelo Sindicato;<\/p>\n<p>\u2022 Participa\u00e7\u00e3o na Reuni\u00f5es locais, regionais e nacionais do GTCA<\/p>\n<p><span style=\"font-size: 14px;\">\u00a0<\/span><\/p>\n<p><strong>COMUNICA\u00c7\u00c3O<\/strong><\/p>\n<p>\u2022 Discutir pol\u00edtica de comunica\u00e7\u00e3o;<\/p>\n<p>\u2022 Debater sobre as formas de comunica\u00e7\u00e3o com a comunidade acad\u00eamica local: comunica\u00e7\u00e3o digital\/ m\u00eddias sociais; as redes e os demais dispositivos de comunica\u00e7\u00e3o do sindicato, inclus\u00e3o de v\u00eddeos com uso de libras;<\/p>\n<p>\u2022 Fortalecimento da Campanha de sindicaliza\u00e7\u00e3o (filia\u00e7\u00e3o) e de sensibiliza\u00e7\u00e3o sobre a import\u00e2ncia do Sindicato;<\/p>\n<p>\u2022 Divulga\u00e7\u00e3o da Campanha \u201cSou docente Antirracista\u201d, e atividades nos Campi;<\/p>\n<p>\u2022 Divulga\u00e7\u00e3o da Campanha de Combate ao Feminic\u00eddio junto com o MER;<\/p>\n<p>\u2022 Participa\u00e7\u00e3o nas atividades de divulga\u00e7\u00e3o de campanhas sindicais do ANDES e da ADUFPB;<\/p>\n<p>\u2022 Participa\u00e7\u00e3o nas Reuni\u00f5es locais, regionais e nacionais do GTCA.<\/p>\n<p>\u2022 Participa\u00e7\u00e3o de membros (Diretoria) do GTCA na 2\u00aa Reuni\u00e3o Nacional do GTCA, dias 9 e 10 de novembro de 2024, na UERJ &#8211; Rio de Janeiro (RJ), e III Congresso Mundial contra o Neoliberalismo (no mesmo per\u00edodo na UERJ).<\/p>\n<p><em>Fonte: Ascom ADUFPB<\/em><\/p>\n<\/div>\n<\/div>\n<\/div>\n<\/div>\n<div class=\"mb-2 flex gap-3 empty:hidden -ml-2\">\n<div class=\"items-center justify-start rounded-xl p-1 flex\">\n<div class=\"flex items-center\">\n<div class=\"flex\"><\/div>\n<div class=\"flex items-center pb-0\"><\/div>\n<\/div>\n<\/div>\n<\/div>\n<\/div>\n<\/div>\n<\/div>\n<\/div>\n","protected":false},"excerpt":{"rendered":"<p>As atividades do Grupo de Trabalho Comunica\u00e7\u00e3o e Arte da ADUFPB ser\u00e3o retomadas a partir desta quinta-feira (3). A reuni\u00e3o ser\u00e1 realizada no Terra\u00e7o Cultural da sede administrativa da entidade, no Centro de Viv\u00eancia do campus I, a partir das 13h30. Al\u00e9m de marcar o processo de recomposi\u00e7\u00e3o do GT, o encontro visa discutir pol\u00edticas&hellip;<\/p>\n","protected":false},"author":3,"featured_media":32381,"comment_status":"closed","ping_status":"closed","sticky":false,"template":"","format":"standard","meta":{"footnotes":""},"categories":[1405,15,417],"tags":[809,410,257,567],"class_list":["post-32375","post","type-post","status-publish","format-standard","has-post-thumbnail","hentry","category-chamada-principal","category-noticias","category-noticias-destaque","tag-comunicacao","tag-cultura","tag-gt","tag-reuniao","category-1405","category-15","category-417","description-off"],"_links":{"self":[{"href":"https:\/\/www.adufpb.org.br\/site\/wp-json\/wp\/v2\/posts\/32375","targetHints":{"allow":["GET"]}}],"collection":[{"href":"https:\/\/www.adufpb.org.br\/site\/wp-json\/wp\/v2\/posts"}],"about":[{"href":"https:\/\/www.adufpb.org.br\/site\/wp-json\/wp\/v2\/types\/post"}],"author":[{"embeddable":true,"href":"https:\/\/www.adufpb.org.br\/site\/wp-json\/wp\/v2\/users\/3"}],"replies":[{"embeddable":true,"href":"https:\/\/www.adufpb.org.br\/site\/wp-json\/wp\/v2\/comments?post=32375"}],"version-history":[{"count":6,"href":"https:\/\/www.adufpb.org.br\/site\/wp-json\/wp\/v2\/posts\/32375\/revisions"}],"predecessor-version":[{"id":32386,"href":"https:\/\/www.adufpb.org.br\/site\/wp-json\/wp\/v2\/posts\/32375\/revisions\/32386"}],"wp:featuredmedia":[{"embeddable":true,"href":"https:\/\/www.adufpb.org.br\/site\/wp-json\/wp\/v2\/media\/32381"}],"wp:attachment":[{"href":"https:\/\/www.adufpb.org.br\/site\/wp-json\/wp\/v2\/media?parent=32375"}],"wp:term":[{"taxonomy":"category","embeddable":true,"href":"https:\/\/www.adufpb.org.br\/site\/wp-json\/wp\/v2\/categories?post=32375"},{"taxonomy":"post_tag","embeddable":true,"href":"https:\/\/www.adufpb.org.br\/site\/wp-json\/wp\/v2\/tags?post=32375"}],"curies":[{"name":"wp","href":"https:\/\/api.w.org\/{rel}","templated":true}]}}