{"id":32365,"date":"2024-09-30T11:28:16","date_gmt":"2024-09-30T14:28:16","guid":{"rendered":"https:\/\/www.adufpb.org.br\/site\/?p=32365"},"modified":"2024-09-30T11:28:16","modified_gmt":"2024-09-30T14:28:16","slug":"nota-de-pesar-jose-loureiro-lopes","status":"publish","type":"post","link":"https:\/\/www.adufpb.org.br\/site\/nota-de-pesar-jose-loureiro-lopes\/","title":{"rendered":"NOTA DE PESAR &#8211; Jos\u00e9 Loureiro Lopes"},"content":{"rendered":"<p style=\"font-weight: 400;\"><span style=\"font-size: 14pt;\"><a class=\"dt-pswp-item\" href=\"https:\/\/www.adufpb.org.br\/site\/wp-content\/uploads\/2024\/09\/jose-loureiro-lopes.png\" data-dt-img-description=\"\" data-large_image_width=\"296\" data-large_image_height=\"354\"><img loading=\"lazy\" decoding=\"async\" class=\"aligncenter size-medium wp-image-32366\" src=\"https:\/\/www.adufpb.org.br\/site\/wp-content\/uploads\/2024\/09\/jose-loureiro-lopes-251x300.png\" alt=\"\" width=\"251\" height=\"300\" srcset=\"https:\/\/www.adufpb.org.br\/site\/wp-content\/uploads\/2024\/09\/jose-loureiro-lopes-251x300.png 251w, https:\/\/www.adufpb.org.br\/site\/wp-content\/uploads\/2024\/09\/jose-loureiro-lopes-250x299.png 250w, https:\/\/www.adufpb.org.br\/site\/wp-content\/uploads\/2024\/09\/jose-loureiro-lopes.png 296w\" sizes=\"auto, (max-width: 251px) 100vw, 251px\" \/><\/a><\/span><\/p>\n<p style=\"font-weight: 400;\"><span style=\"font-size: 14pt;\">A Diretoria Executiva da ADUFPB vem a p\u00fablico manifestar o seu profundo pesar pelo falecimento, ocorrido s\u00e1bado, dia 28 de setembro de 2024, de <strong>JOS\u00c9 LOUREIRO\u00a0<\/strong><strong>LOPES<\/strong>, professor aposentado do Departamento de Fundamenta\u00e7\u00e3o da Educa\u00e7\u00e3o, do Centro de Educa\u00e7\u00e3o, Campus I, da Universidade Federal da Para\u00edba.<\/span><\/p>\n<p style=\"font-weight: 400;\"><span style=\"font-size: 14pt;\">O professor <strong>JOS\u00c9 LOUREIRO\u00a0<\/strong>era s\u00f3cio da ADUFPB desde 25\/05\/1987.<\/span><\/p>\n<p style=\"font-weight: 400;\"><span style=\"font-size: 14pt;\">Aos membros da fam\u00edlia e amigos, nossos sentimentos.<\/span><\/p>\n<p>&nbsp;<\/p>\n<p style=\"font-weight: 400; text-align: center;\"><span style=\"font-size: 14pt;\">Jo\u00e3o Pessoa, 30 de setembro de 2024.<\/span><\/p>\n<p style=\"font-weight: 400; text-align: center;\"><span style=\"font-size: 14pt;\"><strong>DIRETORIA E <\/strong><strong>FUNCION\u00c1RIOS DA ADUFPB<\/strong><\/span><\/p>\n","protected":false},"excerpt":{"rendered":"<p>A Diretoria Executiva da ADUFPB vem a p\u00fablico manifestar o seu profundo pesar pelo falecimento, ocorrido s\u00e1bado, dia 28 de setembro de 2024, de JOS\u00c9 LOUREIRO\u00a0LOPES, professor aposentado do Departamento de Fundamenta\u00e7\u00e3o da Educa\u00e7\u00e3o, do Centro de Educa\u00e7\u00e3o, Campus I, da Universidade Federal da Para\u00edba. O professor JOS\u00c9 LOUREIRO\u00a0era s\u00f3cio da ADUFPB desde 25\/05\/1987. Aos&hellip;<\/p>\n","protected":false},"author":3,"featured_media":32366,"comment_status":"closed","ping_status":"closed","sticky":false,"template":"","format":"standard","meta":{"footnotes":""},"categories":[15,417],"tags":[],"class_list":["post-32365","post","type-post","status-publish","format-standard","has-post-thumbnail","hentry","category-noticias","category-noticias-destaque","category-15","category-417","description-off"],"_links":{"self":[{"href":"https:\/\/www.adufpb.org.br\/site\/wp-json\/wp\/v2\/posts\/32365","targetHints":{"allow":["GET"]}}],"collection":[{"href":"https:\/\/www.adufpb.org.br\/site\/wp-json\/wp\/v2\/posts"}],"about":[{"href":"https:\/\/www.adufpb.org.br\/site\/wp-json\/wp\/v2\/types\/post"}],"author":[{"embeddable":true,"href":"https:\/\/www.adufpb.org.br\/site\/wp-json\/wp\/v2\/users\/3"}],"replies":[{"embeddable":true,"href":"https:\/\/www.adufpb.org.br\/site\/wp-json\/wp\/v2\/comments?post=32365"}],"version-history":[{"count":1,"href":"https:\/\/www.adufpb.org.br\/site\/wp-json\/wp\/v2\/posts\/32365\/revisions"}],"predecessor-version":[{"id":32367,"href":"https:\/\/www.adufpb.org.br\/site\/wp-json\/wp\/v2\/posts\/32365\/revisions\/32367"}],"wp:featuredmedia":[{"embeddable":true,"href":"https:\/\/www.adufpb.org.br\/site\/wp-json\/wp\/v2\/media\/32366"}],"wp:attachment":[{"href":"https:\/\/www.adufpb.org.br\/site\/wp-json\/wp\/v2\/media?parent=32365"}],"wp:term":[{"taxonomy":"category","embeddable":true,"href":"https:\/\/www.adufpb.org.br\/site\/wp-json\/wp\/v2\/categories?post=32365"},{"taxonomy":"post_tag","embeddable":true,"href":"https:\/\/www.adufpb.org.br\/site\/wp-json\/wp\/v2\/tags?post=32365"}],"curies":[{"name":"wp","href":"https:\/\/api.w.org\/{rel}","templated":true}]}}