{"id":32289,"date":"2024-09-20T17:42:50","date_gmt":"2024-09-20T20:42:50","guid":{"rendered":"https:\/\/www.adufpb.org.br\/site\/?p=32289"},"modified":"2024-09-27T11:15:29","modified_gmt":"2024-09-27T14:15:29","slug":"cchla-realiza-mesa-redonda-sobre-capacitismo-em-alusao-ao-dia-nacional-de-luta-da-pessoa-com-deficiencia","status":"publish","type":"post","link":"https:\/\/www.adufpb.org.br\/site\/cchla-realiza-mesa-redonda-sobre-capacitismo-em-alusao-ao-dia-nacional-de-luta-da-pessoa-com-deficiencia\/","title":{"rendered":"CCHLA realiza mesa redonda sobre capacitismo em alus\u00e3o ao Dia Nacional de Luta da Pessoa com Defici\u00eancia"},"content":{"rendered":"<p><a class=\"dt-pswp-item\" href=\"https:\/\/www.adufpb.org.br\/site\/wp-content\/uploads\/2024\/09\/2024.09.23-card-evento-CCHLA.jpeg\" data-dt-img-description=\"\" data-large_image_width=\"1080\" data-large_image_height=\"1080\"><img loading=\"lazy\" decoding=\"async\" class=\"alignright size-medium wp-image-32290\" src=\"https:\/\/www.adufpb.org.br\/site\/wp-content\/uploads\/2024\/09\/2024.09.23-card-evento-CCHLA-300x300.jpeg\" alt=\"\" width=\"300\" height=\"300\" srcset=\"https:\/\/www.adufpb.org.br\/site\/wp-content\/uploads\/2024\/09\/2024.09.23-card-evento-CCHLA-300x300.jpeg 300w, https:\/\/www.adufpb.org.br\/site\/wp-content\/uploads\/2024\/09\/2024.09.23-card-evento-CCHLA-1024x1024.jpeg 1024w, https:\/\/www.adufpb.org.br\/site\/wp-content\/uploads\/2024\/09\/2024.09.23-card-evento-CCHLA-150x150.jpeg 150w, https:\/\/www.adufpb.org.br\/site\/wp-content\/uploads\/2024\/09\/2024.09.23-card-evento-CCHLA-768x768.jpeg 768w, https:\/\/www.adufpb.org.br\/site\/wp-content\/uploads\/2024\/09\/2024.09.23-card-evento-CCHLA-250x250.jpeg 250w, https:\/\/www.adufpb.org.br\/site\/wp-content\/uploads\/2024\/09\/2024.09.23-card-evento-CCHLA.jpeg 1080w\" sizes=\"auto, (max-width: 300px) 100vw, 300px\" \/><\/a>Em comemora\u00e7\u00e3o ao Dia Nacional de Luta da Pessoa com Defici\u00eancia, o Centro de Ci\u00eancias Humanas, Letras e Artes (CCHLA) da Universidade Federal da Para\u00edba (UFPB) promover\u00e1, na pr\u00f3xima segunda-feira (23), \u00e0s 14h, uma mesa redonda intitulada \u201cA UFPB e as M\u00faltiplas Dimens\u00f5es do Capacitismo\u201d. O evento acontecer\u00e1 no audit\u00f3rio 412 do CCHLA e est\u00e1 com inscri\u00e7\u00f5es abertas por meio do SIGEventos UFPB. Os participantes ter\u00e3o direito a certificado.<\/p>\n<p>O debate contar\u00e1 com a presen\u00e7a de quatro especialistas, que abordar\u00e3o diferentes facetas do capacitismo. A deputada estadual e professora do Departamento de Servi\u00e7o Social da UFPB, Cida Ramos, apresentar\u00e1 a palestra \u201cCapacitismo e suas M\u00faltiplas Dimens\u00f5es\u201d. J\u00e1 o professor do curso de Letras Libras da UFPB, \u00c9verton de Lima Silva, falar\u00e1 sobre o tema \u201cSurdez e Preconceito\u201d.<\/p>\n<p>A presidente do Conselho Regional de Servi\u00e7o Social da Para\u00edba (CRESS-PB), Thaisa Vanessa Costa Oliveira, trar\u00e1 a discuss\u00e3o \u201cO Servi\u00e7o Social e a Luta Anticapacitista\u201d. Para finalizar, o coordenador do Comit\u00ea de Inclus\u00e3o e Acessibilidade (CIA) da UFPB, Rafael Paulo de Ata\u00edde Monteiro Melo, tratar\u00e1 da atua\u00e7\u00e3o do CIA dentro da universidade.<\/p>\n<p>A media\u00e7\u00e3o ser\u00e1 realizada por Jeovana Batista de Sousa Nunes, presidente da Comiss\u00e3o Setorial de Acessibilidade e Inclus\u00e3o da DSS UFPB e professora da institui\u00e7\u00e3o.<\/p>\n<p>O evento visa fomentar a reflex\u00e3o e o debate sobre as diversas formas de capacitismo presentes na sociedade, al\u00e9m de destacar as a\u00e7\u00f5es de inclus\u00e3o e acessibilidade promovidas na UFPB.<\/p>\n<p><em>Fonte: Ascom ADUFPB<\/em><\/p>\n","protected":false},"excerpt":{"rendered":"<p>Em comemora\u00e7\u00e3o ao Dia Nacional de Luta da Pessoa com Defici\u00eancia, o Centro de Ci\u00eancias Humanas, Letras e Artes (CCHLA) da Universidade Federal da Para\u00edba (UFPB) promover\u00e1, na pr\u00f3xima segunda-feira (23), \u00e0s 14h, uma mesa redonda intitulada \u201cA UFPB e as M\u00faltiplas Dimens\u00f5es do Capacitismo\u201d. O evento acontecer\u00e1 no audit\u00f3rio 412 do CCHLA e est\u00e1&hellip;<\/p>\n","protected":false},"author":3,"featured_media":32290,"comment_status":"closed","ping_status":"closed","sticky":false,"template":"","format":"standard","meta":{"footnotes":""},"categories":[1405,15,417],"tags":[1710,1713,87,347,1712,1711],"class_list":["post-32289","post","type-post","status-publish","format-standard","has-post-thumbnail","hentry","category-chamada-principal","category-noticias","category-noticias-destaque","tag-anticapacitismo","tag-capacitismo","tag-cchla","tag-dia-de-luta","tag-pcd","tag-pessoa-com-deficiencia","category-1405","category-15","category-417","description-off"],"_links":{"self":[{"href":"https:\/\/www.adufpb.org.br\/site\/wp-json\/wp\/v2\/posts\/32289","targetHints":{"allow":["GET"]}}],"collection":[{"href":"https:\/\/www.adufpb.org.br\/site\/wp-json\/wp\/v2\/posts"}],"about":[{"href":"https:\/\/www.adufpb.org.br\/site\/wp-json\/wp\/v2\/types\/post"}],"author":[{"embeddable":true,"href":"https:\/\/www.adufpb.org.br\/site\/wp-json\/wp\/v2\/users\/3"}],"replies":[{"embeddable":true,"href":"https:\/\/www.adufpb.org.br\/site\/wp-json\/wp\/v2\/comments?post=32289"}],"version-history":[{"count":2,"href":"https:\/\/www.adufpb.org.br\/site\/wp-json\/wp\/v2\/posts\/32289\/revisions"}],"predecessor-version":[{"id":32292,"href":"https:\/\/www.adufpb.org.br\/site\/wp-json\/wp\/v2\/posts\/32289\/revisions\/32292"}],"wp:featuredmedia":[{"embeddable":true,"href":"https:\/\/www.adufpb.org.br\/site\/wp-json\/wp\/v2\/media\/32290"}],"wp:attachment":[{"href":"https:\/\/www.adufpb.org.br\/site\/wp-json\/wp\/v2\/media?parent=32289"}],"wp:term":[{"taxonomy":"category","embeddable":true,"href":"https:\/\/www.adufpb.org.br\/site\/wp-json\/wp\/v2\/categories?post=32289"},{"taxonomy":"post_tag","embeddable":true,"href":"https:\/\/www.adufpb.org.br\/site\/wp-json\/wp\/v2\/tags?post=32289"}],"curies":[{"name":"wp","href":"https:\/\/api.w.org\/{rel}","templated":true}]}}