{"id":32281,"date":"2024-09-19T12:43:44","date_gmt":"2024-09-19T15:43:44","guid":{"rendered":"https:\/\/www.adufpb.org.br\/site\/?p=32281"},"modified":"2024-09-20T18:07:27","modified_gmt":"2024-09-20T21:07:27","slug":"nova-gestao-do-conselho-de-representantes-realiza-1a-reuniao-ordinaria-na-proxima-segunda-feira-23","status":"publish","type":"post","link":"https:\/\/www.adufpb.org.br\/site\/nova-gestao-do-conselho-de-representantes-realiza-1a-reuniao-ordinaria-na-proxima-segunda-feira-23\/","title":{"rendered":"Nova gest\u00e3o do Conselho de Representantes realiza 1\u00aa reuni\u00e3o ordin\u00e1ria na pr\u00f3xima segunda-feira (23)"},"content":{"rendered":"<p><span style=\"font-weight: 400;\"><a class=\"dt-pswp-item\" href=\"https:\/\/www.adufpb.org.br\/site\/wp-content\/uploads\/2024\/09\/2024.09.23-reuniao-ordinaria-do-CR.jpeg\" data-dt-img-description=\"\" data-large_image_width=\"1079\" data-large_image_height=\"1081\"><img loading=\"lazy\" decoding=\"async\" class=\"alignright size-medium wp-image-32282\" src=\"https:\/\/www.adufpb.org.br\/site\/wp-content\/uploads\/2024\/09\/2024.09.23-reuniao-ordinaria-do-CR-300x300.jpeg\" alt=\"\" width=\"300\" height=\"300\" srcset=\"https:\/\/www.adufpb.org.br\/site\/wp-content\/uploads\/2024\/09\/2024.09.23-reuniao-ordinaria-do-CR-300x300.jpeg 300w, https:\/\/www.adufpb.org.br\/site\/wp-content\/uploads\/2024\/09\/2024.09.23-reuniao-ordinaria-do-CR-1022x1024.jpeg 1022w, https:\/\/www.adufpb.org.br\/site\/wp-content\/uploads\/2024\/09\/2024.09.23-reuniao-ordinaria-do-CR-150x150.jpeg 150w, https:\/\/www.adufpb.org.br\/site\/wp-content\/uploads\/2024\/09\/2024.09.23-reuniao-ordinaria-do-CR-768x769.jpeg 768w, https:\/\/www.adufpb.org.br\/site\/wp-content\/uploads\/2024\/09\/2024.09.23-reuniao-ordinaria-do-CR-250x250.jpeg 250w, https:\/\/www.adufpb.org.br\/site\/wp-content\/uploads\/2024\/09\/2024.09.23-reuniao-ordinaria-do-CR.jpeg 1079w\" sizes=\"auto, (max-width: 300px) 100vw, 300px\" \/><\/a>O Conselho de Representantes da ADUFPB realiza na pr\u00f3xima segunda-feira (23) a primeira reuni\u00e3o ordin\u00e1ria da nova gest\u00e3o (2024\/2026). A atividade ocorrer\u00e1 na sede administrativa do sindicato, localizada no Centro de Viv\u00eancia do campus I, em Jo\u00e3o Pessoa, a partir das 15h.<\/span><\/p>\n<p><span style=\"font-weight: 400;\">Entre os pontos da pauta est\u00e1 a instala\u00e7\u00e3o dos trabalhos do conselho, a atualiza\u00e7\u00e3o da Comiss\u00e3o de An\u00e1lise da Presta\u00e7\u00e3o de Contas e o repasse de informa\u00e7\u00f5es sobre os Grupos de Trabalho da ADUFPB e o sobre o Comit\u00ea Mulheres em Resist\u00eancia.<\/span><\/p>\n<p><span style=\"font-weight: 400;\">A nova forma\u00e7\u00e3o do Conselho de Representantes da ADUFPB conta com 62 membros, sendo 31 titulares e 31 suplentes. Eles representam os diversos centros de ensino da UFPB e t\u00eam entre as principais compet\u00eancias formular pol\u00edticas gerais e espec\u00edficas da se\u00e7\u00e3o sindical, elaborar documentos b\u00e1sicos sobre problemas de interesse dos sindicalizados e encaminhar sugest\u00f5es aos outros \u00f3rg\u00e3os da entidade.<\/span><\/p>\n<p><span style=\"font-weight: 400;\">Eleitos no dia 10 de julho, juntamente com a nova Diretoria Executiva da ADUFPB, os novos conselheiros foram empossados no dia 16 de agosto, ocasi\u00e3o em que elegeram a professora Sandra Luna como coordenadora do \u00f3rg\u00e3o deliberativo e a professora Edmery Tavares Barbosa (CCSA) como secret\u00e1ria.<\/span><\/p>\n<p><b>AGENDE-SE<\/b><\/p>\n<p><b><i>Reuni\u00e3o ordin\u00e1ria do Conselho de Representantes da ADUFPB<\/i><\/b><\/p>\n<p><b>Data: <\/b><span style=\"font-weight: 400;\">23\/9 (segunda-feira)<\/span><\/p>\n<p><b>Hor\u00e1rio:<\/b><span style=\"font-weight: 400;\"> 15h<\/span><\/p>\n<p><b>Local:<\/b><span style=\"font-weight: 400;\"> Sede da ADUFPB, no Centro de Viv\u00eancia do campus I<\/span><\/p>\n<p><b>Pauta:<\/b><\/p>\n<ol>\n<li style=\"font-weight: 400;\" aria-level=\"1\"><span style=\"font-weight: 400;\">Informes;<\/span><\/li>\n<li style=\"font-weight: 400;\" aria-level=\"1\"><span style=\"font-weight: 400;\">Instala\u00e7\u00e3o dos trabalhos do Conselho<\/span><\/li>\n<li style=\"font-weight: 400;\" aria-level=\"1\"><span style=\"font-weight: 400;\">Atualiza\u00e7\u00e3o da Comiss\u00e3o de An\u00e1lise da Presta\u00e7\u00e3o de Contas;<\/span><\/li>\n<li style=\"font-weight: 400;\" aria-level=\"1\"><span style=\"font-weight: 400;\">Informa\u00e7\u00f5es sobre os GTs da ADUFPB e o Comit\u00ea Mulheres em Resist\u00eancia;<\/span><\/li>\n<li style=\"font-weight: 400;\" aria-level=\"1\"><span style=\"font-weight: 400;\">Outros;<\/span><\/li>\n<li style=\"font-weight: 400;\" aria-level=\"1\"><span style=\"font-weight: 400;\">Encaminhamentos.<\/span><\/li>\n<\/ol>\n<p><em>Fonte: Ascom ADUFPB<\/em><\/p>\n","protected":false},"excerpt":{"rendered":"<p>O Conselho de Representantes da ADUFPB realiza na pr\u00f3xima segunda-feira (23) a primeira reuni\u00e3o ordin\u00e1ria da nova gest\u00e3o (2024\/2026). A atividade ocorrer\u00e1 na sede administrativa do sindicato, localizada no Centro de Viv\u00eancia do campus I, em Jo\u00e3o Pessoa, a partir das 15h. Entre os pontos da pauta est\u00e1 a instala\u00e7\u00e3o dos trabalhos do conselho, a&hellip;<\/p>\n","protected":false},"author":3,"featured_media":32282,"comment_status":"closed","ping_status":"closed","sticky":false,"template":"","format":"standard","meta":{"footnotes":""},"categories":[1405,15,417],"tags":[141,567],"class_list":["post-32281","post","type-post","status-publish","format-standard","has-post-thumbnail","hentry","category-chamada-principal","category-noticias","category-noticias-destaque","tag-conselho-de-representantes","tag-reuniao","category-1405","category-15","category-417","description-off"],"_links":{"self":[{"href":"https:\/\/www.adufpb.org.br\/site\/wp-json\/wp\/v2\/posts\/32281","targetHints":{"allow":["GET"]}}],"collection":[{"href":"https:\/\/www.adufpb.org.br\/site\/wp-json\/wp\/v2\/posts"}],"about":[{"href":"https:\/\/www.adufpb.org.br\/site\/wp-json\/wp\/v2\/types\/post"}],"author":[{"embeddable":true,"href":"https:\/\/www.adufpb.org.br\/site\/wp-json\/wp\/v2\/users\/3"}],"replies":[{"embeddable":true,"href":"https:\/\/www.adufpb.org.br\/site\/wp-json\/wp\/v2\/comments?post=32281"}],"version-history":[{"count":1,"href":"https:\/\/www.adufpb.org.br\/site\/wp-json\/wp\/v2\/posts\/32281\/revisions"}],"predecessor-version":[{"id":32283,"href":"https:\/\/www.adufpb.org.br\/site\/wp-json\/wp\/v2\/posts\/32281\/revisions\/32283"}],"wp:featuredmedia":[{"embeddable":true,"href":"https:\/\/www.adufpb.org.br\/site\/wp-json\/wp\/v2\/media\/32282"}],"wp:attachment":[{"href":"https:\/\/www.adufpb.org.br\/site\/wp-json\/wp\/v2\/media?parent=32281"}],"wp:term":[{"taxonomy":"category","embeddable":true,"href":"https:\/\/www.adufpb.org.br\/site\/wp-json\/wp\/v2\/categories?post=32281"},{"taxonomy":"post_tag","embeddable":true,"href":"https:\/\/www.adufpb.org.br\/site\/wp-json\/wp\/v2\/tags?post=32281"}],"curies":[{"name":"wp","href":"https:\/\/api.w.org\/{rel}","templated":true}]}}