{"id":32158,"date":"2024-08-26T10:34:09","date_gmt":"2024-08-26T13:34:09","guid":{"rendered":"https:\/\/www.adufpb.org.br\/site\/?p=32158"},"modified":"2024-08-29T09:32:05","modified_gmt":"2024-08-29T12:32:05","slug":"fest-aruanda-tem-mostra-em-los-angeles-e-na-san-diego-state-university-california-eua","status":"publish","type":"post","link":"https:\/\/www.adufpb.org.br\/site\/fest-aruanda-tem-mostra-em-los-angeles-e-na-san-diego-state-university-california-eua\/","title":{"rendered":"Fest Aruanda tem mostra em Los Angeles e na San Diego State University (Calif\u00f3rnia\/EUA)"},"content":{"rendered":"<p><a class=\"dt-pswp-item\" href=\"https:\/\/www.adufpb.org.br\/site\/wp-content\/uploads\/2024\/08\/2024.08-Fest-Aruanda.jpg\" data-dt-img-description=\"\" data-large_image_width=\"623\" data-large_image_height=\"779\"><img loading=\"lazy\" decoding=\"async\" class=\"alignright size-medium wp-image-32162\" src=\"https:\/\/www.adufpb.org.br\/site\/wp-content\/uploads\/2024\/08\/2024.08-Fest-Aruanda-240x300.jpg\" alt=\"\" width=\"240\" height=\"300\" srcset=\"https:\/\/www.adufpb.org.br\/site\/wp-content\/uploads\/2024\/08\/2024.08-Fest-Aruanda-240x300.jpg 240w, https:\/\/www.adufpb.org.br\/site\/wp-content\/uploads\/2024\/08\/2024.08-Fest-Aruanda-250x313.jpg 250w, https:\/\/www.adufpb.org.br\/site\/wp-content\/uploads\/2024\/08\/2024.08-Fest-Aruanda.jpg 623w\" sizes=\"auto, (max-width: 240px) 100vw, 240px\" \/><\/a>A \u00faltima semana de agosto reserva uma celebra\u00e7\u00e3o especial para o cinema paraibano que estar\u00e1 em cartaz em dois eventos programados para os dias 27 e 29, respectivamente em Los Angeles, e no campus da San Diego State University, na Calif\u00f3rnia. Tudo isso sob a chancela do Festival Aruanda do Audiovisual Brasileiro que esse ano chega \u00e0 sua d\u00e9cima nona edi\u00e7\u00e3o. Convidado da institui\u00e7\u00e3o acad\u00eamica estadunidense, o professor do Departamento de M\u00eddias Digitais da Universidade Federal da Para\u00edba (UFPB), L\u00facio Vilar, produtor e curador do mais antigo festival paraibano, se far\u00e1 presente nessa viagem de interc\u00e2mbio para exibi\u00e7\u00f5es especiais, debates e para oficilizar uma pol\u00edtica de coopera\u00e7\u00e3o entre as duas universidades. Ambas as a\u00e7\u00f5es t\u00eam o selo do Centro de Estudos Brasileiros Behner Stiefel, atrav\u00e9s da docente Kristal Bivona (Phd), da American Cinematheque e do Consulado Geral do Brasil, em Los Angeles nos Estados Unidos.<\/p>\n<p>A Mostra Aruanda Los Angeles\/San Diego ocorre no tradicional cinema de rua \u2018Los Feliz 3\u2019 (fundado em 1934), em que ser\u00e3o exibidos os seguintes filmes: a premiada anima\u00e7\u00e3o paraibana \u2018Era Uma Noite de S\u00e3o Jo\u00e3o\u2019, da estreante Bruna Velden, e o longa-metragem \u2018Desvio\u2019, do cineasta e professor universit\u00e1rio (CCTA-UFPB), Arthur Lins, vencedor do Fest Aruanda 2019. Haver\u00e1 debate logo em seguida sobre essas produ\u00e7\u00f5es que s\u00e3o express\u00e3o do que ficou conhecido como \u2018primavera do cinema paraibano\u2019, dada a quantidade de filmes produzidos e lan\u00e7ados entre 2018\/2019, sobretudo de longas ficcionais.<\/p>\n<p>Em San Diego, ser\u00e3o exibidos fragmentos do primeiro longa-metragem (\u2018silencioso\u2019) produzido por Walfredo Rodriguez na Para\u00edba, \u2018Carnaval Paraibano e Pernambucano\u2019, de 1923, localizado na Cinemateca Brasileira em 2015, e telecinado a partir de pesquisa e tese de doutorado defendida pelo professor L\u00facio Vilar na Escola de Comunica\u00e7\u00f5es e Artes da Universidade de S\u00e3o Paulo (ECA-USP).<\/p>\n<p>Al\u00e9m desse evento, Vilar dever\u00e1 fechar parceria para que filmes de realizadores (curtas-metragistas) do curso de cinema da San Diego State University participem de uma mostra especial no Fest Aruanda deste ano, agendado para o per\u00edodo de 5 a 11 de dezembro.<\/p>\n<p>\u201cSer\u00e1 o momento de coroamenteo e materializa\u00e7\u00e3o de um protocolo de inten\u00e7\u00f5es que foi assinado em 2022 entre a UFPB, via Fest Aruanda, e a San Diego State University, atrav\u00e9s de \u2018ponte\u2019 feita pela profa dra Kristal Bivona. Abrimos uma nova janela no interc\u00e2mbio audiovisual que contar\u00e1, em dezembro, com filmes da institui\u00e7\u00e3o estadunidense no Fest Aruanda, redimensionando seu car\u00e1ter internacional\u201d, sintetizou o produtor do Fest Aruanda.<\/p>\n<div id=\"attachment_32159\" style=\"width: 590px\" class=\"wp-caption aligncenter\"><a class=\"dt-pswp-item\" href=\"https:\/\/www.adufpb.org.br\/site\/wp-content\/uploads\/2024\/08\/2024.08-Fest-Aruanda-Kristal-Bivona-San-Diego-State-University.jpg\" data-dt-img-description=\"Kristal Bivona (San Diego State University)\" data-large_image_width=\"580\" data-large_image_height=\"360\"><img loading=\"lazy\" decoding=\"async\" aria-describedby=\"caption-attachment-32159\" class=\"wp-image-32159 size-medium\" src=\"https:\/\/www.adufpb.org.br\/site\/wp-content\/uploads\/2024\/08\/2024.08-Fest-Aruanda-Kristal-Bivona-San-Diego-State-University-300x186.jpg\" alt=\"\" width=\"300\" height=\"186\" srcset=\"https:\/\/www.adufpb.org.br\/site\/wp-content\/uploads\/2024\/08\/2024.08-Fest-Aruanda-Kristal-Bivona-San-Diego-State-University-300x186.jpg 300w, https:\/\/www.adufpb.org.br\/site\/wp-content\/uploads\/2024\/08\/2024.08-Fest-Aruanda-Kristal-Bivona-San-Diego-State-University-250x155.jpg 250w, https:\/\/www.adufpb.org.br\/site\/wp-content\/uploads\/2024\/08\/2024.08-Fest-Aruanda-Kristal-Bivona-San-Diego-State-University.jpg 580w\" sizes=\"auto, (max-width: 300px) 100vw, 300px\" \/><\/a><p id=\"caption-attachment-32159\" class=\"wp-caption-text\">Kristal Bivona (San Diego State University)<\/p><\/div>\n<p>\u201cN\u00f3s da Universidade Estadual de San Diego estamos muito empolgados com esses novos passos na parceria com a UFPB e o Fest Aruanda. O interc\u00e2mbio audiovisual \u00e9 uma ferramenta importante na troca de culturas e saberes. Que incr\u00edvel poder trazer o audiovisual da Para\u00edba para California e que oportunidade bela poder exibir cinema dos estudantes da SDSU na pr\u00f3xima edi\u00e7\u00e3o do festival!\u201d.<\/p>\n<p><strong>Mariana Benevides (Vice-C\u00f4nsul do Brasil em Los Angeles)<\/strong><\/p>\n<p>\u201cNo dia 27 de agosto, em parceria com o Consulado-Geral do Brasil em Los Angeles e com o Behner Stiefel Center for Brazilian Studies da San Diego State University, a American Cinematheque exibir\u00e1 a &#8220;Mostra festival Aruanda&#8221; com os filmes &#8220;Desvio&#8221; e &#8220;Era uma noite de S\u00e3o Jo\u00e3o&#8221;, ambos premiados no festival de cinema da Para\u00edba &#8220;Fest Aruanda&#8221;. A mostra acontecer\u00e1 na slaa de Los Feliz a partir das 19h e contar\u00e1 com a presen\u00e7a de L\u00facio Vilar, curador e diretor art\u00edstico do festival Aruanda. O festival, realizado h\u00e1 19 anos na Para\u00edba, destaca produ\u00e7\u00f5es cinematogr\u00e1ficas regionais do nordeste brasileiro.\u201d<\/p>\n<div id=\"attachment_32160\" style=\"width: 306px\" class=\"wp-caption aligncenter\"><a class=\"dt-pswp-item\" href=\"https:\/\/www.adufpb.org.br\/site\/wp-content\/uploads\/2024\/08\/2024.08-Fest-Aruanda-Arthur-Lins-diretor-do-longa-metragem-Desvio.jpg\" data-dt-img-description=\"Arthur Lins (diretor do longa-metragem \u2018Desvio\u2019)\" data-large_image_width=\"296\" data-large_image_height=\"300\"><img loading=\"lazy\" decoding=\"async\" aria-describedby=\"caption-attachment-32160\" class=\"size-full wp-image-32160\" src=\"https:\/\/www.adufpb.org.br\/site\/wp-content\/uploads\/2024\/08\/2024.08-Fest-Aruanda-Arthur-Lins-diretor-do-longa-metragem-Desvio.jpg\" alt=\"\" width=\"296\" height=\"300\" srcset=\"https:\/\/www.adufpb.org.br\/site\/wp-content\/uploads\/2024\/08\/2024.08-Fest-Aruanda-Arthur-Lins-diretor-do-longa-metragem-Desvio.jpg 296w, https:\/\/www.adufpb.org.br\/site\/wp-content\/uploads\/2024\/08\/2024.08-Fest-Aruanda-Arthur-Lins-diretor-do-longa-metragem-Desvio-250x253.jpg 250w\" sizes=\"auto, (max-width: 296px) 100vw, 296px\" \/><\/a><p id=\"caption-attachment-32160\" class=\"wp-caption-text\">Arthur Lins (diretor do longa-metragem \u2018Desvio\u2019)<\/p><\/div>\n<p>\u201cA exibi\u00e7\u00e3o do \u2018Desvio\u2019 em um cinema de Los Angeles fortalece o processo de internacionaliza\u00e7\u00e3o do cinema paraibano. Motivados por pol\u00edticas p\u00fablicas e pelo fortalecimento profissional do setor, tivemos nos \u00faltimos anos um avan\u00e7o nas produ\u00e7\u00f5es audiovisuais do Estado. O pr\u00f3ximo passo \u00e9 este de ampliarmos nossas janelas de exibi\u00e7\u00e3o. Neste sentido, a sess\u00e3o promovida pelo Fest Aruanda \u00e9 importante tamb\u00e9m na medida em que fortalece o v\u00ednculo do festival com a produ\u00e7\u00e3o local e abre uma nova perspectiva de interc\u00e2mbio cultural\u201d.<\/p>\n<div id=\"attachment_32161\" style=\"width: 239px\" class=\"wp-caption aligncenter\"><a class=\"dt-pswp-item\" href=\"https:\/\/www.adufpb.org.br\/site\/wp-content\/uploads\/2024\/08\/2024.08-Fest-Aruanda-Bruna-Velden-diretora-da-animacao-Era-Uma-Noite-de-Sao-Joao.jpg\" data-dt-img-description=\"Bruna Velden (diretora da anima\u00e7\u00e3o \u2018Era Uma Noite de S\u00e3o Jo\u00e3o\u2019)\" data-large_image_width=\"229\" data-large_image_height=\"344\"><img loading=\"lazy\" decoding=\"async\" aria-describedby=\"caption-attachment-32161\" class=\"size-medium wp-image-32161\" src=\"https:\/\/www.adufpb.org.br\/site\/wp-content\/uploads\/2024\/08\/2024.08-Fest-Aruanda-Bruna-Velden-diretora-da-animacao-Era-Uma-Noite-de-Sao-Joao-200x300.jpg\" alt=\"\" width=\"200\" height=\"300\" srcset=\"https:\/\/www.adufpb.org.br\/site\/wp-content\/uploads\/2024\/08\/2024.08-Fest-Aruanda-Bruna-Velden-diretora-da-animacao-Era-Uma-Noite-de-Sao-Joao-200x300.jpg 200w, https:\/\/www.adufpb.org.br\/site\/wp-content\/uploads\/2024\/08\/2024.08-Fest-Aruanda-Bruna-Velden-diretora-da-animacao-Era-Uma-Noite-de-Sao-Joao.jpg 229w\" sizes=\"auto, (max-width: 200px) 100vw, 200px\" \/><\/a><p id=\"caption-attachment-32161\" class=\"wp-caption-text\">Bruna Velden (diretora da anima\u00e7\u00e3o \u2018Era Uma Noite de S\u00e3o Jo\u00e3o\u2019)<\/p><\/div>\n<p>\u201cO Fest Aruanda conseguiu a fa\u00e7anha de levar uma anima\u00e7\u00e3o paraibana independente para a terra dos maiores est\u00fadios de anima\u00e7\u00e3o do mundo&#8230; Muito ansiosa pra ver como vai ser essa troca cultural.&#8221;<\/p>\n<p><em>Fonte: Assessoria<\/em><\/p>\n","protected":false},"excerpt":{"rendered":"<p>A \u00faltima semana de agosto reserva uma celebra\u00e7\u00e3o especial para o cinema paraibano que estar\u00e1 em cartaz em dois eventos programados para os dias 27 e 29, respectivamente em Los Angeles, e no campus da San Diego State University, na Calif\u00f3rnia. Tudo isso sob a chancela do Festival Aruanda do Audiovisual Brasileiro que esse ano&hellip;<\/p>\n","protected":false},"author":3,"featured_media":32162,"comment_status":"closed","ping_status":"closed","sticky":false,"template":"","format":"standard","meta":{"footnotes":""},"categories":[1405,15,417],"tags":[1594],"class_list":["post-32158","post","type-post","status-publish","format-standard","has-post-thumbnail","hentry","category-chamada-principal","category-noticias","category-noticias-destaque","tag-fest-aruanda","category-1405","category-15","category-417","description-off"],"_links":{"self":[{"href":"https:\/\/www.adufpb.org.br\/site\/wp-json\/wp\/v2\/posts\/32158","targetHints":{"allow":["GET"]}}],"collection":[{"href":"https:\/\/www.adufpb.org.br\/site\/wp-json\/wp\/v2\/posts"}],"about":[{"href":"https:\/\/www.adufpb.org.br\/site\/wp-json\/wp\/v2\/types\/post"}],"author":[{"embeddable":true,"href":"https:\/\/www.adufpb.org.br\/site\/wp-json\/wp\/v2\/users\/3"}],"replies":[{"embeddable":true,"href":"https:\/\/www.adufpb.org.br\/site\/wp-json\/wp\/v2\/comments?post=32158"}],"version-history":[{"count":1,"href":"https:\/\/www.adufpb.org.br\/site\/wp-json\/wp\/v2\/posts\/32158\/revisions"}],"predecessor-version":[{"id":32163,"href":"https:\/\/www.adufpb.org.br\/site\/wp-json\/wp\/v2\/posts\/32158\/revisions\/32163"}],"wp:featuredmedia":[{"embeddable":true,"href":"https:\/\/www.adufpb.org.br\/site\/wp-json\/wp\/v2\/media\/32162"}],"wp:attachment":[{"href":"https:\/\/www.adufpb.org.br\/site\/wp-json\/wp\/v2\/media?parent=32158"}],"wp:term":[{"taxonomy":"category","embeddable":true,"href":"https:\/\/www.adufpb.org.br\/site\/wp-json\/wp\/v2\/categories?post=32158"},{"taxonomy":"post_tag","embeddable":true,"href":"https:\/\/www.adufpb.org.br\/site\/wp-json\/wp\/v2\/tags?post=32158"}],"curies":[{"name":"wp","href":"https:\/\/api.w.org\/{rel}","templated":true}]}}