{"id":32154,"date":"2024-08-26T10:41:49","date_gmt":"2024-08-26T13:41:49","guid":{"rendered":"https:\/\/www.adufpb.org.br\/site\/?p=32154"},"modified":"2024-09-02T11:01:06","modified_gmt":"2024-09-02T14:01:06","slug":"comite-mulheres-em-resistencia-define-planejamento-do-semestre-e-aprova-mocao-de-repudio","status":"publish","type":"post","link":"https:\/\/www.adufpb.org.br\/site\/comite-mulheres-em-resistencia-define-planejamento-do-semestre-e-aprova-mocao-de-repudio\/","title":{"rendered":"Comit\u00ea Mulheres em Resist\u00eancia define planejamento do semestre e aprova mo\u00e7\u00e3o de apoio"},"content":{"rendered":"<p><span style=\"font-weight: 400;\"><a class=\"dt-pswp-item\" href=\"https:\/\/www.adufpb.org.br\/site\/wp-content\/uploads\/2024\/08\/2024.08.22-reuniao-Comite-Mulheres-em-Resistencia.jpeg\" data-dt-img-description=\"\" data-large_image_width=\"1280\" data-large_image_height=\"962\"><img loading=\"lazy\" decoding=\"async\" class=\"alignright size-medium wp-image-32155\" src=\"https:\/\/www.adufpb.org.br\/site\/wp-content\/uploads\/2024\/08\/2024.08.22-reuniao-Comite-Mulheres-em-Resistencia-300x225.jpeg\" alt=\"\" width=\"300\" height=\"225\" srcset=\"https:\/\/www.adufpb.org.br\/site\/wp-content\/uploads\/2024\/08\/2024.08.22-reuniao-Comite-Mulheres-em-Resistencia-300x225.jpeg 300w, https:\/\/www.adufpb.org.br\/site\/wp-content\/uploads\/2024\/08\/2024.08.22-reuniao-Comite-Mulheres-em-Resistencia-1024x770.jpeg 1024w, https:\/\/www.adufpb.org.br\/site\/wp-content\/uploads\/2024\/08\/2024.08.22-reuniao-Comite-Mulheres-em-Resistencia-768x577.jpeg 768w, https:\/\/www.adufpb.org.br\/site\/wp-content\/uploads\/2024\/08\/2024.08.22-reuniao-Comite-Mulheres-em-Resistencia-250x188.jpeg 250w, https:\/\/www.adufpb.org.br\/site\/wp-content\/uploads\/2024\/08\/2024.08.22-reuniao-Comite-Mulheres-em-Resistencia.jpeg 1280w\" sizes=\"auto, (max-width: 300px) 100vw, 300px\" \/><\/a>O Comit\u00ea de Mulheres em Resist\u00eancia da ADUFPB reuniu-se, na \u00faltima quinta-feira (22), para discutir o planejamento das a\u00e7\u00f5es e atividades referentes ao segundo semestre. Entre as delibera\u00e7\u00f5es est\u00e1 a proposta de convidar novas integrantes para o comit\u00ea, com destaque para as docentes dos campi de Bananeiras, Areia e Litoral Norte, dos diversos centros do Campus I e do Conselho de Representantes do sindicato.<\/span><\/p>\n<p><span style=\"font-weight: 400;\">Outro encaminhamento diz respeito \u00e0 realiza\u00e7\u00e3o da primeira atividade do Comit\u00ea Mulheres em Resist\u00eancia no segundo semestre. A previs\u00e3o \u00e9 de que o evento ocorra no campus de Bananeiras, no m\u00eas de novembro. Tamb\u00e9m foi aprovada a proposta de refor\u00e7ar, junto \u00e0 Diretoria, a necessidade de cria\u00e7\u00e3o da planilha com planejamento das reuni\u00f5es dos GTS e Comit\u00eas com o objetivo de evitar choque de hor\u00e1rios e de local.<\/span><\/p>\n<p><span style=\"font-weight: 400;\">Ficou definida, ainda, a realiza\u00e7\u00e3o de uma nova reuni\u00e3o do Comit\u00ea Mulheres em Resist\u00eancia na pr\u00f3xima sexta-feira (30), \u00e0s 16h30, no terra\u00e7o da sede da ADUFPB, no campus I, para construir o planejamento da atividade de Bananeira e \u2060definir a periodicidade da reuni\u00e3o do Comit\u00ea.<\/span><\/p>\n<p><span style=\"font-weight: 400;\">As integrantes do Comit\u00ea tamb\u00e9m aprovaram a elabora\u00e7\u00e3o de uma mo\u00e7\u00e3o de apoio \u00e0s professoras que est\u00e3o sofrendo persegui\u00e7\u00e3o por parte da administra\u00e7\u00e3o da UFPB com a abertura de procedimento investigat\u00f3rio na Pol\u00edcia Civil, numa tentativa de cerceamento da liberdade de express\u00e3o das docentes. Confira o texto abaixo:<\/span><\/p>\n<blockquote>\n<h3><b>Mo\u00e7\u00e3o de apoio do Comit\u00ea Mulheres em Resist\u00eancia da ADUFPB<\/b><\/h3>\n<p><span style=\"font-weight: 400;\">O Comit\u00ea Mulheres em Resist\u00eancia da ADUFPB, ciente do direito constitucional \u00e0 liberdade de express\u00e3o e manifesta\u00e7\u00e3o, vem a p\u00fablico declarar apoio e solidariedade \u00e0s colegas professoras da UFPB <\/span><b>MOJANA VARGAS CORREIA DA SILVA<\/b><span style=\"font-weight: 400;\"> e <\/span><b>MAR\u00cdLIA MEYER BREGALDE<\/b><span style=\"font-weight: 400;\">, v\u00edtimas de persegui\u00e7\u00e3o e constrangimento, denunciadas que foram \u00e0 Pol\u00edcia Federal por parte da Administra\u00e7\u00e3o desta universidade.\u00a0<\/span><\/p>\n<p><span style=\"font-weight: 400;\">\u00c9 inadmiss\u00edvel que docentes desta institui\u00e7\u00e3o sofram intimida\u00e7\u00e3o em consequ\u00eancia de suas posi\u00e7\u00f5es pol\u00edticas.<\/span><\/p>\n<p><span style=\"font-weight: 400;\">Jo\u00e3o Pessoa, 23 de agosto de 2024.<\/span><\/p><\/blockquote>\n<p><em>Fonte: Ascom ADUFPB<\/em><\/p>\n","protected":false},"excerpt":{"rendered":"<p>O Comit\u00ea de Mulheres em Resist\u00eancia da ADUFPB reuniu-se, na \u00faltima quinta-feira (22), para discutir o planejamento das a\u00e7\u00f5es e atividades referentes ao segundo semestre. Entre as delibera\u00e7\u00f5es est\u00e1 a proposta de convidar novas integrantes para o comit\u00ea, com destaque para as docentes dos campi de Bananeiras, Areia e Litoral Norte, dos diversos centros do&hellip;<\/p>\n","protected":false},"author":3,"featured_media":32155,"comment_status":"closed","ping_status":"closed","sticky":false,"template":"","format":"standard","meta":{"footnotes":""},"categories":[1405,15,417],"tags":[1700,567],"class_list":["post-32154","post","type-post","status-publish","format-standard","has-post-thumbnail","hentry","category-chamada-principal","category-noticias","category-noticias-destaque","tag-comite-mulheres-em-resistencia","tag-reuniao","category-1405","category-15","category-417","description-off"],"_links":{"self":[{"href":"https:\/\/www.adufpb.org.br\/site\/wp-json\/wp\/v2\/posts\/32154","targetHints":{"allow":["GET"]}}],"collection":[{"href":"https:\/\/www.adufpb.org.br\/site\/wp-json\/wp\/v2\/posts"}],"about":[{"href":"https:\/\/www.adufpb.org.br\/site\/wp-json\/wp\/v2\/types\/post"}],"author":[{"embeddable":true,"href":"https:\/\/www.adufpb.org.br\/site\/wp-json\/wp\/v2\/users\/3"}],"replies":[{"embeddable":true,"href":"https:\/\/www.adufpb.org.br\/site\/wp-json\/wp\/v2\/comments?post=32154"}],"version-history":[{"count":5,"href":"https:\/\/www.adufpb.org.br\/site\/wp-json\/wp\/v2\/posts\/32154\/revisions"}],"predecessor-version":[{"id":32167,"href":"https:\/\/www.adufpb.org.br\/site\/wp-json\/wp\/v2\/posts\/32154\/revisions\/32167"}],"wp:featuredmedia":[{"embeddable":true,"href":"https:\/\/www.adufpb.org.br\/site\/wp-json\/wp\/v2\/media\/32155"}],"wp:attachment":[{"href":"https:\/\/www.adufpb.org.br\/site\/wp-json\/wp\/v2\/media?parent=32154"}],"wp:term":[{"taxonomy":"category","embeddable":true,"href":"https:\/\/www.adufpb.org.br\/site\/wp-json\/wp\/v2\/categories?post=32154"},{"taxonomy":"post_tag","embeddable":true,"href":"https:\/\/www.adufpb.org.br\/site\/wp-json\/wp\/v2\/tags?post=32154"}],"curies":[{"name":"wp","href":"https:\/\/api.w.org\/{rel}","templated":true}]}}