{"id":32143,"date":"2024-08-20T09:22:03","date_gmt":"2024-08-20T12:22:03","guid":{"rendered":"https:\/\/www.adufpb.org.br\/site\/?p=32143"},"modified":"2024-08-27T09:09:51","modified_gmt":"2024-08-27T12:09:51","slug":"32143-2","status":"publish","type":"post","link":"https:\/\/www.adufpb.org.br\/site\/32143-2\/","title":{"rendered":"Comit\u00ea Mulheres em Resist\u00eancia realiza reuni\u00e3o de planejamento nesta quinta-feira (22)"},"content":{"rendered":"<p><a class=\"dt-pswp-item\" href=\"https:\/\/www.adufpb.org.br\/site\/wp-content\/uploads\/2024\/08\/2024.8.22-reuniao-mulheres-em-resistencia.jpeg\" data-dt-img-description=\"\" data-large_image_width=\"1131\" data-large_image_height=\"1600\"><img loading=\"lazy\" decoding=\"async\" class=\"alignright size-medium wp-image-32144\" src=\"https:\/\/www.adufpb.org.br\/site\/wp-content\/uploads\/2024\/08\/2024.8.22-reuniao-mulheres-em-resistencia-212x300.jpeg\" alt=\"\" width=\"212\" height=\"300\" srcset=\"https:\/\/www.adufpb.org.br\/site\/wp-content\/uploads\/2024\/08\/2024.8.22-reuniao-mulheres-em-resistencia-212x300.jpeg 212w, https:\/\/www.adufpb.org.br\/site\/wp-content\/uploads\/2024\/08\/2024.8.22-reuniao-mulheres-em-resistencia-724x1024.jpeg 724w, https:\/\/www.adufpb.org.br\/site\/wp-content\/uploads\/2024\/08\/2024.8.22-reuniao-mulheres-em-resistencia-768x1086.jpeg 768w, https:\/\/www.adufpb.org.br\/site\/wp-content\/uploads\/2024\/08\/2024.8.22-reuniao-mulheres-em-resistencia-1086x1536.jpeg 1086w, https:\/\/www.adufpb.org.br\/site\/wp-content\/uploads\/2024\/08\/2024.8.22-reuniao-mulheres-em-resistencia-250x354.jpeg 250w, https:\/\/www.adufpb.org.br\/site\/wp-content\/uploads\/2024\/08\/2024.8.22-reuniao-mulheres-em-resistencia.jpeg 1131w\" sizes=\"auto, (max-width: 212px) 100vw, 212px\" \/><\/a>O Comit\u00ea Mulheres em Resist\u00eancia da ADUFPB realiza nesta quinta-feira (22\/8) o planejamento das atividades para o segundo semestre. A reuni\u00e3o ser\u00e1 \u00e0s 15h, na sede da ADUFPB, localizada no Centro de Viv\u00eancia do campus I.\u00a0O Comit\u00ea Mulheres em Resist\u00eancia da ADUFPB foi formado em 2020, como resultado da Semana Mulheres em Resist\u00eancia, iniciativa que surgiu como compromisso de campanha da ent\u00e3o gest\u00e3o do sindicato. O grupo conta com a participa\u00e7\u00e3o de diretoras da entidade e de docentes sindicalizadas, com o intuito de manter a articula\u00e7\u00e3o com os movimentos de mulheres da Para\u00edba e refor\u00e7ar a luta pelas pautas feministas.<\/p>\n<p><span style=\"text-decoration: underline;\"><strong>AGENDE-SE<\/strong><\/span><\/p>\n<p><strong>Reuni\u00e3o do Comit\u00ea Mulheres em Resist\u00eancia<\/strong><\/p>\n<p><strong>Data<\/strong>: quinta-feira, 22 de agosto<\/p>\n<p><strong>Hor\u00e1rio<\/strong>: 15h<\/p>\n<p><strong>Local<\/strong>: Sede da ADUFPB no Centro de Viv\u00eancia do campus I<\/p>\n<p><strong>Pauta<\/strong>:<\/p>\n<ul>\n<li>Informes<\/li>\n<li>Planejamento das atividades para o segundo semestre<\/li>\n<\/ul>\n<p><em>Fonte: Ascom ADUFPB<\/em><\/p>\n","protected":false},"excerpt":{"rendered":"<p>O Comit\u00ea Mulheres em Resist\u00eancia da ADUFPB realiza nesta quinta-feira (22\/8) o planejamento das atividades para o segundo semestre. A reuni\u00e3o ser\u00e1 \u00e0s 15h, na sede da ADUFPB, localizada no Centro de Viv\u00eancia do campus I.\u00a0O Comit\u00ea Mulheres em Resist\u00eancia da ADUFPB foi formado em 2020, como resultado da Semana Mulheres em Resist\u00eancia, iniciativa que&hellip;<\/p>\n","protected":false},"author":3,"featured_media":32144,"comment_status":"closed","ping_status":"closed","sticky":false,"template":"","format":"standard","meta":{"footnotes":""},"categories":[1405,15,417],"tags":[1317],"class_list":["post-32143","post","type-post","status-publish","format-standard","has-post-thumbnail","hentry","category-chamada-principal","category-noticias","category-noticias-destaque","tag-mulheres-em-resistencia","category-1405","category-15","category-417","description-off"],"_links":{"self":[{"href":"https:\/\/www.adufpb.org.br\/site\/wp-json\/wp\/v2\/posts\/32143","targetHints":{"allow":["GET"]}}],"collection":[{"href":"https:\/\/www.adufpb.org.br\/site\/wp-json\/wp\/v2\/posts"}],"about":[{"href":"https:\/\/www.adufpb.org.br\/site\/wp-json\/wp\/v2\/types\/post"}],"author":[{"embeddable":true,"href":"https:\/\/www.adufpb.org.br\/site\/wp-json\/wp\/v2\/users\/3"}],"replies":[{"embeddable":true,"href":"https:\/\/www.adufpb.org.br\/site\/wp-json\/wp\/v2\/comments?post=32143"}],"version-history":[{"count":2,"href":"https:\/\/www.adufpb.org.br\/site\/wp-json\/wp\/v2\/posts\/32143\/revisions"}],"predecessor-version":[{"id":32147,"href":"https:\/\/www.adufpb.org.br\/site\/wp-json\/wp\/v2\/posts\/32143\/revisions\/32147"}],"wp:featuredmedia":[{"embeddable":true,"href":"https:\/\/www.adufpb.org.br\/site\/wp-json\/wp\/v2\/media\/32144"}],"wp:attachment":[{"href":"https:\/\/www.adufpb.org.br\/site\/wp-json\/wp\/v2\/media?parent=32143"}],"wp:term":[{"taxonomy":"category","embeddable":true,"href":"https:\/\/www.adufpb.org.br\/site\/wp-json\/wp\/v2\/categories?post=32143"},{"taxonomy":"post_tag","embeddable":true,"href":"https:\/\/www.adufpb.org.br\/site\/wp-json\/wp\/v2\/tags?post=32143"}],"curies":[{"name":"wp","href":"https:\/\/api.w.org\/{rel}","templated":true}]}}