{"id":31885,"date":"2024-07-17T11:01:10","date_gmt":"2024-07-17T14:01:10","guid":{"rendered":"https:\/\/www.adufpb.org.br\/site\/?p=31885"},"modified":"2024-07-17T11:02:37","modified_gmt":"2024-07-17T14:02:37","slug":"sede-de-bananeiras-em-obras","status":"publish","type":"post","link":"https:\/\/www.adufpb.org.br\/site\/sede-de-bananeiras-em-obras\/","title":{"rendered":"ATEN\u00c7\u00c3O! Sede de Bananeiras em obras"},"content":{"rendered":"<p><img loading=\"lazy\" decoding=\"async\" class=\"aligncenter wp-image-31886 size-full\" src=\"https:\/\/www.adufpb.org.br\/site\/wp-content\/uploads\/2024\/07\/Aviso_Obra_Bananeiras.jpg\" alt=\"\" width=\"899\" height=\"659\" srcset=\"https:\/\/www.adufpb.org.br\/site\/wp-content\/uploads\/2024\/07\/Aviso_Obra_Bananeiras.jpg 899w, https:\/\/www.adufpb.org.br\/site\/wp-content\/uploads\/2024\/07\/Aviso_Obra_Bananeiras-300x220.jpg 300w, https:\/\/www.adufpb.org.br\/site\/wp-content\/uploads\/2024\/07\/Aviso_Obra_Bananeiras-768x563.jpg 768w, https:\/\/www.adufpb.org.br\/site\/wp-content\/uploads\/2024\/07\/Aviso_Obra_Bananeiras-250x183.jpg 250w\" sizes=\"auto, (max-width: 899px) 100vw, 899px\" \/>A sede da <strong>ADUFPB na cidade de Bananeiras<\/strong> est\u00e1 passando por obras. Por conta disso, os servi\u00e7os e atividades est\u00e3o funcionando apenas a parte superior do pr\u00e9dio.<\/p>\n<p>A parte inferior, onde acontece a reforma, fica fechada aos professores at\u00e9 o fim das obras.<\/p>\n","protected":false},"excerpt":{"rendered":"<p>A sede da ADUFPB na cidade de Bananeiras est\u00e1 passando por obras. Por conta disso, os servi\u00e7os e atividades est\u00e3o funcionando apenas a parte superior do pr\u00e9dio. A parte inferior, onde acontece a reforma, fica fechada aos professores at\u00e9 o fim das obras.<\/p>\n","protected":false},"author":8,"featured_media":31886,"comment_status":"closed","ping_status":"closed","sticky":false,"template":"","format":"standard","meta":{"footnotes":""},"categories":[3,4,15,417],"tags":[],"class_list":["post-31885","post","type-post","status-publish","format-standard","has-post-thumbnail","hentry","category-adufpb","category-comunicacao","category-noticias","category-noticias-destaque","category-3","category-4","category-15","category-417","description-off"],"_links":{"self":[{"href":"https:\/\/www.adufpb.org.br\/site\/wp-json\/wp\/v2\/posts\/31885","targetHints":{"allow":["GET"]}}],"collection":[{"href":"https:\/\/www.adufpb.org.br\/site\/wp-json\/wp\/v2\/posts"}],"about":[{"href":"https:\/\/www.adufpb.org.br\/site\/wp-json\/wp\/v2\/types\/post"}],"author":[{"embeddable":true,"href":"https:\/\/www.adufpb.org.br\/site\/wp-json\/wp\/v2\/users\/8"}],"replies":[{"embeddable":true,"href":"https:\/\/www.adufpb.org.br\/site\/wp-json\/wp\/v2\/comments?post=31885"}],"version-history":[{"count":3,"href":"https:\/\/www.adufpb.org.br\/site\/wp-json\/wp\/v2\/posts\/31885\/revisions"}],"predecessor-version":[{"id":31889,"href":"https:\/\/www.adufpb.org.br\/site\/wp-json\/wp\/v2\/posts\/31885\/revisions\/31889"}],"wp:featuredmedia":[{"embeddable":true,"href":"https:\/\/www.adufpb.org.br\/site\/wp-json\/wp\/v2\/media\/31886"}],"wp:attachment":[{"href":"https:\/\/www.adufpb.org.br\/site\/wp-json\/wp\/v2\/media?parent=31885"}],"wp:term":[{"taxonomy":"category","embeddable":true,"href":"https:\/\/www.adufpb.org.br\/site\/wp-json\/wp\/v2\/categories?post=31885"},{"taxonomy":"post_tag","embeddable":true,"href":"https:\/\/www.adufpb.org.br\/site\/wp-json\/wp\/v2\/tags?post=31885"}],"curies":[{"name":"wp","href":"https:\/\/api.w.org\/{rel}","templated":true}]}}