{"id":3185,"date":"2012-05-26T02:07:13","date_gmt":"2012-05-26T06:07:13","guid":{"rendered":"http:\/\/www.adufpb.org.br\/site\/?p=3185"},"modified":"2012-05-26T02:07:13","modified_gmt":"2012-05-26T06:07:13","slug":"docentes-farao-vigilia-e-ato-publico-na-segunda-feira-28","status":"publish","type":"post","link":"https:\/\/www.adufpb.org.br\/site\/docentes-farao-vigilia-e-ato-publico-na-segunda-feira-28\/","title":{"rendered":"Docentes far\u00e3o vig\u00edlia e ato p\u00fablico na segunda-feira (28)"},"content":{"rendered":"<p>Os docentes das institui\u00e7\u00f5es federais em greve devem realizar atos p\u00fablicos e grandes assembl\u00e9ias na pr\u00f3xima segunda-feira (28), quando acontece primeira reuni\u00e3o com o governo ap\u00f3s a deflagra\u00e7\u00e3o da paralisa\u00e7\u00e3o nacional, em 17 de maio.<\/p>\n<p>De acordo com nota divulgada pelo Comando Nacional de Greve (CNG) o dia 28 ser\u00e1 uma data de suma import\u00e2ncia no processo de negocia\u00e7\u00e3o para a reestrutura\u00e7\u00e3o a carreira docente. \u201cTodas as se\u00e7\u00f5es sindicais devem marcar esse dia em vig\u00edlia\u201d, ressalta o CNG.<\/p>\n<p>O comando orienta tamb\u00e9m que os professores realizem atos p\u00fablicos articulados nos estados, preparat\u00f3rios \u00e0 Marcha Unificada dos Servidores P\u00fablicos Federais, que acontece no dia 5 de junho em Bras\u00edlia. As atividades tamb\u00e9m devem servir como forma de ampliar a mobiliza\u00e7\u00e3o e a articula\u00e7\u00e3o estaduais entre as diversas categorias.<\/p>\n<p>As se\u00e7\u00f5es sindicais em greve devem organizar tamb\u00e9m caravanas para garantir uma grande participa\u00e7\u00e3o do ANDES-SN na Marcha, que demonstre a for\u00e7a da greve dos docentes federais.<\/p>\n<p>No dia 5 de junho, acontece tamb\u00e9m uma plen\u00e1ria p\u00fablica e ampliada do F\u00f3rum Nacional das 32 Entidades dos Servidores P\u00fablicos Federais, na Esplanada dos Minist\u00e9rios, quando ser\u00e1 votado o indicativo de greve geral do funcionalismo federal a partir de 11 de junho.<\/p>\n<p>&nbsp;<\/p>\n<p>&nbsp;<\/p>\n<p><em>Fonte: ANDES-SN<\/em><\/p>\n","protected":false},"excerpt":{"rendered":"<p>Os docentes das institui\u00e7\u00f5es federais em greve devem realizar atos p\u00fablicos e grandes assembl\u00e9ias na pr\u00f3xima segunda-feira (28), quando acontece primeira reuni\u00e3o com o governo ap\u00f3s a deflagra\u00e7\u00e3o da paralisa\u00e7\u00e3o nacional, em 17 de maio. De acordo com nota divulgada pelo Comando Nacional de Greve (CNG) o dia 28 ser\u00e1 uma data de suma import\u00e2ncia&hellip;<\/p>\n","protected":false},"author":3,"featured_media":0,"comment_status":"open","ping_status":"open","sticky":false,"template":"","format":"standard","meta":{"footnotes":""},"categories":[15],"tags":[],"class_list":["post-3185","post","type-post","status-publish","format-standard","hentry","category-noticias","category-15","description-off"],"_links":{"self":[{"href":"https:\/\/www.adufpb.org.br\/site\/wp-json\/wp\/v2\/posts\/3185","targetHints":{"allow":["GET"]}}],"collection":[{"href":"https:\/\/www.adufpb.org.br\/site\/wp-json\/wp\/v2\/posts"}],"about":[{"href":"https:\/\/www.adufpb.org.br\/site\/wp-json\/wp\/v2\/types\/post"}],"author":[{"embeddable":true,"href":"https:\/\/www.adufpb.org.br\/site\/wp-json\/wp\/v2\/users\/3"}],"replies":[{"embeddable":true,"href":"https:\/\/www.adufpb.org.br\/site\/wp-json\/wp\/v2\/comments?post=3185"}],"version-history":[{"count":1,"href":"https:\/\/www.adufpb.org.br\/site\/wp-json\/wp\/v2\/posts\/3185\/revisions"}],"predecessor-version":[{"id":3186,"href":"https:\/\/www.adufpb.org.br\/site\/wp-json\/wp\/v2\/posts\/3185\/revisions\/3186"}],"wp:attachment":[{"href":"https:\/\/www.adufpb.org.br\/site\/wp-json\/wp\/v2\/media?parent=3185"}],"wp:term":[{"taxonomy":"category","embeddable":true,"href":"https:\/\/www.adufpb.org.br\/site\/wp-json\/wp\/v2\/categories?post=3185"},{"taxonomy":"post_tag","embeddable":true,"href":"https:\/\/www.adufpb.org.br\/site\/wp-json\/wp\/v2\/tags?post=3185"}],"curies":[{"name":"wp","href":"https:\/\/api.w.org\/{rel}","templated":true}]}}