{"id":31608,"date":"2024-06-12T08:29:01","date_gmt":"2024-06-12T11:29:01","guid":{"rendered":"https:\/\/www.adufpb.org.br\/site\/?p=31608"},"modified":"2024-06-13T08:31:48","modified_gmt":"2024-06-13T11:31:48","slug":"rubens-pinto-lyra-divulga-o-livro-memorias-teoria-e-pratica-de-um-estudioso-da-politica","status":"publish","type":"post","link":"https:\/\/www.adufpb.org.br\/site\/rubens-pinto-lyra-divulga-o-livro-memorias-teoria-e-pratica-de-um-estudioso-da-politica\/","title":{"rendered":"Rubens Pinto Lyra divulga o livro &#8220;Mem\u00f3rias \u2013 Teoria e pr\u00e1tica de um estudioso da pol\u00edtica&#8221;"},"content":{"rendered":"<p><a class=\"dt-pswp-item\" href=\"https:\/\/www.adufpb.org.br\/site\/wp-content\/uploads\/2024\/05\/WhatsApp-Image-2024-05-13-at-15.41.24.jpeg\" data-dt-img-description=\"\" data-large_image_width=\"896\" data-large_image_height=\"1280\"><img loading=\"lazy\" decoding=\"async\" class=\"alignright size-medium wp-image-31335\" src=\"https:\/\/www.adufpb.org.br\/site\/wp-content\/uploads\/2024\/05\/WhatsApp-Image-2024-05-13-at-15.41.24-210x300.jpeg\" alt=\"\" width=\"210\" height=\"300\" srcset=\"https:\/\/www.adufpb.org.br\/site\/wp-content\/uploads\/2024\/05\/WhatsApp-Image-2024-05-13-at-15.41.24-210x300.jpeg 210w, https:\/\/www.adufpb.org.br\/site\/wp-content\/uploads\/2024\/05\/WhatsApp-Image-2024-05-13-at-15.41.24-717x1024.jpeg 717w, https:\/\/www.adufpb.org.br\/site\/wp-content\/uploads\/2024\/05\/WhatsApp-Image-2024-05-13-at-15.41.24-768x1097.jpeg 768w, https:\/\/www.adufpb.org.br\/site\/wp-content\/uploads\/2024\/05\/WhatsApp-Image-2024-05-13-at-15.41.24-250x357.jpeg 250w, https:\/\/www.adufpb.org.br\/site\/wp-content\/uploads\/2024\/05\/WhatsApp-Image-2024-05-13-at-15.41.24.jpeg 896w\" sizes=\"auto, (max-width: 210px) 100vw, 210px\" \/><\/a>O professor Rubens Pinto Lyra acaba de lan\u00e7ar seu mais novo livro, &#8220;Mem\u00f3rias \u2013 Teoria e pr\u00e1tica de um estudioso da pol\u00edtica&#8221;, que re\u00fane d\u00e9cadas de estudo, pesquisa e pr\u00e1tica pol\u00edtica. A obra promete ser uma viagem pela hist\u00f3ria pol\u00edtica do Brasil dos \u00faltimos 65 anos, trazendo uma reflex\u00e3o cr\u00edtica e inconformista sobre o per\u00edodo. A publica\u00e7\u00e3o, que custa R$ 50, pode ser adquirida pela Amazon, nas lojas do Sebo Cultural ou diretamente com o autor, atrav\u00e9s do e-mail rubelyra@uol.com.br ou pelo telefone (83) 99984-6002.<\/p>\n<p>O professor Ricardo Musse, da USP, destaca que o livro \u00e9 movido pela mem\u00f3ria, confrontando lembran\u00e7as com documentos hist\u00f3ricos, transformando-as em uma narrativa ensa\u00edstica que ganha o estatuto de hist\u00f3ria. J\u00e1 o professor Giuseppe Tosi, da UFPB, ressalta o pioneirismo de Pinto Lyra na introdu\u00e7\u00e3o da tem\u00e1tica dos direitos humanos na universidade, tornando-a refer\u00eancia nacional e internacional.<\/p>\n<p>A trajet\u00f3ria do professor Rubens Pinto Lyra \u00e9 marcada pela resist\u00eancia \u00e0 ditadura militar, pela defesa da democracia e pela promo\u00e7\u00e3o dos direitos humanos. Sua atua\u00e7\u00e3o intensa como docente, pesquisador e dirigente de institui\u00e7\u00f5es \u00e9 amplamente reconhecida, refletida nas diversas honrarias que recebeu ao longo de sua carreira.<\/p>\n<p><em>Fonte: Ascom ADUFPB<\/em><\/p>\n","protected":false},"excerpt":{"rendered":"<p>O professor Rubens Pinto Lyra acaba de lan\u00e7ar seu mais novo livro, &#8220;Mem\u00f3rias \u2013 Teoria e pr\u00e1tica de um estudioso da pol\u00edtica&#8221;, que re\u00fane d\u00e9cadas de estudo, pesquisa e pr\u00e1tica pol\u00edtica. A obra promete ser uma viagem pela hist\u00f3ria pol\u00edtica do Brasil dos \u00faltimos 65 anos, trazendo uma reflex\u00e3o cr\u00edtica e inconformista sobre o per\u00edodo.&hellip;<\/p>\n","protected":false},"author":3,"featured_media":31331,"comment_status":"closed","ping_status":"closed","sticky":false,"template":"","format":"standard","meta":{"footnotes":""},"categories":[15,417],"tags":[39,43,1461],"class_list":["post-31608","post","type-post","status-publish","format-standard","has-post-thumbnail","hentry","category-noticias","category-noticias-destaque","tag-lancamento","tag-livro","tag-rubens-pinto-lyra","category-15","category-417","description-off"],"_links":{"self":[{"href":"https:\/\/www.adufpb.org.br\/site\/wp-json\/wp\/v2\/posts\/31608","targetHints":{"allow":["GET"]}}],"collection":[{"href":"https:\/\/www.adufpb.org.br\/site\/wp-json\/wp\/v2\/posts"}],"about":[{"href":"https:\/\/www.adufpb.org.br\/site\/wp-json\/wp\/v2\/types\/post"}],"author":[{"embeddable":true,"href":"https:\/\/www.adufpb.org.br\/site\/wp-json\/wp\/v2\/users\/3"}],"replies":[{"embeddable":true,"href":"https:\/\/www.adufpb.org.br\/site\/wp-json\/wp\/v2\/comments?post=31608"}],"version-history":[{"count":3,"href":"https:\/\/www.adufpb.org.br\/site\/wp-json\/wp\/v2\/posts\/31608\/revisions"}],"predecessor-version":[{"id":31619,"href":"https:\/\/www.adufpb.org.br\/site\/wp-json\/wp\/v2\/posts\/31608\/revisions\/31619"}],"wp:featuredmedia":[{"embeddable":true,"href":"https:\/\/www.adufpb.org.br\/site\/wp-json\/wp\/v2\/media\/31331"}],"wp:attachment":[{"href":"https:\/\/www.adufpb.org.br\/site\/wp-json\/wp\/v2\/media?parent=31608"}],"wp:term":[{"taxonomy":"category","embeddable":true,"href":"https:\/\/www.adufpb.org.br\/site\/wp-json\/wp\/v2\/categories?post=31608"},{"taxonomy":"post_tag","embeddable":true,"href":"https:\/\/www.adufpb.org.br\/site\/wp-json\/wp\/v2\/tags?post=31608"}],"curies":[{"name":"wp","href":"https:\/\/api.w.org\/{rel}","templated":true}]}}