{"id":31462,"date":"2024-06-05T11:49:23","date_gmt":"2024-06-05T14:49:23","guid":{"rendered":"https:\/\/www.adufpb.org.br\/site\/?p=31462"},"modified":"2024-06-07T13:20:14","modified_gmt":"2024-06-07T16:20:14","slug":"adufpb-realiza-arraia-junino-no-campus-de-bananeira","status":"publish","type":"post","link":"https:\/\/www.adufpb.org.br\/site\/adufpb-realiza-arraia-junino-no-campus-de-bananeira\/","title":{"rendered":"ADUFPB realiza &#8220;arrai\u00e1 junino&#8221; no campus de Bananeiras"},"content":{"rendered":"<p>A secretaria da ADUFPB no campus III &#8211; Bananeiras vai virar um grande &#8220;arrai\u00e1 junino&#8221; nesta quinta-feira, 6 de junho. A festa, que come\u00e7a \u00e0s 8h30, \u00e9 aberta a todos(as) os(as) docentes sindicalizados e contar\u00e1 com muita comida t\u00edpica e m\u00fasica regional.<\/p>\n<p>Durante este m\u00eas de junho, professores e professoras ainda ter\u00e3o a oportunidade de dan\u00e7ar muito forr\u00f3 p\u00e9 de serra nos eventos que est\u00e3o sendo programados pela ADUFPB. A tradicional festa junina em Jo\u00e3o Pessoa est\u00e1 programada para acontecer no dia 20, e os detalhes do evento devem ser divulgados nos pr\u00f3ximos dias.<\/p>\n<p><a class=\"dt-pswp-item\" href=\"https:\/\/www.adufpb.org.br\/site\/wp-content\/uploads\/2024\/06\/2024.06.06-sao-joao-bananeiras.jpeg\" data-dt-img-description=\"\" data-large_image_width=\"1080\" data-large_image_height=\"1080\"><img loading=\"lazy\" decoding=\"async\" class=\"aligncenter size-large wp-image-31463\" src=\"https:\/\/www.adufpb.org.br\/site\/wp-content\/uploads\/2024\/06\/2024.06.06-sao-joao-bananeiras-1024x1024.jpeg\" alt=\"\" width=\"1024\" height=\"1024\" srcset=\"https:\/\/www.adufpb.org.br\/site\/wp-content\/uploads\/2024\/06\/2024.06.06-sao-joao-bananeiras-1024x1024.jpeg 1024w, https:\/\/www.adufpb.org.br\/site\/wp-content\/uploads\/2024\/06\/2024.06.06-sao-joao-bananeiras-300x300.jpeg 300w, https:\/\/www.adufpb.org.br\/site\/wp-content\/uploads\/2024\/06\/2024.06.06-sao-joao-bananeiras-150x150.jpeg 150w, https:\/\/www.adufpb.org.br\/site\/wp-content\/uploads\/2024\/06\/2024.06.06-sao-joao-bananeiras-768x768.jpeg 768w, https:\/\/www.adufpb.org.br\/site\/wp-content\/uploads\/2024\/06\/2024.06.06-sao-joao-bananeiras-250x250.jpeg 250w, https:\/\/www.adufpb.org.br\/site\/wp-content\/uploads\/2024\/06\/2024.06.06-sao-joao-bananeiras.jpeg 1080w\" sizes=\"auto, (max-width: 1024px) 100vw, 1024px\" \/><\/a><\/p>\n","protected":false},"excerpt":{"rendered":"<p>A secretaria da ADUFPB no campus III &#8211; Bananeiras vai virar um grande &#8220;arrai\u00e1 junino&#8221; nesta quinta-feira, 6 de junho. A festa, que come\u00e7a \u00e0s 8h30, \u00e9 aberta a todos(as) os(as) docentes sindicalizados e contar\u00e1 com muita comida t\u00edpica e m\u00fasica regional. Durante este m\u00eas de junho, professores e professoras ainda ter\u00e3o a oportunidade de&hellip;<\/p>\n","protected":false},"author":3,"featured_media":31463,"comment_status":"closed","ping_status":"closed","sticky":false,"template":"","format":"standard","meta":{"footnotes":""},"categories":[1405,15,417],"tags":[173,496,161],"class_list":["post-31462","post","type-post","status-publish","format-standard","has-post-thumbnail","hentry","category-chamada-principal","category-noticias","category-noticias-destaque","tag-bananeiras","tag-festa","tag-sao-joao","category-1405","category-15","category-417","description-off"],"_links":{"self":[{"href":"https:\/\/www.adufpb.org.br\/site\/wp-json\/wp\/v2\/posts\/31462","targetHints":{"allow":["GET"]}}],"collection":[{"href":"https:\/\/www.adufpb.org.br\/site\/wp-json\/wp\/v2\/posts"}],"about":[{"href":"https:\/\/www.adufpb.org.br\/site\/wp-json\/wp\/v2\/types\/post"}],"author":[{"embeddable":true,"href":"https:\/\/www.adufpb.org.br\/site\/wp-json\/wp\/v2\/users\/3"}],"replies":[{"embeddable":true,"href":"https:\/\/www.adufpb.org.br\/site\/wp-json\/wp\/v2\/comments?post=31462"}],"version-history":[{"count":2,"href":"https:\/\/www.adufpb.org.br\/site\/wp-json\/wp\/v2\/posts\/31462\/revisions"}],"predecessor-version":[{"id":31466,"href":"https:\/\/www.adufpb.org.br\/site\/wp-json\/wp\/v2\/posts\/31462\/revisions\/31466"}],"wp:featuredmedia":[{"embeddable":true,"href":"https:\/\/www.adufpb.org.br\/site\/wp-json\/wp\/v2\/media\/31463"}],"wp:attachment":[{"href":"https:\/\/www.adufpb.org.br\/site\/wp-json\/wp\/v2\/media?parent=31462"}],"wp:term":[{"taxonomy":"category","embeddable":true,"href":"https:\/\/www.adufpb.org.br\/site\/wp-json\/wp\/v2\/categories?post=31462"},{"taxonomy":"post_tag","embeddable":true,"href":"https:\/\/www.adufpb.org.br\/site\/wp-json\/wp\/v2\/tags?post=31462"}],"curies":[{"name":"wp","href":"https:\/\/api.w.org\/{rel}","templated":true}]}}