{"id":31439,"date":"2024-05-29T19:19:26","date_gmt":"2024-05-29T22:19:26","guid":{"rendered":"https:\/\/www.adufpb.org.br\/site\/?p=31439"},"modified":"2024-06-07T11:00:15","modified_gmt":"2024-06-07T14:00:15","slug":"professores-da-ufpb-entram-em-greve-por-tempo-indeterminado-2","status":"publish","type":"post","link":"https:\/\/www.adufpb.org.br\/site\/professores-da-ufpb-entram-em-greve-por-tempo-indeterminado-2\/","title":{"rendered":"Professores da UFPB entram em greve por tempo indeterminado"},"content":{"rendered":"<p><img loading=\"lazy\" decoding=\"async\" class=\"size-medium wp-image-31441 alignleft\" src=\"https:\/\/www.adufpb.org.br\/site\/wp-content\/uploads\/2024\/05\/WhatsApp-Image-2024-05-29-at-19.18.18-300x225.jpeg\" alt=\"\" width=\"300\" height=\"225\" srcset=\"https:\/\/www.adufpb.org.br\/site\/wp-content\/uploads\/2024\/05\/WhatsApp-Image-2024-05-29-at-19.18.18-300x225.jpeg 300w, https:\/\/www.adufpb.org.br\/site\/wp-content\/uploads\/2024\/05\/WhatsApp-Image-2024-05-29-at-19.18.18-1024x768.jpeg 1024w, https:\/\/www.adufpb.org.br\/site\/wp-content\/uploads\/2024\/05\/WhatsApp-Image-2024-05-29-at-19.18.18-768x576.jpeg 768w, https:\/\/www.adufpb.org.br\/site\/wp-content\/uploads\/2024\/05\/WhatsApp-Image-2024-05-29-at-19.18.18-1536x1152.jpeg 1536w, https:\/\/www.adufpb.org.br\/site\/wp-content\/uploads\/2024\/05\/WhatsApp-Image-2024-05-29-at-19.18.18-250x188.jpeg 250w, https:\/\/www.adufpb.org.br\/site\/wp-content\/uploads\/2024\/05\/WhatsApp-Image-2024-05-29-at-19.18.18.jpeg 1600w\" sizes=\"auto, (max-width: 300px) 100vw, 300px\" \/>A greve docente est\u00e1 deflagrada na UFPB. A decis\u00e3o acabou de ser anunciada pela diretoria da ADUFPB, em assembleia realizada no final da tarde desta quarta-feira (29), no Centro de Viv\u00eancia do campus I, em Jo\u00e3o Pessoa. Pela manh\u00e3, foi realizada uma rodada de assembleias nos campi de Areia e Bananeiras, sobre o mesmo tema, e o resultado final chegou a 167 votos favor\u00e1veis, 38 contr\u00e1rios e duas absten\u00e7\u00f5es. A assembleia aprovou a paralisa\u00e7\u00e3o a partir da pr\u00f3xima segunda-feira (3).<\/p>\n<p>Participaram das reuni\u00f5es, em todos os campi, um total de 207 professores e professoras, sendo 172 em Jo\u00e3o Pessoa, 18 em Areia e 17 em Bananeiras. Al\u00e9m da greve, eles aprovaram a realiza\u00e7\u00e3o da primeira reuni\u00e3o do Comando Local de Greve (CLG) \u00e0s 15h desta segunda, na sede do sindicato, para tra\u00e7ar os encaminhamentos referentes \u00e0 greve, e tamb\u00e9m a contraproposta constru\u00edda pelo Comando Nacional de Greve (CNG) e protocalada no \u00faltimo dia 27. \u201cHoje, decidimos pela greve; na pr\u00f3xima segunda-feira, aguardamos a nossa categoria para construirmos juntos um comando de greve forte e atuante, pois qualquer docente pode participar\u201d, salientou Cristiano Bonneau, presidente da ADUFPB.<\/p>\n<p>\u201cA ADUFPB sempre respeitou a decis\u00e3o dos docentes, que haviam decidido, em assembleias anteriores, pelo indicativo de greve sem data. Fizemos todo o poss\u00edvel para que o processo de negocia\u00e7\u00e3o tivesse outro encaminhamento, mas o governo nos deixou sem perspectiva\u201d, acrescentou o secret\u00e1rio geral da entidade, Fernando Cunha.<\/p>\n<p>Em Jo\u00e3o Pessoa, a assembleia contou com a participa\u00e7\u00e3o tanto dos professores do campus I (que atuam nos cursos da unidade central, no Castelo Branco, quanto os da unidade do Centro de Ci\u00eancias Jur\u00eddicas, em Santa Rita), quanto os dos campi IV (Litoral Norte) e V (Centro de Tecnologia e Desenvolvimento Regional, no bairro de Mangabeira). V\u00e1rios estudantes tamb\u00e9m assistiram \u00e0 reuni\u00e3o.<\/p>\n","protected":false},"excerpt":{"rendered":"<p>A greve docente est\u00e1 deflagrada na UFPB. A decis\u00e3o acabou de ser anunciada pela diretoria da ADUFPB, em assembleia realizada no final da tarde desta quarta-feira (29), no Centro de Viv\u00eancia do campus I, em Jo\u00e3o Pessoa. Pela manh\u00e3, foi realizada uma rodada de assembleias nos campi de Areia e Bananeiras, sobre o mesmo tema,&hellip;<\/p>\n","protected":false},"author":10,"featured_media":31440,"comment_status":"closed","ping_status":"closed","sticky":false,"template":"","format":"standard","meta":{"footnotes":""},"categories":[1405,4,1681,15,417],"tags":[],"class_list":["post-31439","post","type-post","status-publish","format-standard","has-post-thumbnail","hentry","category-chamada-principal","category-comunicacao","category-greve","category-noticias","category-noticias-destaque","category-1405","category-4","category-1681","category-15","category-417","description-off"],"_links":{"self":[{"href":"https:\/\/www.adufpb.org.br\/site\/wp-json\/wp\/v2\/posts\/31439","targetHints":{"allow":["GET"]}}],"collection":[{"href":"https:\/\/www.adufpb.org.br\/site\/wp-json\/wp\/v2\/posts"}],"about":[{"href":"https:\/\/www.adufpb.org.br\/site\/wp-json\/wp\/v2\/types\/post"}],"author":[{"embeddable":true,"href":"https:\/\/www.adufpb.org.br\/site\/wp-json\/wp\/v2\/users\/10"}],"replies":[{"embeddable":true,"href":"https:\/\/www.adufpb.org.br\/site\/wp-json\/wp\/v2\/comments?post=31439"}],"version-history":[{"count":2,"href":"https:\/\/www.adufpb.org.br\/site\/wp-json\/wp\/v2\/posts\/31439\/revisions"}],"predecessor-version":[{"id":31443,"href":"https:\/\/www.adufpb.org.br\/site\/wp-json\/wp\/v2\/posts\/31439\/revisions\/31443"}],"wp:featuredmedia":[{"embeddable":true,"href":"https:\/\/www.adufpb.org.br\/site\/wp-json\/wp\/v2\/media\/31440"}],"wp:attachment":[{"href":"https:\/\/www.adufpb.org.br\/site\/wp-json\/wp\/v2\/media?parent=31439"}],"wp:term":[{"taxonomy":"category","embeddable":true,"href":"https:\/\/www.adufpb.org.br\/site\/wp-json\/wp\/v2\/categories?post=31439"},{"taxonomy":"post_tag","embeddable":true,"href":"https:\/\/www.adufpb.org.br\/site\/wp-json\/wp\/v2\/tags?post=31439"}],"curies":[{"name":"wp","href":"https:\/\/api.w.org\/{rel}","templated":true}]}}