{"id":3142,"date":"2012-05-23T07:25:48","date_gmt":"2012-05-23T11:25:48","guid":{"rendered":"http:\/\/www.adufpb.org.br\/site\/?p=3142"},"modified":"2012-05-23T07:33:30","modified_gmt":"2012-05-23T11:33:30","slug":"clg-convida-professores-a-incorporarem-a-luta","status":"publish","type":"post","link":"https:\/\/www.adufpb.org.br\/site\/clg-convida-professores-a-incorporarem-a-luta\/","title":{"rendered":"Comando de Greve convida professores a se incorporarem \u00e0 luta"},"content":{"rendered":"<p>O Comando Local de Greve dos professores da UFPB realizou nesta ter\u00e7a-feira (22\/5) visitas a alguns Centros do Campus I, apresentando aos t\u00e9cnicos-administrativos e estudantes as raz\u00f5es da greve. Na oportunidade, o CLG convidou os professores a incorporarem suas atividades de pesquisa e extens\u00e3o \u00e0s atividades de greve.<\/p>\n<p>Em reuni\u00e3o no in\u00edcio da manh\u00e3 com pais de crian\u00e7as que estudam na creche-escola da UFPB, o Comando de Greve recebeu apoio ao movimento por parte dos familiares.<\/p>\n<p>\u00c0 tarde, o CLG realizou nova reuni\u00e3o. Os professores discutiram as propostas de reforma de carreira elaboradas pelo governo e pelo Andes. A categoria n\u00e3o concorda com v\u00e1rios dos pontos apresentados pelo Minist\u00e9rio do Planejamento..<\/p>\n<p>O Andes quer a unifica\u00e7\u00e3o da carreira (que hoje \u00e9 dividida em duas: professores do Ensino Superior e professores do Ensino B\u00e1sico, T\u00e9cnico em Tecnol\u00f3gico) em uma \u00fanica carreira, a de Professor Federal.<\/p>\n<p>Outra exig\u00eancia da categoria \u00e9 o aumento do piso da categoria. Hoje, o menor sal\u00e1rio base dos professores do Ensino Superior \u00e9 de R$ 574. Os professores querem que esse valor passe a ser equivalente ao sal\u00e1rio m\u00ednimo necess\u00e1rio previsto pelo Dieese, que \u00e9 de R$ 2.329,35.<\/p>\n<p>Tamb\u00e9m no per\u00edodo da tarde, o Comando Local de Greve realizou uma aula p\u00fablica na Pra\u00e7a da Paz dos Banc\u00e1rios. A atividade reuniu alunos e professores e chamou a aten\u00e7\u00e3o das pessoas que passavam pelo local, segundo a professora Judy Rosas, integrante da comiss\u00e3o de comunica\u00e7\u00e3o do Comando de Greve. Novas aulas-p\u00fablicas devem ser realizadas na pr\u00f3xima semana em outros pontos da cidade.<\/p>\n<p>&nbsp;<\/p>\n<p><strong>Agenda do Comando de Greve<\/strong><\/p>\n<p><strong>Quarta-feira (23\/05)<\/strong><\/p>\n<p>10h \u2013 Reuni\u00e3o no Centro de Viv\u00eancia para a constitui\u00e7\u00e3o do F\u00f3rum permanente de discuss\u00e3o sobre a UFPB;<\/p>\n<p>14h30 \u2013 Reuni\u00e3o do Comando de Greve com pauta ainda a ser definida.<\/p>\n<p>&nbsp;<\/p>\n<p><strong>Quinta-feira (24\/05)<\/strong><\/p>\n<p>10h \u2013 Discuss\u00e3o sobre Carreira Docente<\/p>\n<p>15h \u2013 Debate: \u201cSocialismo: balan\u00e7os e perspectivas\u201d<\/p>\n<p>16h \u2013 Reuni\u00e3o do Conselho de Representantes da ADUFPB<\/p>\n<p>&nbsp;<\/p>\n<p><strong>Sexta-feira (25\/05)<\/strong><\/p>\n<p>9h \u2013 Reuni\u00e3o do Comando de Greve com pauta a ser definida<\/p>\n<p>19h \u2013 Debate: \u201cRela\u00e7\u00e3o P\u00fablico-Privado na Sa\u00fade\u201d<\/p>\n<p>&nbsp;<\/p>\n<p><strong>Professor proponha atividades de greve.<\/strong><\/p>\n<p><strong>Fortale\u00e7a a luta!<\/strong><\/p>\n<p>&nbsp;<\/p>\n<p><em>Fonte: Ascom ADUFPB<\/em><\/p>\n","protected":false},"excerpt":{"rendered":"<p>O Comando Local de Greve dos professores da UFPB realizou nesta ter\u00e7a-feira (22\/5) visitas a alguns Centros do Campus I, apresentando aos t\u00e9cnicos-administrativos e estudantes as raz\u00f5es da greve. Na oportunidade, o CLG convidou os professores a incorporarem suas atividades de pesquisa e extens\u00e3o \u00e0s atividades de greve. Em reuni\u00e3o no in\u00edcio da manh\u00e3 com&hellip;<\/p>\n","protected":false},"author":3,"featured_media":0,"comment_status":"open","ping_status":"open","sticky":false,"template":"","format":"standard","meta":{"footnotes":""},"categories":[15],"tags":[132],"class_list":["post-3142","post","type-post","status-publish","format-standard","hentry","category-noticias","tag-greve","category-15","description-off"],"_links":{"self":[{"href":"https:\/\/www.adufpb.org.br\/site\/wp-json\/wp\/v2\/posts\/3142","targetHints":{"allow":["GET"]}}],"collection":[{"href":"https:\/\/www.adufpb.org.br\/site\/wp-json\/wp\/v2\/posts"}],"about":[{"href":"https:\/\/www.adufpb.org.br\/site\/wp-json\/wp\/v2\/types\/post"}],"author":[{"embeddable":true,"href":"https:\/\/www.adufpb.org.br\/site\/wp-json\/wp\/v2\/users\/3"}],"replies":[{"embeddable":true,"href":"https:\/\/www.adufpb.org.br\/site\/wp-json\/wp\/v2\/comments?post=3142"}],"version-history":[{"count":4,"href":"https:\/\/www.adufpb.org.br\/site\/wp-json\/wp\/v2\/posts\/3142\/revisions"}],"predecessor-version":[{"id":3146,"href":"https:\/\/www.adufpb.org.br\/site\/wp-json\/wp\/v2\/posts\/3142\/revisions\/3146"}],"wp:attachment":[{"href":"https:\/\/www.adufpb.org.br\/site\/wp-json\/wp\/v2\/media?parent=3142"}],"wp:term":[{"taxonomy":"category","embeddable":true,"href":"https:\/\/www.adufpb.org.br\/site\/wp-json\/wp\/v2\/categories?post=3142"},{"taxonomy":"post_tag","embeddable":true,"href":"https:\/\/www.adufpb.org.br\/site\/wp-json\/wp\/v2\/tags?post=3142"}],"curies":[{"name":"wp","href":"https:\/\/api.w.org\/{rel}","templated":true}]}}