{"id":3133,"date":"2012-05-23T06:32:24","date_gmt":"2012-05-23T10:32:24","guid":{"rendered":"http:\/\/www.adufpb.org.br\/site\/?p=3133"},"modified":"2012-05-23T07:19:37","modified_gmt":"2012-05-23T11:19:37","slug":"uff-ufrj-e-unifesp-aderem-a-greve-nacional-dos-professores","status":"publish","type":"post","link":"https:\/\/www.adufpb.org.br\/site\/uff-ufrj-e-unifesp-aderem-a-greve-nacional-dos-professores\/","title":{"rendered":"UFF, UFRJ e Unifesp aderem \u00e0 greve nacional dos professores"},"content":{"rendered":"<p><a href=\"http:\/\/www.adufpb.org.br\/site\/wp-content\/uploads\/2012\/05\/UFRJ-em-greve.jpg\"><img loading=\"lazy\" decoding=\"async\" class=\"alignleft size-medium wp-image-3134\" title=\"UFRJ em greve\" src=\"http:\/\/www.adufpb.org.br\/site\/wp-content\/uploads\/2012\/05\/UFRJ-em-greve-300x175.jpg\" alt=\"\" width=\"300\" height=\"175\" srcset=\"https:\/\/www.adufpb.org.br\/site\/wp-content\/uploads\/2012\/05\/UFRJ-em-greve-300x175.jpg 300w, https:\/\/www.adufpb.org.br\/site\/wp-content\/uploads\/2012\/05\/UFRJ-em-greve.jpg 903w\" sizes=\"auto, (max-width: 300px) 100vw, 300px\" \/><\/a>Os docentes das universidades federais do Rio de Janeiro (UFRJ), de S\u00e3o Paulo (Unifesp) e Fluminense (UFF) aderiram nesta ter\u00e7a-feira (22) \u00e0 greve nacional dos professores das institui\u00e7\u00f5es federais de ensino deflagrada pelo ANDES-SN na \u00faltima quinta-feira (17).<\/p>\n<p>A paralisa\u00e7\u00e3o na UFF foi iniciada hoje (22), mas j\u00e1 havia sido deliberada na semana passada. A ades\u00e3o \u00e0 greve dos docentes da UFRJ (foto) e da Unifesp foi votada nesta ter\u00e7a em assembl\u00e9ias consideradas hist\u00f3ricas pelo n\u00famero de professores presentes e ter\u00e1 in\u00edcio a partir de amanh\u00e3 (23).<\/p>\n<p>At\u00e9 o momento s\u00e3o 47 se\u00e7\u00f5es sindicais de 43 institui\u00e7\u00f5es federais de ensino (41 universidades e dois institutos federais) com as atividades suspensas por tempo indeterminado. <a href=\"http:\/\/portal.andes.org.br\/imprensa\/noticias\/imp-ult-878836946.pdf\" target=\"_blank\">Confira aqui a lista completa atualizada at\u00e9 \u00e0s 18 horas desta ter\u00e7a-feira.<\/a><\/p>\n<p>O ANDES-SN tem duas reuni\u00f5es agendadas com o governo. Nesta quarta-feira (23), os docentes se re\u00fanem no final da tarde com o respons\u00e1vel pela Secretaria de Ensino Superior (Sesu\/MEC), secret\u00e1rio Amarno Lins. J\u00e1 na pr\u00f3xima segunda-feira (28), est\u00e1 agendada uma reuni\u00e3o do GT Carreira com representantes do MEC e do Minist\u00e9rio do Planejamento.<\/p>\n<p>&nbsp;<\/p>\n<p><strong>Servi\u00e7os essenciais<\/strong><\/p>\n<p>Muitas das institui\u00e7\u00f5es em greve prestam servi\u00e7os considerados essenciais \u00e0 popula\u00e7\u00e3o, como o atendimento nos Hospitais Universit\u00e1rios, al\u00e9m de outros cuja interrup\u00e7\u00e3o causaria danos irrepar\u00e1veis. O Comando Nacional de Greve informa que em cada comando local foram constitu\u00eddos comit\u00eas, que avaliar\u00e3o quais atividades n\u00e3o podem ser interrompidas. Os professores devem organizar escalas de servi\u00e7o para que o atendimento \u00e0 popula\u00e7\u00e3o n\u00e3o seja prejudicado.<\/p>\n<p>Em carta \u00e0 sociedade divulgada e distribu\u00edda nacionalmente, o Comando Nacional de Greve explica \u00e0 popula\u00e7\u00e3o o que motivou a paralisa\u00e7\u00e3o nacional dos professores federais.<\/p>\n<p>\u201cOs (as) professores(as) federais est\u00e3o em greve em defesa da Universidade P\u00fablica, Gratuita e de Qualidade e de uma carreira digna, que reconhe\u00e7a o importante papel que os docentes t\u00eam na vida da popula\u00e7\u00e3o brasileira\u201d, afirma a nota.<\/p>\n<p>O texto informa, ainda, que h\u00e1 anos os professores v\u00eam lutando pela re-estrutura\u00e7\u00e3o do Plano de Carreira e que esse era um dos principais pontos do acordo emergencial assinado ano passado com o governo. \u201cJ\u00e1 estamos na segunda quinzena de maio e nada aconteceu em rela\u00e7\u00e3o a essa re-estrutura\u00e7\u00e3o\u201d, denuncia a nota, que elenca, ainda, os pontos principais do plano de carreira defendido pelo ANDES-SN.<\/p>\n<p>O CNG tamb\u00e9m denuncia a precariedade nas condi\u00e7\u00f5es de trabalho em v\u00e1rias institui\u00e7\u00f5es federais de ensino. \u201cO quadro \u00e9 muito diferente do que o governo noticia. Existem institui\u00e7\u00f5es sem professores, sem laborat\u00f3rios, sem salas de aula, sem refeit\u00f3rios ou restaurantes universit\u00e1rios, at\u00e9 sem bebedouros e papel higi\u00eanico, afetando diretamente a qualidade de ensino\u201d, exemplifica o texto.<\/p>\n<p>Para o CNG, quem sofre diretamente com essa situa\u00e7\u00e3o s\u00e3o os professores, estudantes e t\u00e9cnicos dessas institui\u00e7\u00f5es, e \u201cnum olhar mais amplo, todo o povo brasileiro, que utilizar\u00e1 dos servi\u00e7os de profissionais formados em situa\u00e7\u00f5es prec\u00e1rias\u201d.<\/p>\n<p>Por fim, o texto convida a todos a se juntarem na luta iniciada pelos docentes. \u201cEssa batalha n\u00e3o \u00e9 s\u00f3 do (as) professores (as), mas de todos aqueles que desejam um pa\u00eds digno e uma educa\u00e7\u00e3o p\u00fablica, gratuita e de qualidade\u201d. <a href=\"http:\/\/portal.andes.org.br\/imprensa\/noticias\/imp-ult-1571790115.pdf\" target=\"_blank\">Confira aqui a \u00edntegra do documento.<\/a><\/p>\n<p>&nbsp;<\/p>\n<p><em>Fonte: ANDES-SN<\/em><\/p>\n","protected":false},"excerpt":{"rendered":"<p>Os docentes das universidades federais do Rio de Janeiro (UFRJ), de S\u00e3o Paulo (Unifesp) e Fluminense (UFF) aderiram nesta ter\u00e7a-feira (22) \u00e0 greve nacional dos professores das institui\u00e7\u00f5es federais de ensino deflagrada pelo ANDES-SN na \u00faltima quinta-feira (17). A paralisa\u00e7\u00e3o na UFF foi iniciada hoje (22), mas j\u00e1 havia sido deliberada na semana passada. A&hellip;<\/p>\n","protected":false},"author":3,"featured_media":0,"comment_status":"open","ping_status":"open","sticky":false,"template":"","format":"standard","meta":{"footnotes":""},"categories":[15],"tags":[132],"class_list":["post-3133","post","type-post","status-publish","format-standard","hentry","category-noticias","tag-greve","category-15","description-off"],"_links":{"self":[{"href":"https:\/\/www.adufpb.org.br\/site\/wp-json\/wp\/v2\/posts\/3133","targetHints":{"allow":["GET"]}}],"collection":[{"href":"https:\/\/www.adufpb.org.br\/site\/wp-json\/wp\/v2\/posts"}],"about":[{"href":"https:\/\/www.adufpb.org.br\/site\/wp-json\/wp\/v2\/types\/post"}],"author":[{"embeddable":true,"href":"https:\/\/www.adufpb.org.br\/site\/wp-json\/wp\/v2\/users\/3"}],"replies":[{"embeddable":true,"href":"https:\/\/www.adufpb.org.br\/site\/wp-json\/wp\/v2\/comments?post=3133"}],"version-history":[{"count":2,"href":"https:\/\/www.adufpb.org.br\/site\/wp-json\/wp\/v2\/posts\/3133\/revisions"}],"predecessor-version":[{"id":3141,"href":"https:\/\/www.adufpb.org.br\/site\/wp-json\/wp\/v2\/posts\/3133\/revisions\/3141"}],"wp:attachment":[{"href":"https:\/\/www.adufpb.org.br\/site\/wp-json\/wp\/v2\/media?parent=3133"}],"wp:term":[{"taxonomy":"category","embeddable":true,"href":"https:\/\/www.adufpb.org.br\/site\/wp-json\/wp\/v2\/categories?post=3133"},{"taxonomy":"post_tag","embeddable":true,"href":"https:\/\/www.adufpb.org.br\/site\/wp-json\/wp\/v2\/tags?post=3133"}],"curies":[{"name":"wp","href":"https:\/\/api.w.org\/{rel}","templated":true}]}}