{"id":31172,"date":"2024-04-19T11:31:06","date_gmt":"2024-04-19T14:31:06","guid":{"rendered":"https:\/\/www.adufpb.org.br\/site\/?p=31172"},"modified":"2024-04-25T09:43:16","modified_gmt":"2024-04-25T12:43:16","slug":"professor-aloisio-lima-e-o-autor-convidado-da-nova-edicao-do-em-tempo","status":"publish","type":"post","link":"https:\/\/www.adufpb.org.br\/site\/professor-aloisio-lima-e-o-autor-convidado-da-nova-edicao-do-em-tempo\/","title":{"rendered":"Professor Aloisio Lima \u00e9 o autor convidado da nova edi\u00e7\u00e3o do Em Tempo"},"content":{"rendered":"<p><a href=\"https:\/\/www.adufpb.org.br\/site\/wp-content\/uploads\/2024\/04\/EM-TEMPO-13-ADUFPB-19-ABRIL-DE-2024-1.pdf\"><img loading=\"lazy\" decoding=\"async\" class=\"alignright size-medium wp-image-31178\" src=\"https:\/\/www.adufpb.org.br\/site\/wp-content\/uploads\/2024\/04\/2024.04.19-imagem-em-tempo-212x300.jpeg\" alt=\"\" width=\"212\" height=\"300\" srcset=\"https:\/\/www.adufpb.org.br\/site\/wp-content\/uploads\/2024\/04\/2024.04.19-imagem-em-tempo-212x300.jpeg 212w, https:\/\/www.adufpb.org.br\/site\/wp-content\/uploads\/2024\/04\/2024.04.19-imagem-em-tempo-724x1024.jpeg 724w, https:\/\/www.adufpb.org.br\/site\/wp-content\/uploads\/2024\/04\/2024.04.19-imagem-em-tempo-768x1086.jpeg 768w, https:\/\/www.adufpb.org.br\/site\/wp-content\/uploads\/2024\/04\/2024.04.19-imagem-em-tempo-1087x1536.jpeg 1087w, https:\/\/www.adufpb.org.br\/site\/wp-content\/uploads\/2024\/04\/2024.04.19-imagem-em-tempo-250x353.jpeg 250w, https:\/\/www.adufpb.org.br\/site\/wp-content\/uploads\/2024\/04\/2024.04.19-imagem-em-tempo.jpeg 1132w\" sizes=\"auto, (max-width: 212px) 100vw, 212px\" \/><\/a>A ADUFPB acaba de divulgar mais uma edi\u00e7\u00e3o do &#8220;Em Tempo&#8221;, publica\u00e7\u00e3o que tem como proposta refletir sobre temas sociais, pol\u00edticos, culturais e econ\u00f4micos de interesse da comunidade acad\u00eamica da UFPB. O autor convidado desta vez \u00e9 o professor Aloisio da Silva Lima, aposentado do Departamento de Engenharia de Produ\u00e7\u00e3o do Centro de Tecnologia.<\/p>\n<p>Com o t\u00edtulo &#8220;Aos colegas docentes: Carta de um professor aposentado&#8221;, o texto resgata um per\u00edodo de efervec\u00eancia acad\u00eamica da UFPB nas d\u00e9cadas de 70 e 80, sob o reitorado do professor Lynaldo Cavalcanti, e reflete sobre a desvaloriza\u00e7\u00e3o dos docentes hoje aposentados. Ao mesmo tempo, o professor Aloisio Lima convoca os companheiros da ativa para a luta sindical, como forma de proteger o direito \u00e0 aposentadoria ap\u00f3s tanto anos de contribui\u00e7\u00e3o para a sociedade.<\/p>\n<p>O &#8220;Em Tempo&#8221; est\u00e1 dispon\u00edvel aqui no nosso site (clique na imagem ao lado) e est\u00e1 sendo distribu\u00eddo por e-mail (adufpb@terra.com.br) e Whatsapp (83.99645-7000).<\/p>\n<p><em>Fonte: Ascom ADUFPB<\/em><\/p>\n","protected":false},"excerpt":{"rendered":"<p>A ADUFPB acaba de divulgar mais uma edi\u00e7\u00e3o do &#8220;Em Tempo&#8221;, publica\u00e7\u00e3o que tem como proposta refletir sobre temas sociais, pol\u00edticos, culturais e econ\u00f4micos de interesse da comunidade acad\u00eamica da UFPB. O autor convidado desta vez \u00e9 o professor Aloisio da Silva Lima, aposentado do Departamento de Engenharia de Produ\u00e7\u00e3o do Centro de Tecnologia. Com&hellip;<\/p>\n","protected":false},"author":3,"featured_media":31173,"comment_status":"closed","ping_status":"closed","sticky":false,"template":"","format":"standard","meta":{"footnotes":""},"categories":[1405,15,417],"tags":[262,63,1468],"class_list":["post-31172","post","type-post","status-publish","format-standard","has-post-thumbnail","hentry","category-chamada-principal","category-noticias","category-noticias-destaque","tag-aposentadoria","tag-aposentados","tag-em-tempo","category-1405","category-15","category-417","description-off"],"_links":{"self":[{"href":"https:\/\/www.adufpb.org.br\/site\/wp-json\/wp\/v2\/posts\/31172","targetHints":{"allow":["GET"]}}],"collection":[{"href":"https:\/\/www.adufpb.org.br\/site\/wp-json\/wp\/v2\/posts"}],"about":[{"href":"https:\/\/www.adufpb.org.br\/site\/wp-json\/wp\/v2\/types\/post"}],"author":[{"embeddable":true,"href":"https:\/\/www.adufpb.org.br\/site\/wp-json\/wp\/v2\/users\/3"}],"replies":[{"embeddable":true,"href":"https:\/\/www.adufpb.org.br\/site\/wp-json\/wp\/v2\/comments?post=31172"}],"version-history":[{"count":4,"href":"https:\/\/www.adufpb.org.br\/site\/wp-json\/wp\/v2\/posts\/31172\/revisions"}],"predecessor-version":[{"id":31179,"href":"https:\/\/www.adufpb.org.br\/site\/wp-json\/wp\/v2\/posts\/31172\/revisions\/31179"}],"wp:featuredmedia":[{"embeddable":true,"href":"https:\/\/www.adufpb.org.br\/site\/wp-json\/wp\/v2\/media\/31173"}],"wp:attachment":[{"href":"https:\/\/www.adufpb.org.br\/site\/wp-json\/wp\/v2\/media?parent=31172"}],"wp:term":[{"taxonomy":"category","embeddable":true,"href":"https:\/\/www.adufpb.org.br\/site\/wp-json\/wp\/v2\/categories?post=31172"},{"taxonomy":"post_tag","embeddable":true,"href":"https:\/\/www.adufpb.org.br\/site\/wp-json\/wp\/v2\/tags?post=31172"}],"curies":[{"name":"wp","href":"https:\/\/api.w.org\/{rel}","templated":true}]}}