{"id":31159,"date":"2024-04-17T16:02:09","date_gmt":"2024-04-17T19:02:09","guid":{"rendered":"https:\/\/www.adufpb.org.br\/site\/?p=31159"},"modified":"2024-04-25T09:43:24","modified_gmt":"2024-04-25T12:43:24","slug":"ufpb-realiza-debates-com-chapas-concorrentes-a-reitoria-nos-seus-quatro-campi","status":"publish","type":"post","link":"https:\/\/www.adufpb.org.br\/site\/ufpb-realiza-debates-com-chapas-concorrentes-a-reitoria-nos-seus-quatro-campi\/","title":{"rendered":"UFPB realiza debates com chapas concorrentes \u00e0 Reitoria nos quatro campi"},"content":{"rendered":"<div id=\"attachment_31163\" style=\"width: 310px\" class=\"wp-caption alignleft\"><img loading=\"lazy\" decoding=\"async\" aria-describedby=\"caption-attachment-31163\" class=\"size-medium wp-image-31163\" src=\"https:\/\/www.adufpb.org.br\/site\/wp-content\/uploads\/2024\/04\/eleicao4-300x157.png\" alt=\"\" width=\"300\" height=\"157\" srcset=\"https:\/\/www.adufpb.org.br\/site\/wp-content\/uploads\/2024\/04\/eleicao4-300x157.png 300w, https:\/\/www.adufpb.org.br\/site\/wp-content\/uploads\/2024\/04\/eleicao4-1024x535.png 1024w, https:\/\/www.adufpb.org.br\/site\/wp-content\/uploads\/2024\/04\/eleicao4-768x401.png 768w, https:\/\/www.adufpb.org.br\/site\/wp-content\/uploads\/2024\/04\/eleicao4-250x131.png 250w, https:\/\/www.adufpb.org.br\/site\/wp-content\/uploads\/2024\/04\/eleicao4.png 1187w\" sizes=\"auto, (max-width: 300px) 100vw, 300px\" \/><p id=\"caption-attachment-31163\" class=\"wp-caption-text\">Debate no Litoral Norte j\u00e1 est\u00e1 no YouTube<\/p><\/div>\n<p>No pr\u00f3ximo dia 25 de abril, ser\u00e1 realizada a consulta pr\u00e9via que definir\u00e1 a lista tr\u00edplice com os candidatos \u00e0 Reitoria da Universidade Federal da Para\u00edba (UFPB) para o quadri\u00eanio 2024\/2028. Antes disso, por\u00e9m, as tr\u00eas chapas concorrentes conversar\u00e3o com a comunidade acad\u00eamica, por meio de debates.<\/p>\n<p>Nesta quinta-feira (18), haver\u00e1 encontros nos audit\u00f3rios dos campi II (Areia) e III (Bananeiras), \u00e0s 9h e \u00e0s 15h, respectivamente. Na sexta-feira (19), ser\u00e1 a vez do campus I (Jo\u00e3o Pessoa), \u00e0s 9h, no est\u00fadio da TV UFPB.<\/p>\n<p>Na capital, o evento ser\u00e1 transmitido ao vivo, pelo canal do YouTube da emissora. A ADUFPB disponibilizar\u00e1 um tel\u00e3o, no Centro de Viv\u00eancia, para que a comunidade universit\u00e1ria possa assistir, com 100 cadeiras no local.<\/p>\n<p>Os encontros de Areia e Bananeiras ser\u00e3o gravados e postados no YouTube, no mesmo dia em que ocorrer\u00e3o. O debate realizado no campus IV (Rio Tinto e Mamanguape), nessa ter\u00e7a-feira (16), j\u00e1 est\u00e1 no canal, e pode ser acessado no link <a href=\"https:\/\/www.youtube.com\/watch?v=brnPNE7txDY\">https:\/\/www.youtube.com\/watch?v=brnPNE7txDY<\/a>.<\/p>\n<p>Os debates t\u00eam dura\u00e7\u00e3o de duas horas e meia, sendo compostos de cinco blocos: considera\u00e7\u00f5es iniciais, perguntas formuladas pelas tr\u00eas entidades (ADUFPB, SINTESPB e DCE), perguntas entre candidatos e candidatas, perguntas da plateia e considera\u00e7\u00f5es finais.<\/p>\n<p><strong>Nova gest\u00e3o<\/strong> \u2013 A campanha eleitoral se encerra um dia antes do pleito, que acontecer\u00e1 em apenas um turno. Os votos ser\u00e3o computados de forma presencial, em urnas eletr\u00f4nicas, cedidas pelo Tribunal Regional Eleitoral (TRE), com paridade de votos entre professores, t\u00e9cnicos administrativos e estudantes. O resultado ser\u00e1 divulgado no mesmo dia.<\/p>\n<p>No dia 12 de junho, o \u201cConselh\u00e3o\u201d \u2014 composto por Consuni, Consepe e Conselho Curador \u2014 se reunir\u00e1 para definir a lista tr\u00edplice que ser\u00e1 encaminhada ao Minist\u00e9rio da Educa\u00e7\u00e3o e submetida \u00e0 escolha presidencial. A chapa escolhida dever\u00e1 tomar posse em novembro de 2024.<\/p>\n<p>&nbsp;<\/p>\n<p><em>Fonte: Ascom ADUFPB<\/em><\/p>\n","protected":false},"excerpt":{"rendered":"<p>No pr\u00f3ximo dia 25 de abril, ser\u00e1 realizada a consulta pr\u00e9via que definir\u00e1 a lista tr\u00edplice com os candidatos \u00e0 Reitoria da Universidade Federal da Para\u00edba (UFPB) para o quadri\u00eanio 2024\/2028. Antes disso, por\u00e9m, as tr\u00eas chapas concorrentes conversar\u00e3o com a comunidade acad\u00eamica, por meio de debates. Nesta quinta-feira (18), haver\u00e1 encontros nos audit\u00f3rios dos&hellip;<\/p>\n","protected":false},"author":10,"featured_media":31161,"comment_status":"closed","ping_status":"closed","sticky":false,"template":"","format":"standard","meta":{"footnotes":""},"categories":[1,1405,4,15,417],"tags":[],"class_list":["post-31159","post","type-post","status-publish","format-standard","has-post-thumbnail","hentry","category-agenda","category-chamada-principal","category-comunicacao","category-noticias","category-noticias-destaque","category-1","category-1405","category-4","category-15","category-417","description-off"],"_links":{"self":[{"href":"https:\/\/www.adufpb.org.br\/site\/wp-json\/wp\/v2\/posts\/31159","targetHints":{"allow":["GET"]}}],"collection":[{"href":"https:\/\/www.adufpb.org.br\/site\/wp-json\/wp\/v2\/posts"}],"about":[{"href":"https:\/\/www.adufpb.org.br\/site\/wp-json\/wp\/v2\/types\/post"}],"author":[{"embeddable":true,"href":"https:\/\/www.adufpb.org.br\/site\/wp-json\/wp\/v2\/users\/10"}],"replies":[{"embeddable":true,"href":"https:\/\/www.adufpb.org.br\/site\/wp-json\/wp\/v2\/comments?post=31159"}],"version-history":[{"count":8,"href":"https:\/\/www.adufpb.org.br\/site\/wp-json\/wp\/v2\/posts\/31159\/revisions"}],"predecessor-version":[{"id":31169,"href":"https:\/\/www.adufpb.org.br\/site\/wp-json\/wp\/v2\/posts\/31159\/revisions\/31169"}],"wp:featuredmedia":[{"embeddable":true,"href":"https:\/\/www.adufpb.org.br\/site\/wp-json\/wp\/v2\/media\/31161"}],"wp:attachment":[{"href":"https:\/\/www.adufpb.org.br\/site\/wp-json\/wp\/v2\/media?parent=31159"}],"wp:term":[{"taxonomy":"category","embeddable":true,"href":"https:\/\/www.adufpb.org.br\/site\/wp-json\/wp\/v2\/categories?post=31159"},{"taxonomy":"post_tag","embeddable":true,"href":"https:\/\/www.adufpb.org.br\/site\/wp-json\/wp\/v2\/tags?post=31159"}],"curies":[{"name":"wp","href":"https:\/\/api.w.org\/{rel}","templated":true}]}}