{"id":3094,"date":"2012-05-18T06:22:39","date_gmt":"2012-05-18T10:22:39","guid":{"rendered":"http:\/\/www.adufpb.org.br\/site\/?p=3094"},"modified":"2012-05-18T06:58:48","modified_gmt":"2012-05-18T10:58:48","slug":"greve-orientacao-aos-professores-em-estagio-probatorio","status":"publish","type":"post","link":"https:\/\/www.adufpb.org.br\/site\/greve-orientacao-aos-professores-em-estagio-probatorio\/","title":{"rendered":"GREVE: orienta\u00e7\u00f5es aos professores em est\u00e1gio probat\u00f3rio"},"content":{"rendered":"<p><a href=\"http:\/\/www.adufpb.org.br\/site\/wp-content\/uploads\/2012\/05\/imagem-justi\u00e7a.jpg\"><img loading=\"lazy\" decoding=\"async\" class=\"alignright size-medium wp-image-3095\" title=\"imagem justi\u00e7a\" src=\"http:\/\/www.adufpb.org.br\/site\/wp-content\/uploads\/2012\/05\/imagem-justi\u00e7a-300x268.jpg\" alt=\"\" width=\"300\" height=\"268\" srcset=\"https:\/\/www.adufpb.org.br\/site\/wp-content\/uploads\/2012\/05\/imagem-justi\u00e7a-300x268.jpg 300w, https:\/\/www.adufpb.org.br\/site\/wp-content\/uploads\/2012\/05\/imagem-justi\u00e7a.jpg 398w\" sizes=\"auto, (max-width: 300px) 100vw, 300px\" \/><\/a>Servidores em est\u00e1gio probat\u00f3rio n\u00e3o podem ser punidos por participarem de greves. Essa foi a decis\u00e3o do Supremo Tribunal Federal (STF) ao julgar diversos mandados de injun\u00e7\u00f5es e que serviu de base para um parecer da Assessoria Jur\u00eddica Nacional do ANDES-SN enviado no dia 7 de maio para todas as se\u00e7\u00f5es sindicais.<\/p>\n<p>\u201cOs tribunais j\u00e1 pacificaram o entendimento de que \u00e9 permitido ao servidor em est\u00e1gio probat\u00f3rio aderir \u00e0 greve\u201d, afirmou o advogado Rodrigo Peres Torelly, do escrit\u00f3rio de advocacia que atende o ANDES-SN.<\/p>\n<p>Torelly esclarece que n\u00e3o h\u00e1 previs\u00e3o legal para a puni\u00e7\u00e3o de servidores federais docentes em est\u00e1gios probat\u00f3rios no que diz respeito a sua participa\u00e7\u00e3o em movimento grevista, assim como n\u00e3o pode haver a sua exonera\u00e7\u00e3o sem a instaura\u00e7\u00e3o de processo administrativo disciplina, onde dever\u00e1 ser assegurada ampla defesa.<\/p>\n<p>De acordo com o parecer, os professores substitutos e visitantes tamb\u00e9m n\u00e3o podem ser punidos por participar de movimentos grevistas, j\u00e1 que n\u00e3o h\u00e1 previs\u00e3o de puni\u00e7\u00e3o para esse tipo de atividade. \u201cComo o administrador p\u00fablico s\u00f3 pode fazer o que estiver previsto em lei, a demiss\u00e3o s\u00f3 poderia ocorrer se fosse instaurada uma sindic\u00e2ncia contra esses substitutos e visitantes\u201d, explicou Torelly.<\/p>\n<p>\u201cNum momento em que os docentes das Institui\u00e7\u00f5es Federais de Ensino Superior (Ifes) est\u00e3o discutindo em assembl\u00e9ias gerais o indicativo de greve nacional para o dia 17 de maio, os da Universidade Estadual do Piau\u00ed (Uespi) se preparam para paralisar suas atividades a partir do dia 15 e os da Universidade Estadual do Rio Grande do Norte (Uern) deflagraram o movimento grevista, \u00e9 bom relembrar que a greve pode ser feita por quem est\u00e1 em est\u00e1gio probat\u00f3rio, pois os governantes poder\u00e3o tentar pressionar os rec\u00e9m-contratados\u201d, afirmou o 1\u00ba vice-presidente do ANDES-SN, Luiz Henrique Schuch.<\/p>\n<p>&nbsp;<\/p>\n<p><em>Fonte: Andes-SN<\/em><\/p>\n","protected":false},"excerpt":{"rendered":"<p>Servidores em est\u00e1gio probat\u00f3rio n\u00e3o podem ser punidos por participarem de greves. Essa foi a decis\u00e3o do Supremo Tribunal Federal (STF) ao julgar diversos mandados de injun\u00e7\u00f5es e que serviu de base para um parecer da Assessoria Jur\u00eddica Nacional do ANDES-SN enviado no dia 7 de maio para todas as se\u00e7\u00f5es sindicais. \u201cOs tribunais j\u00e1&hellip;<\/p>\n","protected":false},"author":3,"featured_media":0,"comment_status":"open","ping_status":"open","sticky":false,"template":"","format":"standard","meta":{"footnotes":""},"categories":[15],"tags":[132,230],"class_list":["post-3094","post","type-post","status-publish","format-standard","hentry","category-noticias","tag-greve","tag-justica","category-15","description-off"],"_links":{"self":[{"href":"https:\/\/www.adufpb.org.br\/site\/wp-json\/wp\/v2\/posts\/3094","targetHints":{"allow":["GET"]}}],"collection":[{"href":"https:\/\/www.adufpb.org.br\/site\/wp-json\/wp\/v2\/posts"}],"about":[{"href":"https:\/\/www.adufpb.org.br\/site\/wp-json\/wp\/v2\/types\/post"}],"author":[{"embeddable":true,"href":"https:\/\/www.adufpb.org.br\/site\/wp-json\/wp\/v2\/users\/3"}],"replies":[{"embeddable":true,"href":"https:\/\/www.adufpb.org.br\/site\/wp-json\/wp\/v2\/comments?post=3094"}],"version-history":[{"count":3,"href":"https:\/\/www.adufpb.org.br\/site\/wp-json\/wp\/v2\/posts\/3094\/revisions"}],"predecessor-version":[{"id":3102,"href":"https:\/\/www.adufpb.org.br\/site\/wp-json\/wp\/v2\/posts\/3094\/revisions\/3102"}],"wp:attachment":[{"href":"https:\/\/www.adufpb.org.br\/site\/wp-json\/wp\/v2\/media?parent=3094"}],"wp:term":[{"taxonomy":"category","embeddable":true,"href":"https:\/\/www.adufpb.org.br\/site\/wp-json\/wp\/v2\/categories?post=3094"},{"taxonomy":"post_tag","embeddable":true,"href":"https:\/\/www.adufpb.org.br\/site\/wp-json\/wp\/v2\/tags?post=3094"}],"curies":[{"name":"wp","href":"https:\/\/api.w.org\/{rel}","templated":true}]}}