{"id":3083,"date":"2012-05-17T16:26:43","date_gmt":"2012-05-17T20:26:43","guid":{"rendered":"http:\/\/www.adufpb.org.br\/site\/?p=3083"},"modified":"2012-05-18T06:57:59","modified_gmt":"2012-05-18T10:57:59","slug":"greve-na-ufpb-comando-de-greve-faz-1a-reuniao","status":"publish","type":"post","link":"https:\/\/www.adufpb.org.br\/site\/greve-na-ufpb-comando-de-greve-faz-1a-reuniao\/","title":{"rendered":"GREVE NA UFPB: Comando de Greve faz 1\u00aa reuni\u00e3o"},"content":{"rendered":"<p><a href=\"http:\/\/www.adufpb.org.br\/site\/wp-content\/uploads\/2012\/05\/forma\u00e7\u00e3o-do-comando-de-greve1.jpg\"><img loading=\"lazy\" decoding=\"async\" class=\"alignleft size-medium wp-image-3089\" title=\"forma\u00e7\u00e3o do comando de greve\" src=\"http:\/\/www.adufpb.org.br\/site\/wp-content\/uploads\/2012\/05\/forma\u00e7\u00e3o-do-comando-de-greve1-300x170.jpg\" alt=\"\" width=\"300\" height=\"170\" srcset=\"https:\/\/www.adufpb.org.br\/site\/wp-content\/uploads\/2012\/05\/forma\u00e7\u00e3o-do-comando-de-greve1-300x170.jpg 300w, https:\/\/www.adufpb.org.br\/site\/wp-content\/uploads\/2012\/05\/forma\u00e7\u00e3o-do-comando-de-greve1.jpg 1024w\" sizes=\"auto, (max-width: 300px) 100vw, 300px\" \/><\/a>Os professores da UFPB deram in\u00edcio \u00e0 greve geral da categoria nesta quinta-feira (17\/5) com a forma\u00e7\u00e3o do Comando Local de Greve, grupo que vai discutir e definir as a\u00e7\u00f5es e estrat\u00e9gias do movimento. Dessa primeira reuni\u00e3o sa\u00edram os nomes dos integrantes da coordena\u00e7\u00e3o do Comando. S\u00e3o eles: Wladimir Pinheiro (coordenador), Jaldes Meneses (secret\u00e1rio) e Romildo Fernandes (tesoureiro).<\/p>\n<p>Al\u00e9m disso, tamb\u00e9m foram formadas as comiss\u00f5es de Comunica\u00e7\u00e3o e de Mobiliza\u00e7\u00e3o. Outra resolu\u00e7\u00e3o foi a escolha do nome do professor Jo\u00e3o Francisco da Silva para integrar o Comando Nacional de Greve.<\/p>\n<p>Ficou acertado tamb\u00e9m na reuni\u00e3o desta quinta-feira que toda a atividade docente nos campi da UFPB ser\u00e1 afetada pelo movimento. Em casos especiais, algumas atividades que estejam programadas para o per\u00edodo de greve ser\u00e3o analisadas pelo Comando.<\/p>\n<div id=\"attachment_3087\" style=\"width: 310px\" class=\"wp-caption alignright\"><a href=\"http:\/\/www.adufpb.org.br\/site\/wp-content\/uploads\/2012\/05\/forma\u00e7\u00e3o-do-comando-de-greve-imprensa.jpg\"><img loading=\"lazy\" decoding=\"async\" aria-describedby=\"caption-attachment-3087\" class=\"size-medium wp-image-3087\" title=\"forma\u00e7\u00e3o do comando de greve - imprensa\" src=\"http:\/\/www.adufpb.org.br\/site\/wp-content\/uploads\/2012\/05\/forma\u00e7\u00e3o-do-comando-de-greve-imprensa-300x177.jpg\" alt=\"\" width=\"300\" height=\"177\" srcset=\"https:\/\/www.adufpb.org.br\/site\/wp-content\/uploads\/2012\/05\/forma\u00e7\u00e3o-do-comando-de-greve-imprensa-300x177.jpg 300w, https:\/\/www.adufpb.org.br\/site\/wp-content\/uploads\/2012\/05\/forma\u00e7\u00e3o-do-comando-de-greve-imprensa.jpg 1024w\" sizes=\"auto, (max-width: 300px) 100vw, 300px\" \/><\/a><p id=\"caption-attachment-3087\" class=\"wp-caption-text\">Terezinha Diniz concede entrevista<\/p><\/div>\n<p>Nesta sexta-feira (18\/5), os professores voltam a se reunir na sede da ADUFPB, no Centro de Viv\u00eancia do Campus I. As reuni\u00f5es ser\u00e3o di\u00e1rias, sempre pela manh\u00e3 e \u00e0 tarde. A partir das 9h, eles participam do Grupo de Discuss\u00e3o, que vai avaliar o andamento e os rumos do movimento na Para\u00edba e no Brasil. \u00c0 tarde, \u00e0s 14h, funcionar\u00e1 o Grupo de Trabalho, respons\u00e1vel por definir como executar o que foi discutido pela manh\u00e3.<\/p>\n<p>&nbsp;<\/p>\n<p><em>Fonte: Ascom ADUFPB<\/em><\/p>\n","protected":false},"excerpt":{"rendered":"<p>Os professores da UFPB deram in\u00edcio \u00e0 greve geral da categoria nesta quinta-feira (17\/5) com a forma\u00e7\u00e3o do Comando Local de Greve, grupo que vai discutir e definir as a\u00e7\u00f5es e estrat\u00e9gias do movimento. Dessa primeira reuni\u00e3o sa\u00edram os nomes dos integrantes da coordena\u00e7\u00e3o do Comando. S\u00e3o eles: Wladimir Pinheiro (coordenador), Jaldes Meneses (secret\u00e1rio) e&hellip;<\/p>\n","protected":false},"author":3,"featured_media":0,"comment_status":"open","ping_status":"open","sticky":false,"template":"","format":"standard","meta":{"footnotes":""},"categories":[15],"tags":[132],"class_list":["post-3083","post","type-post","status-publish","format-standard","hentry","category-noticias","tag-greve","category-15","description-off"],"_links":{"self":[{"href":"https:\/\/www.adufpb.org.br\/site\/wp-json\/wp\/v2\/posts\/3083","targetHints":{"allow":["GET"]}}],"collection":[{"href":"https:\/\/www.adufpb.org.br\/site\/wp-json\/wp\/v2\/posts"}],"about":[{"href":"https:\/\/www.adufpb.org.br\/site\/wp-json\/wp\/v2\/types\/post"}],"author":[{"embeddable":true,"href":"https:\/\/www.adufpb.org.br\/site\/wp-json\/wp\/v2\/users\/3"}],"replies":[{"embeddable":true,"href":"https:\/\/www.adufpb.org.br\/site\/wp-json\/wp\/v2\/comments?post=3083"}],"version-history":[{"count":4,"href":"https:\/\/www.adufpb.org.br\/site\/wp-json\/wp\/v2\/posts\/3083\/revisions"}],"predecessor-version":[{"id":3101,"href":"https:\/\/www.adufpb.org.br\/site\/wp-json\/wp\/v2\/posts\/3083\/revisions\/3101"}],"wp:attachment":[{"href":"https:\/\/www.adufpb.org.br\/site\/wp-json\/wp\/v2\/media?parent=3083"}],"wp:term":[{"taxonomy":"category","embeddable":true,"href":"https:\/\/www.adufpb.org.br\/site\/wp-json\/wp\/v2\/categories?post=3083"},{"taxonomy":"post_tag","embeddable":true,"href":"https:\/\/www.adufpb.org.br\/site\/wp-json\/wp\/v2\/tags?post=3083"}],"curies":[{"name":"wp","href":"https:\/\/api.w.org\/{rel}","templated":true}]}}