{"id":30821,"date":"2024-03-07T11:06:24","date_gmt":"2024-03-07T14:06:24","guid":{"rendered":"https:\/\/www.adufpb.org.br\/site\/?p=30821"},"modified":"2024-03-19T15:16:38","modified_gmt":"2024-03-19T18:16:38","slug":"comite-mulheres-em-resistencia-participa-de-sessao-especial-na-alpb","status":"publish","type":"post","link":"https:\/\/www.adufpb.org.br\/site\/comite-mulheres-em-resistencia-participa-de-sessao-especial-na-alpb\/","title":{"rendered":"Comit\u00ea Mulheres em Resist\u00eancia participa de sess\u00e3o especial na ALPB"},"content":{"rendered":"<p><a class=\"dt-pswp-item\" href=\"https:\/\/www.adufpb.org.br\/site\/wp-content\/uploads\/2024\/03\/2024.03.06-Mulheres-em-Resistencia-ALPB-1.jpeg\" data-dt-img-description=\"\" data-large_image_width=\"901\" data-large_image_height=\"1600\"><img loading=\"lazy\" decoding=\"async\" class=\"alignright size-medium wp-image-30752\" src=\"https:\/\/www.adufpb.org.br\/site\/wp-content\/uploads\/2024\/03\/2024.03.06-Mulheres-em-Resistencia-ALPB-1-169x300.jpeg\" alt=\"\" width=\"169\" height=\"300\" srcset=\"https:\/\/www.adufpb.org.br\/site\/wp-content\/uploads\/2024\/03\/2024.03.06-Mulheres-em-Resistencia-ALPB-1-169x300.jpeg 169w, https:\/\/www.adufpb.org.br\/site\/wp-content\/uploads\/2024\/03\/2024.03.06-Mulheres-em-Resistencia-ALPB-1-577x1024.jpeg 577w, https:\/\/www.adufpb.org.br\/site\/wp-content\/uploads\/2024\/03\/2024.03.06-Mulheres-em-Resistencia-ALPB-1-768x1364.jpeg 768w, https:\/\/www.adufpb.org.br\/site\/wp-content\/uploads\/2024\/03\/2024.03.06-Mulheres-em-Resistencia-ALPB-1-865x1536.jpeg 865w, https:\/\/www.adufpb.org.br\/site\/wp-content\/uploads\/2024\/03\/2024.03.06-Mulheres-em-Resistencia-ALPB-1-250x444.jpeg 250w, https:\/\/www.adufpb.org.br\/site\/wp-content\/uploads\/2024\/03\/2024.03.06-Mulheres-em-Resistencia-ALPB-1.jpeg 901w\" sizes=\"auto, (max-width: 169px) 100vw, 169px\" \/><\/a>A ADUFPB, por meio do Comit\u00ea Mulheres em Resist\u00eancia, participou nesta quarta-feira (6) da sess\u00e3o especial na Assembleia Legislativa da Para\u00edba, proposta pela deputada Cida Ramos, em alus\u00e3o ao Dia Internacional de Luta das Mulheres. O evento reuniu gestores p\u00fablicos, parlamentares e lideran\u00e7as de entidades civis e integra a s\u00e9rie de atividades da campanha \u201cMar\u00e7o Mulher \u2013 Rompa o Ciclo da Viol\u00eancia\u201d do Poder Legislativo Estadual.<\/p>\n<p>Representando o Comit\u00ea Mulheres em Resist\u00eancia, estiveram presentes \u00e0 sess\u00e3o as professoras Lenilma Meneses (vice-presidente da ADUFPB), Sandra Luna (Diretora de Divulga\u00e7\u00e3o e Comunica\u00e7\u00e3o), Rita Porto (Diretora para Assuntos de Aposentadoria) e Valdenilza Silva (Diretora de Pol\u00edtica Sindical).<\/p>\n<p>Na avalia\u00e7\u00e3o da vice-presidente da ADUFPB, Lenilma Bento Meneses, a sess\u00e3o convocada pela deputada Cida Ramos foi extremamente positiva e marcou com \u00eaxito as atividades em alus\u00e3o ao Dia Internacional da Mulher. Primeiramente, segundo ela, porque reuniu representa\u00e7\u00e3o de v\u00e1rios segmentos sociais, como MST, pessoas em situa\u00e7\u00e3o de rua, pessoas de terreiros, representante de empregadas dom\u00e9sticas, povos origin\u00e1rios, quilombolas, representa\u00e7\u00e3o de sindicatos, movimentos em defesa das mulheres, procuradoras, delegadas da mulher, parlamentares, entre outras.<\/p>\n<p>&#8220;E depois por ser a pessoa de Cida Ramos a representa\u00e7\u00e3o da &#8216;resist\u00eancia&#8217; mulher com defici\u00eancia desde crian\u00e7a, nascida e criada no interior, que desafiou toda uma sociedade excludente, machista e preconceituosa para chegar em lugar de destaque na academia e na pol\u00edtica. E \u00e9 com todo esse significado que ela tem lugar de &#8216;fala&#8217; para defender os direitos das mulheres, lutar contra a viol\u00eancia, feminic\u00eddio, desigualdade de g\u00eanero e injusti\u00e7a social&#8221;, afirmou Lenilma.<\/p>\n<p>Na opini\u00e3o da vice-presidente da ADUFPB, a sess\u00e3o em alus\u00e3o ao Dia Internacional da Mulher n\u00e3o foi uma simples comemora\u00e7\u00e3o, mas um espa\u00e7o para reafirmar a for\u00e7a da mulher, refletir sobre os retrocessos que ocorreram especialmente nos \u00faltimos seis anos, pedir justi\u00e7a para os crimes que seguem impunes, declarar sororidade a todas as companheiras e reafirmar a inten\u00e7\u00e3o de estar juntas em todas as lutas que envolvem as mulheres.<\/p>\n<p>Durante a atividade, foi cobrada justi\u00e7a para os assassinos de Mariele Franco e Anderson Gomes e cadeia para Eduardo Pereira, respons\u00e1vel pela chacina de Queimadas. &#8220;Quando uma mulher \u00e9 agredida todas s\u00e3o agredidas. Quando uma mulher e violentada, todas s\u00e3o. Quando uma mulher tem seus direitos cerceados, todas tem&#8221;, afirmou Lenilma Bento Meneses.<\/p>\n<p>Segundo a deputada Cida Ramos, a atividade desta quarta-feira n\u00e3o foi apenas uma a\u00e7\u00e3o formal, mas uma conquista a mais na trajet\u00f3ria de resili\u00eancia e luta das mulheres. A deputada lembra que, pelos n\u00fameros da viol\u00eancia contra as mulheres, os casos de feminic\u00eddios e de viol\u00eancia dom\u00e9stica continuam aumentando em todo o pa\u00eds.<\/p>\n<p>\u201cA gente ainda precisa lutar bastante, mudar a cultura patriarcal, machista. Mudar essa forma dos homens, das crian\u00e7as serem educadas, desde pequenininhas, que \u00e9 uma subestima\u00e7\u00e3o imensa do papel das mulheres. Reverter isso \u00e9 fundamental. N\u00f3s temos um arcabou\u00e7o jur\u00eddico muito grande, que d\u00e1, eu diria, uma retaguarda \u00e0 luta das mulheres. O que n\u00f3s temos que fazer \u00e9 mudar a cultura. E para mudar essa cultura, a gente precisa de todos os entes federativos e de todos os poderes\u201d, acrescentou.<\/p>\n<p>&nbsp;<\/p>\n\n\t\t\t<style type='text\/css'>\n\t\t\t\t#gallery-1 {\n\t\t\t\t\tmargin: auto;\n\t\t\t\t}\n\t\t\t\t#gallery-1 .gallery-item {\n\t\t\t\t\tfloat: left;\n\t\t\t\t\tmargin-top: 10px;\n\t\t\t\t\ttext-align: center;\n\t\t\t\t\twidth: 33%;\n\t\t\t\t}\n\t\t\t\t#gallery-1 img {\n\t\t\t\t\tborder: 2px solid #cfcfcf;\n\t\t\t\t}\n\t\t\t\t#gallery-1 .gallery-caption {\n\t\t\t\t\tmargin-left: 0;\n\t\t\t\t}\n\t\t\t\t\/* see gallery_shortcode() in wp-includes\/media.php *\/\n\t\t\t<\/style>\n\t\t<div id='gallery-1' class='dt-gallery-container gallery galleryid-30821 gallery-columns-3 gallery-size-thumbnail'><dl class='gallery-item'>\n\t\t\t\t<dt class='gallery-icon landscape'>\n\t\t\t\t\t<a class=\"rollover\" href='https:\/\/www.adufpb.org.br\/site\/dt_gallery\/mulheres-em-resistencia-2024-sessao-especial-na-alpb\/2024-03-06-mulheres-em-resistencia-alpb-54\/'><img loading=\"lazy\" decoding=\"async\" width=\"150\" height=\"150\" src=\"https:\/\/www.adufpb.org.br\/site\/wp-content\/uploads\/2024\/03\/2024.03.06-Mulheres-em-Resistencia-ALPB-54-150x150.jpeg\" class=\"attachment-thumbnail size-thumbnail\" alt=\"\" \/><\/a>\n\t\t\t\t<\/dt><\/dl><dl class='gallery-item'>\n\t\t\t\t<dt class='gallery-icon landscape'>\n\t\t\t\t\t<a class=\"rollover\" href='https:\/\/www.adufpb.org.br\/site\/dt_gallery\/mulheres-em-resistencia-2024-sessao-especial-na-alpb\/2024-03-06-mulheres-em-resistencia-alpb-43\/'><img loading=\"lazy\" decoding=\"async\" width=\"150\" height=\"150\" src=\"https:\/\/www.adufpb.org.br\/site\/wp-content\/uploads\/2024\/03\/2024.03.06-Mulheres-em-Resistencia-ALPB-43-150x150.jpeg\" class=\"attachment-thumbnail size-thumbnail\" alt=\"\" \/><\/a>\n\t\t\t\t<\/dt><\/dl><dl class='gallery-item'>\n\t\t\t\t<dt class='gallery-icon landscape'>\n\t\t\t\t\t<a class=\"rollover\" href='https:\/\/www.adufpb.org.br\/site\/dt_gallery\/mulheres-em-resistencia-2024-sessao-especial-na-alpb\/2024-03-06-mulheres-em-resistencia-alpb-37\/'><img loading=\"lazy\" decoding=\"async\" width=\"150\" height=\"150\" src=\"https:\/\/www.adufpb.org.br\/site\/wp-content\/uploads\/2024\/03\/2024.03.06-Mulheres-em-Resistencia-ALPB-37-150x150.jpeg\" class=\"attachment-thumbnail size-thumbnail\" alt=\"\" \/><\/a>\n\t\t\t\t<\/dt><\/dl><br style=\"clear: both\" \/><dl class='gallery-item'>\n\t\t\t\t<dt class='gallery-icon landscape'>\n\t\t\t\t\t<a class=\"rollover\" href='https:\/\/www.adufpb.org.br\/site\/dt_gallery\/mulheres-em-resistencia-2024-sessao-especial-na-alpb\/2024-03-06-mulheres-em-resistencia-alpb-34\/'><img loading=\"lazy\" decoding=\"async\" width=\"150\" height=\"150\" src=\"https:\/\/www.adufpb.org.br\/site\/wp-content\/uploads\/2024\/03\/2024.03.06-Mulheres-em-Resistencia-ALPB-34-150x150.jpeg\" class=\"attachment-thumbnail size-thumbnail\" alt=\"\" \/><\/a>\n\t\t\t\t<\/dt><\/dl><dl class='gallery-item'>\n\t\t\t\t<dt class='gallery-icon landscape'>\n\t\t\t\t\t<a class=\"rollover\" href='https:\/\/www.adufpb.org.br\/site\/dt_gallery\/mulheres-em-resistencia-2024-sessao-especial-na-alpb\/2024-03-06-mulheres-em-resistencia-alpb-21\/'><img loading=\"lazy\" decoding=\"async\" width=\"150\" height=\"150\" src=\"https:\/\/www.adufpb.org.br\/site\/wp-content\/uploads\/2024\/03\/2024.03.06-Mulheres-em-Resistencia-ALPB-21-150x150.jpeg\" class=\"attachment-thumbnail size-thumbnail\" alt=\"\" \/><\/a>\n\t\t\t\t<\/dt><\/dl><dl class='gallery-item'>\n\t\t\t\t<dt class='gallery-icon landscape'>\n\t\t\t\t\t<a class=\"rollover\" href='https:\/\/www.adufpb.org.br\/site\/dt_gallery\/mulheres-em-resistencia-2024-sessao-especial-na-alpb\/2024-03-06-mulheres-em-resistencia-alpb-4\/'><img loading=\"lazy\" decoding=\"async\" width=\"150\" height=\"150\" src=\"https:\/\/www.adufpb.org.br\/site\/wp-content\/uploads\/2024\/03\/2024.03.06-Mulheres-em-Resistencia-ALPB-4-150x150.jpeg\" class=\"attachment-thumbnail size-thumbnail\" alt=\"\" \/><\/a>\n\t\t\t\t<\/dt><\/dl><br style=\"clear: both\" \/>\n\t\t\t<\/div>\n\n<p>&nbsp;<\/p>\n<p><strong><span style=\"font-size: 14pt;\"><a href=\"https:\/\/www.adufpb.org.br\/site\/fotos\/\" target=\"_blank\" rel=\"noopener noreferrer\">Clique aqui para ver mais imagens da atividade.<\/a><\/span><\/strong><\/p>\n","protected":false},"excerpt":{"rendered":"<p>A ADUFPB, por meio do Comit\u00ea Mulheres em Resist\u00eancia, participou nesta quarta-feira (6) da sess\u00e3o especial na Assembleia Legislativa da Para\u00edba, proposta pela deputada Cida Ramos, em alus\u00e3o ao Dia Internacional de Luta das Mulheres. O evento reuniu gestores p\u00fablicos, parlamentares e lideran\u00e7as de entidades civis e integra a s\u00e9rie de atividades da campanha \u201cMar\u00e7o&hellip;<\/p>\n","protected":false},"author":3,"featured_media":30785,"comment_status":"closed","ping_status":"closed","sticky":false,"template":"","format":"standard","meta":{"footnotes":""},"categories":[1405,15,417],"tags":[121,552,115,1317],"class_list":["post-30821","post","type-post","status-publish","format-standard","has-post-thumbnail","hentry","category-chamada-principal","category-noticias","category-noticias-destaque","tag-8-de-marco","tag-assembleia-legislativa","tag-dia-da-mulher","tag-mulheres-em-resistencia","category-1405","category-15","category-417","description-off"],"_links":{"self":[{"href":"https:\/\/www.adufpb.org.br\/site\/wp-json\/wp\/v2\/posts\/30821","targetHints":{"allow":["GET"]}}],"collection":[{"href":"https:\/\/www.adufpb.org.br\/site\/wp-json\/wp\/v2\/posts"}],"about":[{"href":"https:\/\/www.adufpb.org.br\/site\/wp-json\/wp\/v2\/types\/post"}],"author":[{"embeddable":true,"href":"https:\/\/www.adufpb.org.br\/site\/wp-json\/wp\/v2\/users\/3"}],"replies":[{"embeddable":true,"href":"https:\/\/www.adufpb.org.br\/site\/wp-json\/wp\/v2\/comments?post=30821"}],"version-history":[{"count":8,"href":"https:\/\/www.adufpb.org.br\/site\/wp-json\/wp\/v2\/posts\/30821\/revisions"}],"predecessor-version":[{"id":30829,"href":"https:\/\/www.adufpb.org.br\/site\/wp-json\/wp\/v2\/posts\/30821\/revisions\/30829"}],"wp:featuredmedia":[{"embeddable":true,"href":"https:\/\/www.adufpb.org.br\/site\/wp-json\/wp\/v2\/media\/30785"}],"wp:attachment":[{"href":"https:\/\/www.adufpb.org.br\/site\/wp-json\/wp\/v2\/media?parent=30821"}],"wp:term":[{"taxonomy":"category","embeddable":true,"href":"https:\/\/www.adufpb.org.br\/site\/wp-json\/wp\/v2\/categories?post=30821"},{"taxonomy":"post_tag","embeddable":true,"href":"https:\/\/www.adufpb.org.br\/site\/wp-json\/wp\/v2\/tags?post=30821"}],"curies":[{"name":"wp","href":"https:\/\/api.w.org\/{rel}","templated":true}]}}