{"id":30535,"date":"2024-02-01T10:30:13","date_gmt":"2024-02-01T13:30:13","guid":{"rendered":"https:\/\/www.adufpb.org.br\/site\/?p=30535"},"modified":"2024-02-09T11:33:39","modified_gmt":"2024-02-09T14:33:39","slug":"sem-ar-condicionado-e-ventilador-estudantes-sao-obrigados-a-assistir-aula-ao-ar-livre","status":"publish","type":"post","link":"https:\/\/www.adufpb.org.br\/site\/sem-ar-condicionado-e-ventilador-estudantes-sao-obrigados-a-assistir-aula-ao-ar-livre\/","title":{"rendered":"Sem ar-condicionado e ventilador, estudantes s\u00e3o obrigados a assistir aula ao ar livre"},"content":{"rendered":"<p><span style=\"font-weight: 400;\"><a class=\"dt-pswp-item\" href=\"https:\/\/www.adufpb.org.br\/site\/wp-content\/uploads\/2024\/01\/estudantes-assistem-aula-ao-ar-livre-2.jpg\" data-dt-img-description=\"\" data-large_image_width=\"506\" data-large_image_height=\"898\"><img loading=\"lazy\" decoding=\"async\" class=\"alignright size-medium wp-image-30537\" src=\"https:\/\/www.adufpb.org.br\/site\/wp-content\/uploads\/2024\/01\/estudantes-assistem-aula-ao-ar-livre-2-169x300.jpg\" alt=\"\" width=\"169\" height=\"300\" srcset=\"https:\/\/www.adufpb.org.br\/site\/wp-content\/uploads\/2024\/01\/estudantes-assistem-aula-ao-ar-livre-2-169x300.jpg 169w, https:\/\/www.adufpb.org.br\/site\/wp-content\/uploads\/2024\/01\/estudantes-assistem-aula-ao-ar-livre-2-250x444.jpg 250w, https:\/\/www.adufpb.org.br\/site\/wp-content\/uploads\/2024\/01\/estudantes-assistem-aula-ao-ar-livre-2.jpg 506w\" sizes=\"auto, (max-width: 169px) 100vw, 169px\" \/><\/a>Com o retorno das atividades na UFPB, voltam tamb\u00e9m os graves problemas de infraestrutura nos campi da institui\u00e7\u00e3o. Na \u00faltima segunda-feira (29), primeiro dia de aula do per\u00edodo 2023.2, a situa\u00e7\u00e3o prec\u00e1ria que enfrentam estudantes e professores chamou aten\u00e7\u00e3o nas redes sociais. Um v\u00eddeo mostrou alunos do turno da noite assistindo aula ao ar livre na Central de Aulas, em Jo\u00e3o Pessoa. Sem ar-condicionado e ventilador, essa foi a estrat\u00e9gia encontrada pela turma para fugir das altas temperaturas que v\u00eam sendo registradas.<\/span><\/p>\n<p><span style=\"font-weight: 400;\">O problema ganhou repercuss\u00e3o na imprensa local e virou mat\u00e9ria na TV Cabo Branco, que noticiou a falta de estrutura nos programas Bom Dia Para\u00edba e JPB 1\u00aa Edi\u00e7\u00e3o (<a href=\"https:\/\/globoplay.globo.com\/v\/12313443\/\" target=\"_blank\" rel=\"noopener noreferrer\">clique aqui para ver<\/a>). Alguns portais de not\u00edcias tamb\u00e9m abordaram o problema. Segundo estudantes entrevistados, uma aluna chegou a desmaiar durante a aula devido ao excesso de calor. Eles explicam que as salas do CA foram adaptadas para receberem ar condicionado, por isso as janelas foram trancadas e n\u00e3o \u00e9 poss\u00edvel abri-las para amenizar o calor.<\/span><\/p>\n<p><span style=\"font-weight: 400;\">A falta de estrutura e a precariedade das condi\u00e7\u00f5es de trabalho na UFPB j\u00e1 v\u00eam sendo reiteradamente denunciadas pela ADUFPB. Segundo o presidente do sindicato, professor Cristiano Bonneau, al\u00e9m de trabalhar no calor, os professores tamb\u00e9m precisam lidar com salas superlotadas e at\u00e9 com a inseguran\u00e7a nos campi. Em agosto do ano passado, por exemplo, uma professora foi v\u00edtima de sequestro rel\u00e2mpago dentro do campus I.<\/span><\/p>\n<p><em>Fonte: Ascom ADUFPB<\/em><\/p>\n","protected":false},"excerpt":{"rendered":"<p>Com o retorno das atividades na UFPB, voltam tamb\u00e9m os graves problemas de infraestrutura nos campi da institui\u00e7\u00e3o. Na \u00faltima segunda-feira (29), primeiro dia de aula do per\u00edodo 2023.2, a situa\u00e7\u00e3o prec\u00e1ria que enfrentam estudantes e professores chamou aten\u00e7\u00e3o nas redes sociais. Um v\u00eddeo mostrou alunos do turno da noite assistindo aula ao ar livre&hellip;<\/p>\n","protected":false},"author":3,"featured_media":30536,"comment_status":"closed","ping_status":"closed","sticky":false,"template":"","format":"standard","meta":{"footnotes":""},"categories":[1405,15,417],"tags":[1665,960],"class_list":["post-30535","post","type-post","status-publish","format-standard","has-post-thumbnail","hentry","category-chamada-principal","category-noticias","category-noticias-destaque","tag-ar-condicionado","tag-falta-de-estrutura","category-1405","category-15","category-417","description-off"],"_links":{"self":[{"href":"https:\/\/www.adufpb.org.br\/site\/wp-json\/wp\/v2\/posts\/30535","targetHints":{"allow":["GET"]}}],"collection":[{"href":"https:\/\/www.adufpb.org.br\/site\/wp-json\/wp\/v2\/posts"}],"about":[{"href":"https:\/\/www.adufpb.org.br\/site\/wp-json\/wp\/v2\/types\/post"}],"author":[{"embeddable":true,"href":"https:\/\/www.adufpb.org.br\/site\/wp-json\/wp\/v2\/users\/3"}],"replies":[{"embeddable":true,"href":"https:\/\/www.adufpb.org.br\/site\/wp-json\/wp\/v2\/comments?post=30535"}],"version-history":[{"count":5,"href":"https:\/\/www.adufpb.org.br\/site\/wp-json\/wp\/v2\/posts\/30535\/revisions"}],"predecessor-version":[{"id":30542,"href":"https:\/\/www.adufpb.org.br\/site\/wp-json\/wp\/v2\/posts\/30535\/revisions\/30542"}],"wp:featuredmedia":[{"embeddable":true,"href":"https:\/\/www.adufpb.org.br\/site\/wp-json\/wp\/v2\/media\/30536"}],"wp:attachment":[{"href":"https:\/\/www.adufpb.org.br\/site\/wp-json\/wp\/v2\/media?parent=30535"}],"wp:term":[{"taxonomy":"category","embeddable":true,"href":"https:\/\/www.adufpb.org.br\/site\/wp-json\/wp\/v2\/categories?post=30535"},{"taxonomy":"post_tag","embeddable":true,"href":"https:\/\/www.adufpb.org.br\/site\/wp-json\/wp\/v2\/tags?post=30535"}],"curies":[{"name":"wp","href":"https:\/\/api.w.org\/{rel}","templated":true}]}}