{"id":30523,"date":"2024-01-29T09:46:25","date_gmt":"2024-01-29T12:46:25","guid":{"rendered":"https:\/\/www.adufpb.org.br\/site\/?p=30523"},"modified":"2024-02-07T11:25:12","modified_gmt":"2024-02-07T14:25:12","slug":"professoras-da-ufpb-representam-a-paraiba-na-conferencia-nacional-de-educacao","status":"publish","type":"post","link":"https:\/\/www.adufpb.org.br\/site\/professoras-da-ufpb-representam-a-paraiba-na-conferencia-nacional-de-educacao\/","title":{"rendered":"Professoras da UFPB representam a Para\u00edba na Confer\u00eancia Nacional de Educa\u00e7\u00e3o"},"content":{"rendered":"<p>As professoras Anita Leoc\u00e1dia, Ivete Martins, Rita Porto, Adelaide Dias, Rita Porto e Maria Helena est\u00e3o em Bras\u00edlia participando, como delegadas da Para\u00edba, da Confer\u00eancia Nacional de Educa\u00e7\u00e3o (Conae) 2024, que ir\u00e1 planejar as pol\u00edticas de educa\u00e7\u00e3o do pa\u00eds para os pr\u00f3ximos 10 anos. O evento come\u00e7ou no \u00faltimo s\u00e1bado (28) e segue at\u00e9 amanh\u00e3 (30).<\/p>\n<p>&#8220;Estamos aqui como delegadas para defender a educa\u00e7\u00e3o p\u00fablica, gratuita e de qualidade e construir o Plano Nacional de Educa\u00e7\u00e3o, que \u00e9 a pol\u00edtica de educa\u00e7\u00e3o do pa\u00eds para os pr\u00f3ximos 10 anos, de 2024 a 2034&#8221;, explica a professora Rita Porto, diretora de Assuntos de Aposentadoria da ADUFPB.<\/p>\n<p>A\u202fConfer\u00eancia tem como tema \u201cPlano Nacional de Educa\u00e7\u00e3o 2024-2034: Pol\u00edtica de Estado para garantia da educa\u00e7\u00e3o como direito humano com justi\u00e7a social e desenvolvimento socioambiental sustent\u00e1vel\u201d.<\/p>\n<p><strong>O que \u00e9 o Conae<\/strong><br \/>\nA Confer\u00eancia Nacional de Educa\u00e7\u00e3o (Conae) \u00e9 um espa\u00e7o de debate onde representantes de diversos setores da sociedade se re\u00fanem para discutir as pol\u00edticas educacionais do nosso pa\u00eds. Estudantes, professores, gestores, pais e muitos outros atores t\u00eam na Conae a oportunidade de contribuir para a constru\u00e7\u00e3o de uma educa\u00e7\u00e3o mais justa e inclusiva. O tema da Conae 2024 \u00e9 &#8220;Plano Nacional de Educa\u00e7\u00e3o 2024-2034: Pol\u00edtica de Estado para garantia da educa\u00e7\u00e3o como direito humano com justi\u00e7a social e desenvolvimento socioambiental sustent\u00e1vel\u201d<\/p>\n<p>O Plano Nacional de Educa\u00e7\u00e3o (PNE) \u00e9 um plano decenal que estabelece diretrizes, objetivos, metas e estrat\u00e9gias para a edca\u00e7\u00e3o nacional. A Conae possui car\u00e1ter deliberativo e apresentar\u00e1 um conjunto de propostas para subsidiar a apresenta\u00e7\u00e3o e a implementa\u00e7\u00e3o do novo PNE.<\/p>\n<p>A Conae 2024 \u00e9 organizada e realizada pelo F\u00f3rum Nacional de Educa\u00e7\u00e3o (FNE) e promovida pelo Minist\u00e9rio da Educa\u00e7\u00e3o (MEC). A etapa nacional da Conae \u00e9 precedida de confer\u00eancias municipais, intermunicipais, estaduais e distrital.<\/p>\n\n\t\t\t<style type='text\/css'>\n\t\t\t\t#gallery-1 {\n\t\t\t\t\tmargin: auto;\n\t\t\t\t}\n\t\t\t\t#gallery-1 .gallery-item {\n\t\t\t\t\tfloat: left;\n\t\t\t\t\tmargin-top: 10px;\n\t\t\t\t\ttext-align: center;\n\t\t\t\t\twidth: 50%;\n\t\t\t\t}\n\t\t\t\t#gallery-1 img {\n\t\t\t\t\tborder: 2px solid #cfcfcf;\n\t\t\t\t}\n\t\t\t\t#gallery-1 .gallery-caption {\n\t\t\t\t\tmargin-left: 0;\n\t\t\t\t}\n\t\t\t\t\/* see gallery_shortcode() in wp-includes\/media.php *\/\n\t\t\t<\/style>\n\t\t<div id='gallery-1' class='dt-gallery-container gallery galleryid-30523 gallery-columns-2 gallery-size-large'><dl class='gallery-item'>\n\t\t\t\t<dt class='gallery-icon landscape'>\n\t\t\t\t\t<a class=\"rollover\" href='https:\/\/www.adufpb.org.br\/site\/professoras-da-ufpb-representam-a-paraiba-na-conferencia-nacional-de-educacao\/2024-01-29-conae-3\/'><img loading=\"lazy\" decoding=\"async\" width=\"1024\" height=\"932\" src=\"https:\/\/www.adufpb.org.br\/site\/wp-content\/uploads\/2024\/01\/2024.01.29-conae-3-1024x932.jpeg\" class=\"attachment-large size-large\" alt=\"\" srcset=\"https:\/\/www.adufpb.org.br\/site\/wp-content\/uploads\/2024\/01\/2024.01.29-conae-3-1024x932.jpeg 1024w, https:\/\/www.adufpb.org.br\/site\/wp-content\/uploads\/2024\/01\/2024.01.29-conae-3-300x273.jpeg 300w, https:\/\/www.adufpb.org.br\/site\/wp-content\/uploads\/2024\/01\/2024.01.29-conae-3-768x699.jpeg 768w, https:\/\/www.adufpb.org.br\/site\/wp-content\/uploads\/2024\/01\/2024.01.29-conae-3-250x228.jpeg 250w, https:\/\/www.adufpb.org.br\/site\/wp-content\/uploads\/2024\/01\/2024.01.29-conae-3.jpeg 1280w\" sizes=\"auto, (max-width: 1024px) 100vw, 1024px\" \/><\/a>\n\t\t\t\t<\/dt><\/dl><dl class='gallery-item'>\n\t\t\t\t<dt class='gallery-icon portrait'>\n\t\t\t\t\t<a class=\"rollover\" href='https:\/\/www.adufpb.org.br\/site\/professoras-da-ufpb-representam-a-paraiba-na-conferencia-nacional-de-educacao\/2024-01-29-conae-2\/'><img loading=\"lazy\" decoding=\"async\" width=\"1018\" height=\"1024\" src=\"https:\/\/www.adufpb.org.br\/site\/wp-content\/uploads\/2024\/01\/2024.01.29-conae-2-1018x1024.jpeg\" class=\"attachment-large size-large\" alt=\"\" srcset=\"https:\/\/www.adufpb.org.br\/site\/wp-content\/uploads\/2024\/01\/2024.01.29-conae-2-1018x1024.jpeg 1018w, https:\/\/www.adufpb.org.br\/site\/wp-content\/uploads\/2024\/01\/2024.01.29-conae-2-298x300.jpeg 298w, https:\/\/www.adufpb.org.br\/site\/wp-content\/uploads\/2024\/01\/2024.01.29-conae-2-150x150.jpeg 150w, https:\/\/www.adufpb.org.br\/site\/wp-content\/uploads\/2024\/01\/2024.01.29-conae-2-768x773.jpeg 768w, https:\/\/www.adufpb.org.br\/site\/wp-content\/uploads\/2024\/01\/2024.01.29-conae-2-250x252.jpeg 250w, https:\/\/www.adufpb.org.br\/site\/wp-content\/uploads\/2024\/01\/2024.01.29-conae-2.jpeg 1272w\" sizes=\"auto, (max-width: 1018px) 100vw, 1018px\" \/><\/a>\n\t\t\t\t<\/dt><\/dl><br style=\"clear: both\" \/><dl class='gallery-item'>\n\t\t\t\t<dt class='gallery-icon portrait'>\n\t\t\t\t\t<a class=\"rollover\" href='https:\/\/www.adufpb.org.br\/site\/professoras-da-ufpb-representam-a-paraiba-na-conferencia-nacional-de-educacao\/2024-01-29-adelaide-dias-maria-helena-e-rita-porto-conae\/'><img loading=\"lazy\" decoding=\"async\" width=\"563\" height=\"1024\" src=\"https:\/\/www.adufpb.org.br\/site\/wp-content\/uploads\/2024\/01\/2024.01.29-Adelaide-Dias-Maria-Helena-e-Rita-Porto-conae-563x1024.jpeg\" class=\"attachment-large size-large\" alt=\"\" srcset=\"https:\/\/www.adufpb.org.br\/site\/wp-content\/uploads\/2024\/01\/2024.01.29-Adelaide-Dias-Maria-Helena-e-Rita-Porto-conae-563x1024.jpeg 563w, https:\/\/www.adufpb.org.br\/site\/wp-content\/uploads\/2024\/01\/2024.01.29-Adelaide-Dias-Maria-Helena-e-Rita-Porto-conae-165x300.jpeg 165w, https:\/\/www.adufpb.org.br\/site\/wp-content\/uploads\/2024\/01\/2024.01.29-Adelaide-Dias-Maria-Helena-e-Rita-Porto-conae-250x455.jpeg 250w, https:\/\/www.adufpb.org.br\/site\/wp-content\/uploads\/2024\/01\/2024.01.29-Adelaide-Dias-Maria-Helena-e-Rita-Porto-conae.jpeg 704w\" sizes=\"auto, (max-width: 563px) 100vw, 563px\" \/><\/a>\n\t\t\t\t<\/dt><\/dl><dl class='gallery-item'>\n\t\t\t\t<dt class='gallery-icon portrait'>\n\t\t\t\t\t<a class=\"rollover\" href='https:\/\/www.adufpb.org.br\/site\/professoras-da-ufpb-representam-a-paraiba-na-conferencia-nacional-de-educacao\/2024-01-29-adelaide-dias-rita-porto-e-maria-helena-conae\/'><img loading=\"lazy\" decoding=\"async\" width=\"861\" height=\"1024\" src=\"https:\/\/www.adufpb.org.br\/site\/wp-content\/uploads\/2024\/01\/2024.01.29-Adelaide-Dias-Rita-Porto-e-Maria-Helena-conae-861x1024.jpeg\" class=\"attachment-large size-large\" alt=\"\" srcset=\"https:\/\/www.adufpb.org.br\/site\/wp-content\/uploads\/2024\/01\/2024.01.29-Adelaide-Dias-Rita-Porto-e-Maria-Helena-conae-861x1024.jpeg 861w, https:\/\/www.adufpb.org.br\/site\/wp-content\/uploads\/2024\/01\/2024.01.29-Adelaide-Dias-Rita-Porto-e-Maria-Helena-conae-252x300.jpeg 252w, https:\/\/www.adufpb.org.br\/site\/wp-content\/uploads\/2024\/01\/2024.01.29-Adelaide-Dias-Rita-Porto-e-Maria-Helena-conae-768x914.jpeg 768w, https:\/\/www.adufpb.org.br\/site\/wp-content\/uploads\/2024\/01\/2024.01.29-Adelaide-Dias-Rita-Porto-e-Maria-Helena-conae-250x297.jpeg 250w, https:\/\/www.adufpb.org.br\/site\/wp-content\/uploads\/2024\/01\/2024.01.29-Adelaide-Dias-Rita-Porto-e-Maria-Helena-conae.jpeg 1076w\" sizes=\"auto, (max-width: 861px) 100vw, 861px\" \/><\/a>\n\t\t\t\t<\/dt><\/dl><br style=\"clear: both\" \/>\n\t\t\t<\/div>\n\n","protected":false},"excerpt":{"rendered":"<p>As professoras Anita Leoc\u00e1dia, Ivete Martins, Rita Porto, Adelaide Dias, Rita Porto e Maria Helena est\u00e3o em Bras\u00edlia participando, como delegadas da Para\u00edba, da Confer\u00eancia Nacional de Educa\u00e7\u00e3o (Conae) 2024, que ir\u00e1 planejar as pol\u00edticas de educa\u00e7\u00e3o do pa\u00eds para os pr\u00f3ximos 10 anos. O evento come\u00e7ou no \u00faltimo s\u00e1bado (28) e segue at\u00e9 amanh\u00e3&hellip;<\/p>\n","protected":false},"author":3,"featured_media":30524,"comment_status":"closed","ping_status":"closed","sticky":false,"template":"","format":"standard","meta":{"footnotes":""},"categories":[1405,15,417],"tags":[1664,216,192],"class_list":["post-30523","post","type-post","status-publish","format-standard","has-post-thumbnail","hentry","category-chamada-principal","category-noticias","category-noticias-destaque","tag-conae","tag-educacao","tag-pne","category-1405","category-15","category-417","description-off"],"_links":{"self":[{"href":"https:\/\/www.adufpb.org.br\/site\/wp-json\/wp\/v2\/posts\/30523","targetHints":{"allow":["GET"]}}],"collection":[{"href":"https:\/\/www.adufpb.org.br\/site\/wp-json\/wp\/v2\/posts"}],"about":[{"href":"https:\/\/www.adufpb.org.br\/site\/wp-json\/wp\/v2\/types\/post"}],"author":[{"embeddable":true,"href":"https:\/\/www.adufpb.org.br\/site\/wp-json\/wp\/v2\/users\/3"}],"replies":[{"embeddable":true,"href":"https:\/\/www.adufpb.org.br\/site\/wp-json\/wp\/v2\/comments?post=30523"}],"version-history":[{"count":1,"href":"https:\/\/www.adufpb.org.br\/site\/wp-json\/wp\/v2\/posts\/30523\/revisions"}],"predecessor-version":[{"id":30529,"href":"https:\/\/www.adufpb.org.br\/site\/wp-json\/wp\/v2\/posts\/30523\/revisions\/30529"}],"wp:featuredmedia":[{"embeddable":true,"href":"https:\/\/www.adufpb.org.br\/site\/wp-json\/wp\/v2\/media\/30524"}],"wp:attachment":[{"href":"https:\/\/www.adufpb.org.br\/site\/wp-json\/wp\/v2\/media?parent=30523"}],"wp:term":[{"taxonomy":"category","embeddable":true,"href":"https:\/\/www.adufpb.org.br\/site\/wp-json\/wp\/v2\/categories?post=30523"},{"taxonomy":"post_tag","embeddable":true,"href":"https:\/\/www.adufpb.org.br\/site\/wp-json\/wp\/v2\/tags?post=30523"}],"curies":[{"name":"wp","href":"https:\/\/api.w.org\/{rel}","templated":true}]}}