{"id":30510,"date":"2024-01-24T09:55:56","date_gmt":"2024-01-24T12:55:56","guid":{"rendered":"https:\/\/www.adufpb.org.br\/site\/?p=30510"},"modified":"2024-02-05T11:06:55","modified_gmt":"2024-02-05T14:06:55","slug":"homenagem-ao-dia-doa-aposentadoa","status":"publish","type":"post","link":"https:\/\/www.adufpb.org.br\/site\/homenagem-ao-dia-doa-aposentadoa\/","title":{"rendered":"Homenagem ao Dia do(a) Aposentado(a)"},"content":{"rendered":"<p><span style=\"font-size: 12pt;\"><a class=\"dt-pswp-item\" href=\"https:\/\/www.adufpb.org.br\/site\/wp-content\/uploads\/2024\/01\/2024.01.24-card-dia-dos-aposentados.jpeg\" data-dt-img-description=\"\" data-large_image_width=\"1073\" data-large_image_height=\"1073\"><img loading=\"lazy\" decoding=\"async\" class=\"aligncenter size-large wp-image-30511\" src=\"https:\/\/www.adufpb.org.br\/site\/wp-content\/uploads\/2024\/01\/2024.01.24-card-dia-dos-aposentados-1024x1024.jpeg\" alt=\"\" width=\"1024\" height=\"1024\" srcset=\"https:\/\/www.adufpb.org.br\/site\/wp-content\/uploads\/2024\/01\/2024.01.24-card-dia-dos-aposentados-1024x1024.jpeg 1024w, https:\/\/www.adufpb.org.br\/site\/wp-content\/uploads\/2024\/01\/2024.01.24-card-dia-dos-aposentados-300x300.jpeg 300w, https:\/\/www.adufpb.org.br\/site\/wp-content\/uploads\/2024\/01\/2024.01.24-card-dia-dos-aposentados-150x150.jpeg 150w, https:\/\/www.adufpb.org.br\/site\/wp-content\/uploads\/2024\/01\/2024.01.24-card-dia-dos-aposentados-768x768.jpeg 768w, https:\/\/www.adufpb.org.br\/site\/wp-content\/uploads\/2024\/01\/2024.01.24-card-dia-dos-aposentados-250x250.jpeg 250w, https:\/\/www.adufpb.org.br\/site\/wp-content\/uploads\/2024\/01\/2024.01.24-card-dia-dos-aposentados.jpeg 1073w\" sizes=\"auto, (max-width: 1024px) 100vw, 1024px\" \/><\/a><\/span><\/p>\n<p>&nbsp;<\/p>\n<p><span style=\"font-size: 12pt;\">Hoje, a ADUFPB celebra o Dia do(a) Aposentado(a) rendendo homenagens aos professores e \u00e0s professoras que dedicaram d\u00e9cadas de vida e trabalho ao ensino p\u00fablico.<\/span><\/p>\n<p><span style=\"font-size: 12pt;\">A contribui\u00e7\u00e3o valiosa desses(as) educadores(as) fortaleceu n\u00e3o apenas a trajet\u00f3ria e o reconhecimento da import\u00e2ncia da UFPB, mas tamb\u00e9m a defesa de uma educa\u00e7\u00e3o p\u00fablica, gratuita e qualidade.<\/span><\/p>\n<p><span style=\"font-size: 12pt;\">Ressaltamos que a participa\u00e7\u00e3o ativa de nossos(as) aposentados(as) \u00e9 fundamental para o sucesso de nossa luta sindical. O legado e experi\u00eancia deles(as) continuam a inspirar as gera\u00e7\u00f5es futuras, destacando a import\u00e2ncia cont\u00ednua de sua voz na constru\u00e7\u00e3o de um sistema educacional mais justo e inclusivo.<\/span><\/p>\n<p><span style=\"font-size: 12pt;\">Feliz Dia do(a) Aposentado(a)<\/span><\/p>\n<p><span style=\"font-size: 12pt;\">Quem tem sindicato nunca est\u00e1 s\u00f3!<\/span><\/p>\n","protected":false},"excerpt":{"rendered":"<p>&nbsp; Hoje, a ADUFPB celebra o Dia do(a) Aposentado(a) rendendo homenagens aos professores e \u00e0s professoras que dedicaram d\u00e9cadas de vida e trabalho ao ensino p\u00fablico. A contribui\u00e7\u00e3o valiosa desses(as) educadores(as) fortaleceu n\u00e3o apenas a trajet\u00f3ria e o reconhecimento da import\u00e2ncia da UFPB, mas tamb\u00e9m a defesa de uma educa\u00e7\u00e3o p\u00fablica, gratuita e qualidade. Ressaltamos&hellip;<\/p>\n","protected":false},"author":3,"featured_media":30511,"comment_status":"closed","ping_status":"closed","sticky":false,"template":"","format":"standard","meta":{"footnotes":""},"categories":[1405,15,417],"tags":[],"class_list":["post-30510","post","type-post","status-publish","format-standard","has-post-thumbnail","hentry","category-chamada-principal","category-noticias","category-noticias-destaque","category-1405","category-15","category-417","description-off"],"_links":{"self":[{"href":"https:\/\/www.adufpb.org.br\/site\/wp-json\/wp\/v2\/posts\/30510","targetHints":{"allow":["GET"]}}],"collection":[{"href":"https:\/\/www.adufpb.org.br\/site\/wp-json\/wp\/v2\/posts"}],"about":[{"href":"https:\/\/www.adufpb.org.br\/site\/wp-json\/wp\/v2\/types\/post"}],"author":[{"embeddable":true,"href":"https:\/\/www.adufpb.org.br\/site\/wp-json\/wp\/v2\/users\/3"}],"replies":[{"embeddable":true,"href":"https:\/\/www.adufpb.org.br\/site\/wp-json\/wp\/v2\/comments?post=30510"}],"version-history":[{"count":2,"href":"https:\/\/www.adufpb.org.br\/site\/wp-json\/wp\/v2\/posts\/30510\/revisions"}],"predecessor-version":[{"id":30513,"href":"https:\/\/www.adufpb.org.br\/site\/wp-json\/wp\/v2\/posts\/30510\/revisions\/30513"}],"wp:featuredmedia":[{"embeddable":true,"href":"https:\/\/www.adufpb.org.br\/site\/wp-json\/wp\/v2\/media\/30511"}],"wp:attachment":[{"href":"https:\/\/www.adufpb.org.br\/site\/wp-json\/wp\/v2\/media?parent=30510"}],"wp:term":[{"taxonomy":"category","embeddable":true,"href":"https:\/\/www.adufpb.org.br\/site\/wp-json\/wp\/v2\/categories?post=30510"},{"taxonomy":"post_tag","embeddable":true,"href":"https:\/\/www.adufpb.org.br\/site\/wp-json\/wp\/v2\/tags?post=30510"}],"curies":[{"name":"wp","href":"https:\/\/api.w.org\/{rel}","templated":true}]}}