{"id":30496,"date":"2024-01-09T08:45:13","date_gmt":"2024-01-09T11:45:13","guid":{"rendered":"https:\/\/www.adufpb.org.br\/site\/?p=30496"},"modified":"2024-01-29T09:48:41","modified_gmt":"2024-01-29T12:48:41","slug":"andes-sn-divulga-caderno-de-texto-do-42o-congresso","status":"publish","type":"post","link":"https:\/\/www.adufpb.org.br\/site\/andes-sn-divulga-caderno-de-texto-do-42o-congresso\/","title":{"rendered":"ANDES-SN divulga caderno de texto do 42\u00ba Congresso"},"content":{"rendered":"<p>A secretaria do ANDES-SN divulgou, atrav\u00e9s da circular 05\/2024, o\u00a0<a href=\"http:\/\/www.andes.org.br\/diretorios\/files\/renata\/2024\/Circ005-2024%20-%20Anexo%201_Caderno%20de%20texto.pdf\" target=\"_blank\" rel=\"noopener noreferrer\">Caderno de Textos\u00a0<\/a>do 42\u00b0 Congresso do ANDES-SN. Com tema central \u201cReverter as contrarreformas, em defesa da educa\u00e7\u00e3o, dos servi\u00e7os p\u00fablicos, das liberdades democr\u00e1ticas e direitos sociais\u201d, o evento \u00e9 organizado pela Associa\u00e7\u00e3o dos Docentes da Universidade Federal do Cear\u00e1 (Adufc Se\u00e7\u00e3o Sindical).<\/p>\n<p>O Caderno conta com 11 textos sobre o tema Conjuntura e Movimento Docente, 8 referentes aos Planos de Lutas dos Setores, 16 sobre as tem\u00e1ticas do Plano Geral de Lutas e 12 que tratam das Quest\u00f5es Organizativas e Financeiras. As contribui\u00e7\u00f5es que chegarem \u00e0 sede do ANDES-SN at\u00e9 1\u00ba de fevereiro de 2024 ir\u00e3o compor o Anexo ao Caderno de Textos. Esse documento ser\u00e1 publicado at\u00e9 o dia 16 de fevereiro de 2024.<\/p>\n<p><a href=\"http:\/\/www.andes.org.br\/diretorios\/files\/renata\/2024\/Circ005-2024%20-%20Anexo%201_Caderno%20de%20texto.pdf\" target=\"_blank\" rel=\"noopener noreferrer\">Acesse aqui o Caderno de Textos do 42\u00ba Congresso<\/a><\/p>\n<p><strong>Inscri\u00e7\u00f5es pr\u00e9vias<\/strong><br \/>\nAs delega\u00e7\u00f5es das se\u00e7\u00f5es sindicais eleitas para participar do 42\u00ba Congresso do ANDES-SN devem ser inscritas, previamente, at\u00e9 o dia 06 de fevereiro. O credenciamento dever\u00e1 ser realizado por meio de formul\u00e1rio digital. Todas as se\u00e7\u00f5es sindicais podem acessar o formul\u00e1rio pela internet (<a href=\"https:\/\/docs.google.com\/forms\/d\/e\/1FAIpQLSc48CpUlXL3sEzZlvsWPWUFxzMiPfSL9VJtOevQ8HA7NnCWqA\/viewform\" target=\"_blank\" rel=\"noopener noreferrer\">clique aqui)<\/a>.<\/p>\n<p>As e os jornalistas das se\u00e7\u00f5es sindicais que far\u00e3o a cobertura do 42\u00b0 Congresso do ANDES-SN, dever\u00e3o ser credenciados pelas respectivas se\u00e7\u00f5es sindicais, juntamente com suas delega\u00e7\u00f5es. Orienta\u00e7\u00f5es detalhadas para cadastro das delega\u00e7\u00f5es foram encaminhadas na circular 405\/2023.\u00a0<a href=\"https:\/\/www.andes.org.br\/diretorios\/files\/renata\/2023\/DEZ\/Circ405-23.pdf\" target=\"_blank\" rel=\"noopener noreferrer\">Acesse aqui.<\/a><\/p>\n<p><strong>Confira todas as circulares referentes ao 42\u00ba Congresso<\/strong><br \/>\n<a href=\"http:\/\/www.andes.org.br\/diretorios\/files\/renata\/2023\/DEZ\/Circ392-23.pdf\" target=\"_blank\" rel=\"noopener noreferrer\">Circular\u00a0392\/2023<\/a><br \/>\n<a href=\"http:\/\/www.andes.org.br\/diretorios\/files\/renata\/2023\/DEZ\/Circ405-23.pdf\" target=\"_blank\" rel=\"noopener noreferrer\">Circular 405\/2023<\/a><br \/>\n<a href=\"http:\/\/www.andes.org.br\/diretorios\/files\/renata\/2023\/DEZ\/Circ474-23.pdf\" target=\"_blank\" rel=\"noopener noreferrer\">Circular 474\/2023<\/a><br \/>\n<a href=\"http:\/\/www.andes.org.br\/diretorios\/files\/renata\/2024\/Circ005-2024%20-%20Envia%20Caderno%20de%20Textos%20do%2042%C2%BA%20Congresso%20do%20ANDES-SN.pdf\" target=\"_blank\" rel=\"noopener noreferrer\">Circular 005\/2024<\/a>\u00a0<a href=\"http:\/\/www.andes.org.br\/diretorios\/files\/renata\/2024\/Circ005-2024%20-%20Anexo%201_Caderno%20de%20texto.pdf\" target=\"_blank\" rel=\"noopener noreferrer\">&#8211; Anexo da Circ. 05\/2024<\/a><br \/>\n<em>Fonte: Andes-SN<\/em><\/p>\n","protected":false},"excerpt":{"rendered":"<p>A secretaria do ANDES-SN divulgou, atrav\u00e9s da circular 05\/2024, o\u00a0Caderno de Textos\u00a0do 42\u00b0 Congresso do ANDES-SN. Com tema central \u201cReverter as contrarreformas, em defesa da educa\u00e7\u00e3o, dos servi\u00e7os p\u00fablicos, das liberdades democr\u00e1ticas e direitos sociais\u201d, o evento \u00e9 organizado pela Associa\u00e7\u00e3o dos Docentes da Universidade Federal do Cear\u00e1 (Adufc Se\u00e7\u00e3o Sindical). O Caderno conta com&hellip;<\/p>\n","protected":false},"author":3,"featured_media":30497,"comment_status":"closed","ping_status":"closed","sticky":false,"template":"","format":"standard","meta":{"footnotes":""},"categories":[1405,15,417],"tags":[1661,92,269],"class_list":["post-30496","post","type-post","status-publish","format-standard","has-post-thumbnail","hentry","category-chamada-principal","category-noticias","category-noticias-destaque","tag-42o-congrsso-do-andes","tag-andes","tag-congresso-do-andes","category-1405","category-15","category-417","description-off"],"_links":{"self":[{"href":"https:\/\/www.adufpb.org.br\/site\/wp-json\/wp\/v2\/posts\/30496","targetHints":{"allow":["GET"]}}],"collection":[{"href":"https:\/\/www.adufpb.org.br\/site\/wp-json\/wp\/v2\/posts"}],"about":[{"href":"https:\/\/www.adufpb.org.br\/site\/wp-json\/wp\/v2\/types\/post"}],"author":[{"embeddable":true,"href":"https:\/\/www.adufpb.org.br\/site\/wp-json\/wp\/v2\/users\/3"}],"replies":[{"embeddable":true,"href":"https:\/\/www.adufpb.org.br\/site\/wp-json\/wp\/v2\/comments?post=30496"}],"version-history":[{"count":2,"href":"https:\/\/www.adufpb.org.br\/site\/wp-json\/wp\/v2\/posts\/30496\/revisions"}],"predecessor-version":[{"id":30499,"href":"https:\/\/www.adufpb.org.br\/site\/wp-json\/wp\/v2\/posts\/30496\/revisions\/30499"}],"wp:featuredmedia":[{"embeddable":true,"href":"https:\/\/www.adufpb.org.br\/site\/wp-json\/wp\/v2\/media\/30497"}],"wp:attachment":[{"href":"https:\/\/www.adufpb.org.br\/site\/wp-json\/wp\/v2\/media?parent=30496"}],"wp:term":[{"taxonomy":"category","embeddable":true,"href":"https:\/\/www.adufpb.org.br\/site\/wp-json\/wp\/v2\/categories?post=30496"},{"taxonomy":"post_tag","embeddable":true,"href":"https:\/\/www.adufpb.org.br\/site\/wp-json\/wp\/v2\/tags?post=30496"}],"curies":[{"name":"wp","href":"https:\/\/api.w.org\/{rel}","templated":true}]}}