{"id":30170,"date":"2023-11-11T09:52:46","date_gmt":"2023-11-11T12:52:46","guid":{"rendered":"https:\/\/www.adufpb.org.br\/site\/?p=30170"},"modified":"2023-12-12T09:37:42","modified_gmt":"2023-12-12T12:37:42","slug":"adufpb-realiza-rodada-de-assembleias-nos-dias-12-e-13-de-dezembro","status":"publish","type":"post","link":"https:\/\/www.adufpb.org.br\/site\/adufpb-realiza-rodada-de-assembleias-nos-dias-12-e-13-de-dezembro\/","title":{"rendered":"ADUFPB realiza rodada de assembleias nos dias 12 e 13 de dezembro"},"content":{"rendered":"<p><span style=\"font-weight: 400;\">A pr\u00f3xima rodada de assembleias da ADUFPB j\u00e1 tem data marcada. Ser\u00e1 nos dias 12 e 13 de dezembro. No primeiro dia, re\u00fanem-se, de forma presencial, os docentes dos campi de Areia e Bananeiras. No segundo, os de Jo\u00e3o Pessoa e Litoral Norte, no modelo h\u00edbrido (presencial com transmiss\u00e3o pelo Zoom). A pauta envolver\u00e1 dois temas que devem concentrar as aten\u00e7\u00f5es do sindicato neste final de ano: o 42\u00ba Congresso do Andes &#8211; Sindicato Nacional e a aprecia\u00e7\u00e3o das contas do sindicato.<\/span><\/p>\n<p><span style=\"font-weight: 400;\">Em rela\u00e7\u00e3o ao Congresso do Andes, os professores e as professoras da ADUFPB ir\u00e3o eleger, em assembleia, os delegados que representar\u00e3o o sindicato no evento, programado para ocorrer de 26 de fevereiro a 1\u00ba de mar\u00e7o, em Fortaleza (CE). Al\u00e9m disso, v\u00e3o apreciar os Textos de Resolu\u00e7\u00e3o (TRs) que a ADUFPB ir\u00e1 encaminhar para compor o Caderno de Textos, documento que orienta os debates e delibera\u00e7\u00f5es do congresso.<\/span><\/p>\n<p><b>Oficinas de TRs<\/b><\/p>\n<p><span style=\"font-weight: 400;\">Para elaborar os TRs, ser\u00e3o realizadas, nesta quinta-feira, 23, e na segunda-feira, 27, oficinas abertas aos(as) sindicalizados(as). O presidente da ADUFPB, Cristiano Bonneau, explica que a proposta \u00e9 discutir os principais temas de interesse do sindicato e construir coletivamente os Textos de Resolu\u00e7\u00e3o.<\/span><\/p>\n<p><span style=\"font-weight: 400;\">As oficinas ocorrer\u00e3o na Sala de Leitura da sede do Centro de Viv\u00eancia, a partir das 15h. O conjunto de textos elaborados nos dois encontros ser\u00e1 primeiramente apresentado \u00e0 assembleia docente, nos dias 12 e 13 de dezembro. Se aprovados pela categoria, eles ser\u00e3o encaminhados para o Andes para compor o Caderno de Textos do 42\u00ba Congresso.<\/span><\/p>\n<p><span style=\"font-weight: 400;\">Cristiano Bonneau destaca que os TRs tra\u00e7am o rumo da atividade sindical no ano, como o calend\u00e1rio de lutas e as pautas centrais. Por esta raz\u00e3o, \u00e9 muito importante que a ADUFPB colabore com a forma\u00e7\u00e3o do documento, de modo que as demandas dos docentes da UFPB possam pautar tamb\u00e9m o sindicato nacional.<\/span><\/p>\n<p><strong>Contas da ADUFPB<\/strong><\/p>\n<p>A rodada de assembleias dos dias 12 e 13 tamb\u00e9m ir\u00e1 tratar da aprecia\u00e7\u00e3o das contas da ADUFPB referentes aos anos de 2018 e 2019. Para isso, uma comiss\u00e3o j\u00e1 foi formada pelo Conselho de Representantes com a miss\u00e3o de avaliar as contas e apresentar um relat\u00f3rio \u00e0 assembleia.<\/p>\n<p>A comiss\u00e3o \u00e9 formada pelas professoras Helen Ramalho de Farias Pinto e Nilv\u00e2nia dos Santos Silva, que j\u00e1 est\u00e3o estudando os documentos cont\u00e1beis em reuni\u00f5es peri\u00f3dicas na sede da ADUFPB. Importante destacar que qualquer docente interessado em acompanhar o trabalho e conferir as contas do sindicato pode comparecer \u00e0s reuni\u00f5es da comiss\u00e3o, cujas datas ser\u00e3o divulgadas nos pr\u00f3ximos dias.<\/p>\n<p><em>Fonte: Ascom ADUFPB<\/em><\/p>\n","protected":false},"excerpt":{"rendered":"<p>A pr\u00f3xima rodada de assembleias da ADUFPB j\u00e1 tem data marcada. Ser\u00e1 nos dias 12 e 13 de dezembro. No primeiro dia, re\u00fanem-se, de forma presencial, os docentes dos campi de Areia e Bananeiras. No segundo, os de Jo\u00e3o Pessoa e Litoral Norte, no modelo h\u00edbrido (presencial com transmiss\u00e3o pelo Zoom). A pauta envolver\u00e1 dois&hellip;<\/p>\n","protected":false},"author":3,"featured_media":28668,"comment_status":"closed","ping_status":"closed","sticky":false,"template":"","format":"standard","meta":{"footnotes":""},"categories":[1405,15,417],"tags":[1654,816,269],"class_list":["post-30170","post","type-post","status-publish","format-standard","has-post-thumbnail","hentry","category-chamada-principal","category-noticias","category-noticias-destaque","tag-42o-congresso-do-andes","tag-assembleia","tag-congresso-do-andes","category-1405","category-15","category-417","description-off"],"_links":{"self":[{"href":"https:\/\/www.adufpb.org.br\/site\/wp-json\/wp\/v2\/posts\/30170","targetHints":{"allow":["GET"]}}],"collection":[{"href":"https:\/\/www.adufpb.org.br\/site\/wp-json\/wp\/v2\/posts"}],"about":[{"href":"https:\/\/www.adufpb.org.br\/site\/wp-json\/wp\/v2\/types\/post"}],"author":[{"embeddable":true,"href":"https:\/\/www.adufpb.org.br\/site\/wp-json\/wp\/v2\/users\/3"}],"replies":[{"embeddable":true,"href":"https:\/\/www.adufpb.org.br\/site\/wp-json\/wp\/v2\/comments?post=30170"}],"version-history":[{"count":3,"href":"https:\/\/www.adufpb.org.br\/site\/wp-json\/wp\/v2\/posts\/30170\/revisions"}],"predecessor-version":[{"id":30173,"href":"https:\/\/www.adufpb.org.br\/site\/wp-json\/wp\/v2\/posts\/30170\/revisions\/30173"}],"wp:featuredmedia":[{"embeddable":true,"href":"https:\/\/www.adufpb.org.br\/site\/wp-json\/wp\/v2\/media\/28668"}],"wp:attachment":[{"href":"https:\/\/www.adufpb.org.br\/site\/wp-json\/wp\/v2\/media?parent=30170"}],"wp:term":[{"taxonomy":"category","embeddable":true,"href":"https:\/\/www.adufpb.org.br\/site\/wp-json\/wp\/v2\/categories?post=30170"},{"taxonomy":"post_tag","embeddable":true,"href":"https:\/\/www.adufpb.org.br\/site\/wp-json\/wp\/v2\/tags?post=30170"}],"curies":[{"name":"wp","href":"https:\/\/api.w.org\/{rel}","templated":true}]}}