{"id":30117,"date":"2023-11-13T17:10:04","date_gmt":"2023-11-13T20:10:04","guid":{"rendered":"https:\/\/www.adufpb.org.br\/site\/?p=30117"},"modified":"2023-11-23T17:32:18","modified_gmt":"2023-11-23T20:32:18","slug":"sede-de-leitura-retorna-depois-de-tres-anos-e-reunira-docentes-em-noite-literaria","status":"publish","type":"post","link":"https:\/\/www.adufpb.org.br\/site\/sede-de-leitura-retorna-depois-de-tres-anos-e-reunira-docentes-em-noite-literaria\/","title":{"rendered":"Sede de Leitura: veja quem s\u00e3o os autores e que livros ser\u00e3o lan\u00e7ados no dia 21"},"content":{"rendered":"<p><img loading=\"lazy\" decoding=\"async\" class=\"size-medium wp-image-30118 alignleft\" src=\"https:\/\/www.adufpb.org.br\/site\/wp-content\/uploads\/2023\/11\/Sede-1-300x252.jpeg\" alt=\"\" width=\"300\" height=\"252\" srcset=\"https:\/\/www.adufpb.org.br\/site\/wp-content\/uploads\/2023\/11\/Sede-1-300x252.jpeg 300w, https:\/\/www.adufpb.org.br\/site\/wp-content\/uploads\/2023\/11\/Sede-1-1024x860.jpeg 1024w, https:\/\/www.adufpb.org.br\/site\/wp-content\/uploads\/2023\/11\/Sede-1-768x645.jpeg 768w, https:\/\/www.adufpb.org.br\/site\/wp-content\/uploads\/2023\/11\/Sede-1-250x210.jpeg 250w, https:\/\/www.adufpb.org.br\/site\/wp-content\/uploads\/2023\/11\/Sede-1.jpeg 1200w\" sizes=\"auto, (max-width: 300px) 100vw, 300px\" \/>A literatura dar\u00e1 o tom na noite da pr\u00f3xima ter\u00e7a-feira (21), na Sede Sociocultural da ADUFPB, com a promo\u00e7\u00e3o do Projeto Sede de Leitura. O evento acontecer\u00e1 partir das 19h, com o lan\u00e7amento de cerca de 20 publica\u00e7\u00f5es, todas de autoria de docentes sindicalizados da UFPB. O encontro, que contar\u00e1 com coquetel e m\u00fasica ao vivo, tamb\u00e9m faz parte da programa\u00e7\u00e3o de 45 anos do sindicato, completados no \u00faltimo dia 25 de outubro.<\/p>\n<p>O lan\u00e7amento coletivo compreende livros impressos e e-books, tendo contabilizado 13 inscri\u00e7\u00f5es, entre autores individuais e organizadores de colet\u00e2neas (veja a lista ao final). Ser\u00e1 a primeira edi\u00e7\u00e3o do Sede de Leitura depois da pandemia de covid-19. Iniciada em 1997, a a\u00e7\u00e3o j\u00e1 chegou a acontecer duas vezes ao ano. A festa, consagrada pela intera\u00e7\u00e3o liter\u00e1ria entre autores e autoras, contar\u00e1 com obras nas \u00e1reas de literatura (poesia, prosa, biografia, infantil e mem\u00f3rias) e t\u00e9cnico-cient\u00edfica (em arquitetura e urbanismo, enfermagem, educa\u00e7\u00e3o popular e psican\u00e1lise, entre outros). A festa ser\u00e1 aberta aos docentes sindicalizados, mas cada autor\/autora ter\u00e1 direito a cinco convites, para distribuir entre familiares e amigos que n\u00e3o fa\u00e7am parte da ADUFPB.<\/p>\n<p>&nbsp;<\/p>\n<p><strong>OBRAS E AUTORES<\/strong><\/p>\n<ol>\n<li><strong>\u201cRadialismo no Brasil \u2013 profiss\u00e3o, curr\u00edculo e projeto pedag\u00f3gico\u201d<\/strong> \u2013 De Norma Meireles, do Departamento de Comunica\u00e7\u00e3o (Decom) da UFPB. A obra, que analisa a forma\u00e7\u00e3o do radialista no pa\u00eds, \u00e9 fruto da tese de doutorado da autora.<\/li>\n<li><strong>\u201cDo desmame ao sujeito\u201d <\/strong>\u2013 Livro de Telma Corr\u00eaa da N\u00f3brega Queiroz, do Departamento de Medicina Interna (DMI) da UFPB. Trata dos aspectos subjetivos da amamenta\u00e7\u00e3o e do desmame, do ponto de vista psicanal\u00edtico.<\/li>\n<li><strong>\u201cDoutoranda tamb\u00e9m \u00e9 gente\u201d<\/strong> \u2013 Obra de Dirce Mello, professora aposentada do Departamento de Servi\u00e7o Social (DSS) da UFPB. Relato de cunho autobiogr\u00e1fico e coloquial, a partir da experi\u00eancia da autora.<\/li>\n<li><strong>\u201cA saga de um cl\u00e3 Xavier\u201d<\/strong>, <strong>\u201c\u00c0 guisa de mem\u00f3rias biogr\u00e1ficas da Fam\u00edlia Xavier\u201d<\/strong>, <strong>\u201cTesouro redescoberto \u2014 A riqueza do folheto em verso\u201d<\/strong>, <strong>\u201cPsicopo\u00e9tica\u201d<\/strong> e <strong>\u201cPenso, logo insisto \u2014 pensamentos tem\u00e1ticos\u201d<\/strong> \u2013 Publica\u00e7\u00f5es de Maria do Socorro Cardoso Xavier, professora do Departamento de Hist\u00f3ria da UFCG. Biografias, literatura de cordel e reflex\u00f5es pessoais.<\/li>\n<li><strong>\u201cOs tempos dos envelhecentes e idosos: ressignificando o trabalho, o lazer e a sa\u00fade\u201d<\/strong> \u2013 Livro de Dilma Brasileiro, do Departamento de Educa\u00e7\u00e3o F\u00edsica da UFPB. Apresenta olhares sobre a envelhec\u00eancia e convida a ressignificar a vida.<\/li>\n<li><strong>\u201cEduca\u00e7\u00e3o popular e forma\u00e7\u00e3o em sa\u00fade na perspectiva do palha\u00e7o cuidador: estudo com base em um projeto de extens\u00e3o\u201d<\/strong> \u2013 De Aldenido A. de Moraes F. Costeira, do Departamento de Promo\u00e7\u00e3o da Sa\u00fade da UFPB. Aborda a forma\u00e7\u00e3o em sa\u00fade sob a perspectiva do palha\u00e7o cuidador, que traz leveza e humaniza\u00e7\u00e3o ao ambiente de sa\u00fade.<\/li>\n<li><strong>\u201cdes tro\u00e7o\u201d <\/strong>\u2013 De Luciano Bezerra Gomes, do Departamento de Promo\u00e7\u00e3o da Sa\u00fade da UFPB. Escrito entre janeiro de 2020 e junho de 2023, o livro tem 45 poemas que trazem um olhar po\u00e9tico sobre corpos individuais e coletivos.<\/li>\n<li><strong>\u201cCora\u00e7\u00e3o portugu\u00eas\u201d <\/strong>\u2013 Obra de Gilmar Leite Ferreira, do Departamento de Educa\u00e7\u00e3o da UFPB. Ambientado nos bairros da velha Lisboa e nos mares portugueses, o livro traz sonetos que exaltam os pilares da tradi\u00e7\u00e3o lusitana: fado, mar e literatura.<\/li>\n<li><strong>\u201cMurilo Mendes: do pretexto pl\u00e1stico \u00e0 verdade pl\u00e1stica \u2013 a intersemiose poesia\/pintura em \u2018Tempo espanhol\u2019\u201d<\/strong> \u2013 De Maria Bernardete da N\u00f3brega, professora do Departamento de L\u00ednguas Cl\u00e1ssicas e Vern\u00e1culas da UFPB. S\u00e9rie de estudos que analisam o discurso po\u00e9tico na obra \u201cTempo espanhol\u201d, de Murilo Mendes.<\/li>\n<li><strong>\u201cAuditoria em sa\u00fade e enfermagem\u201d <\/strong>\u2013 Organizado por Stella Costa Valdevino, Maria Bernadete de Sousa Costa, Jamilton Alves Farias, Jos\u00e9 da Paz Oliveira Alvarenga e S\u00e9rgio Ribeiro dos Santos, do Departamento de Enfermagem Cl\u00ednica da UFPB. Contribui\u00e7\u00f5es para o enfrentamento de desafios e o aperfei\u00e7oamento de processos de auditoria.<\/li>\n<li><strong>\u201cAbordagens qualitativas\u201d <\/strong>\u2013 Organizado por Victoria Puntriano Zuniga de Melo, Viviane da Costa Freitag e Karla Katiuscia N\u00f3brega de Almeida, do Departamento de Finan\u00e7as e Contabilidade da UFPB. E-book que apresenta estrat\u00e9gias e m\u00e9todos de coleta e de an\u00e1lise pertinentes \u00e0 pesquisa qualitativa aplicada em ci\u00eancias cont\u00e1beis.<\/li>\n<li><strong>\u201cGiaco\u201d<\/strong> \u2013 Organizado por Emeide N\u00f3brega Duarte, Alzira Karla Ara\u00fajo da Silva, Suzana de Lucena Lira, Rayan Aram\u00eds de Brito Feitoza e Rosilene Agapito da Silva Llarena, do Departamento de Ci\u00eancia da Informa\u00e7\u00e3o da UFPB. Trajet\u00f3ria do Grupo de Pesquisa Informa\u00e7\u00e3o, Aprendizagem e Conhecimento (Giaco), em 19 anos de atua\u00e7\u00e3o.<\/li>\n<li><strong>\u201cPol\u00edticas habitacionais e a produ\u00e7\u00e3o da cidade\u201d<\/strong>, <strong>\u201cA cidade \u00e0 escala humana\u201d<\/strong> e <strong>\u201cUrbanismo, cidade e sa\u00fade\u201d <\/strong>\u2013 Obras de Edson Leite Ribeiro, do Departamento de Arquitetura e Urbanismo da UFPB. Discutem humaniza\u00e7\u00e3o das cidades, urbanidade, cidade saud\u00e1vel e pol\u00edticas de habita\u00e7\u00e3o, entre outros temas, a partir de revis\u00f5es te\u00f3ricas e estudo emp\u00edrico.<\/li>\n<li><strong>&#8220;PalhaSUS &#8211; luta que se faz com amorosidade&#8221;<\/strong> &#8211; Organizado por Aldenildo Araujo de Moraes Fernandes Costeira, Benedito Clarete Vasconcelos e Janine Azevedo do Nascimento e outros 44 autores. Aborda a experi\u00eancia do projeto de extens\u00e3o PalhaSUS, criado em 2010 a partir da realiza\u00e7\u00e3o da primeira Oficina do Riso da UFPB.<\/li>\n<li><strong>&#8220;Pr\u00e1ticas digitais em educa\u00e7\u00e3o musical: reflex\u00f5es e experi\u00eancias&#8221;<\/strong> &#8211; Organizado por Juciane Araldi Beltrame, Gutenberg de Lima Marques, Marcos da Rosa Garcia, Matheus Henrique da Fons\u00eaca Barros, Bruno Westermann e Jos\u00e9 Magnaldo de Moura Ara\u00fajo. Dados, hist\u00f3rias, reflex\u00f5es, relatos e experi\u00eancias de projeto desenvolvido pelo Grupo de Estudos e Pesquisas e Tecnologias e Educa\u00e7\u00e3o Musical (Tedum) da UFPB.<\/li>\n<li><strong>&#8220;Lalinho Tatu\u00ed&#8221;<\/strong> &#8211; De Maria do Socorro Gomes Barbosa, do Departamento de Letras Cl\u00e1ssicas e Vern\u00e1culas (CCHLA). Livro infantil ilustrado que relata momentos importantes da inf\u00e2ncia do personagem t\u00edtulo, Lalinho Tatu\u00ed.<\/li>\n<li><strong>\u201cObservat\u00f3rio de Indicadores de Prote\u00e7\u00e3o Social Ampliada: interfaces com a gest\u00e3o do SUS e do SUAS\u201d<\/strong> \u2013 De Marinalva de Sousa Conserva, do Departamento e do Programa de P\u00f3s-Gradua\u00e7\u00e3o em Servi\u00e7o Social. Traz os estudos que permitiram enxergar que a Prote\u00e7\u00e3o Social Ampliada ocorre com maior efici\u00eancia quando as diferentes \u00e1reas do conhecimento s\u00e3o articuladas simultaneamente para uma interlocu\u00e7\u00e3o de respostas.<\/li>\n<\/ol>\n\n\t\t\t<style type='text\/css'>\n\t\t\t\t#gallery-1 {\n\t\t\t\t\tmargin: auto;\n\t\t\t\t}\n\t\t\t\t#gallery-1 .gallery-item {\n\t\t\t\t\tfloat: left;\n\t\t\t\t\tmargin-top: 10px;\n\t\t\t\t\ttext-align: center;\n\t\t\t\t\twidth: 50%;\n\t\t\t\t}\n\t\t\t\t#gallery-1 img {\n\t\t\t\t\tborder: 2px solid #cfcfcf;\n\t\t\t\t}\n\t\t\t\t#gallery-1 .gallery-caption {\n\t\t\t\t\tmargin-left: 0;\n\t\t\t\t}\n\t\t\t\t\/* see gallery_shortcode() in wp-includes\/media.php *\/\n\t\t\t<\/style>\n\t\t<div id='gallery-1' class='dt-gallery-container gallery galleryid-30117 gallery-columns-2 gallery-size-medium'><dl class='gallery-item'>\n\t\t\t\t<dt class='gallery-icon portrait'>\n\t\t\t\t\t<a class=\"rollover rollover-zoom dt-pswp-item\" title=\"20231116_102436_cropped\" data-dt-img-description=\"\" data-large_image_width=\"2009\" data-large_image_height=\"2903\"href='https:\/\/www.adufpb.org.br\/site\/wp-content\/uploads\/2023\/11\/20231116_102436_cropped.png'><img loading=\"lazy\" decoding=\"async\" width=\"208\" height=\"300\" src=\"https:\/\/www.adufpb.org.br\/site\/wp-content\/uploads\/2023\/11\/20231116_102436_cropped-208x300.png\" class=\"attachment-medium size-medium\" alt=\"\" srcset=\"https:\/\/www.adufpb.org.br\/site\/wp-content\/uploads\/2023\/11\/20231116_102436_cropped-208x300.png 208w, https:\/\/www.adufpb.org.br\/site\/wp-content\/uploads\/2023\/11\/20231116_102436_cropped-709x1024.png 709w, https:\/\/www.adufpb.org.br\/site\/wp-content\/uploads\/2023\/11\/20231116_102436_cropped-768x1110.png 768w, https:\/\/www.adufpb.org.br\/site\/wp-content\/uploads\/2023\/11\/20231116_102436_cropped-1063x1536.png 1063w, https:\/\/www.adufpb.org.br\/site\/wp-content\/uploads\/2023\/11\/20231116_102436_cropped-1417x2048.png 1417w, https:\/\/www.adufpb.org.br\/site\/wp-content\/uploads\/2023\/11\/20231116_102436_cropped-250x361.png 250w, https:\/\/www.adufpb.org.br\/site\/wp-content\/uploads\/2023\/11\/20231116_102436_cropped.png 2009w\" sizes=\"auto, (max-width: 208px) 100vw, 208px\" \/><\/a>\n\t\t\t\t<\/dt><\/dl><dl class='gallery-item'>\n\t\t\t\t<dt class='gallery-icon portrait'>\n\t\t\t\t\t<a class=\"rollover rollover-zoom dt-pswp-item\" title=\"20231116_102505\" data-dt-img-description=\"\" data-large_image_width=\"1677\" data-large_image_height=\"2560\"href='https:\/\/www.adufpb.org.br\/site\/wp-content\/uploads\/2023\/11\/20231116_102505-scaled.jpg'><img loading=\"lazy\" decoding=\"async\" width=\"197\" height=\"300\" src=\"https:\/\/www.adufpb.org.br\/site\/wp-content\/uploads\/2023\/11\/20231116_102505-197x300.jpg\" class=\"attachment-medium size-medium\" alt=\"\" srcset=\"https:\/\/www.adufpb.org.br\/site\/wp-content\/uploads\/2023\/11\/20231116_102505-197x300.jpg 197w, https:\/\/www.adufpb.org.br\/site\/wp-content\/uploads\/2023\/11\/20231116_102505-671x1024.jpg 671w, https:\/\/www.adufpb.org.br\/site\/wp-content\/uploads\/2023\/11\/20231116_102505-768x1172.jpg 768w, https:\/\/www.adufpb.org.br\/site\/wp-content\/uploads\/2023\/11\/20231116_102505-1006x1536.jpg 1006w, https:\/\/www.adufpb.org.br\/site\/wp-content\/uploads\/2023\/11\/20231116_102505-1342x2048.jpg 1342w, https:\/\/www.adufpb.org.br\/site\/wp-content\/uploads\/2023\/11\/20231116_102505-250x382.jpg 250w, https:\/\/www.adufpb.org.br\/site\/wp-content\/uploads\/2023\/11\/20231116_102505-scaled.jpg 1677w\" sizes=\"auto, (max-width: 197px) 100vw, 197px\" \/><\/a>\n\t\t\t\t<\/dt><\/dl><br style=\"clear: both\" \/><dl class='gallery-item'>\n\t\t\t\t<dt class='gallery-icon portrait'>\n\t\t\t\t\t<a class=\"rollover rollover-zoom dt-pswp-item\" title=\"20231116_102542\" data-dt-img-description=\"\" data-large_image_width=\"1775\" data-large_image_height=\"2560\"href='https:\/\/www.adufpb.org.br\/site\/wp-content\/uploads\/2023\/11\/20231116_102542-scaled.jpg'><img loading=\"lazy\" decoding=\"async\" width=\"208\" height=\"300\" src=\"https:\/\/www.adufpb.org.br\/site\/wp-content\/uploads\/2023\/11\/20231116_102542-208x300.jpg\" class=\"attachment-medium size-medium\" alt=\"\" srcset=\"https:\/\/www.adufpb.org.br\/site\/wp-content\/uploads\/2023\/11\/20231116_102542-208x300.jpg 208w, https:\/\/www.adufpb.org.br\/site\/wp-content\/uploads\/2023\/11\/20231116_102542-710x1024.jpg 710w, https:\/\/www.adufpb.org.br\/site\/wp-content\/uploads\/2023\/11\/20231116_102542-768x1108.jpg 768w, https:\/\/www.adufpb.org.br\/site\/wp-content\/uploads\/2023\/11\/20231116_102542-1065x1536.jpg 1065w, https:\/\/www.adufpb.org.br\/site\/wp-content\/uploads\/2023\/11\/20231116_102542-1420x2048.jpg 1420w, https:\/\/www.adufpb.org.br\/site\/wp-content\/uploads\/2023\/11\/20231116_102542-250x361.jpg 250w, https:\/\/www.adufpb.org.br\/site\/wp-content\/uploads\/2023\/11\/20231116_102542-scaled.jpg 1775w\" sizes=\"auto, (max-width: 208px) 100vw, 208px\" \/><\/a>\n\t\t\t\t<\/dt><\/dl><dl class='gallery-item'>\n\t\t\t\t<dt class='gallery-icon portrait'>\n\t\t\t\t\t<a class=\"rollover rollover-zoom dt-pswp-item\" title=\"20231116_102709\" data-dt-img-description=\"\" data-large_image_width=\"1873\" data-large_image_height=\"2560\"href='https:\/\/www.adufpb.org.br\/site\/wp-content\/uploads\/2023\/11\/20231116_102709-scaled.jpg'><img loading=\"lazy\" decoding=\"async\" width=\"219\" height=\"300\" src=\"https:\/\/www.adufpb.org.br\/site\/wp-content\/uploads\/2023\/11\/20231116_102709-219x300.jpg\" class=\"attachment-medium size-medium\" alt=\"\" srcset=\"https:\/\/www.adufpb.org.br\/site\/wp-content\/uploads\/2023\/11\/20231116_102709-219x300.jpg 219w, https:\/\/www.adufpb.org.br\/site\/wp-content\/uploads\/2023\/11\/20231116_102709-749x1024.jpg 749w, https:\/\/www.adufpb.org.br\/site\/wp-content\/uploads\/2023\/11\/20231116_102709-768x1050.jpg 768w, https:\/\/www.adufpb.org.br\/site\/wp-content\/uploads\/2023\/11\/20231116_102709-1124x1536.jpg 1124w, https:\/\/www.adufpb.org.br\/site\/wp-content\/uploads\/2023\/11\/20231116_102709-1498x2048.jpg 1498w, https:\/\/www.adufpb.org.br\/site\/wp-content\/uploads\/2023\/11\/20231116_102709-250x342.jpg 250w, https:\/\/www.adufpb.org.br\/site\/wp-content\/uploads\/2023\/11\/20231116_102709-scaled.jpg 1873w\" sizes=\"auto, (max-width: 219px) 100vw, 219px\" \/><\/a>\n\t\t\t\t<\/dt><\/dl><br style=\"clear: both\" \/><dl class='gallery-item'>\n\t\t\t\t<dt class='gallery-icon portrait'>\n\t\t\t\t\t<a class=\"rollover rollover-zoom dt-pswp-item\" title=\"20231116_102758\" data-dt-img-description=\"\" data-large_image_width=\"1592\" data-large_image_height=\"2272\"href='https:\/\/www.adufpb.org.br\/site\/wp-content\/uploads\/2023\/11\/20231116_102758.jpg'><img loading=\"lazy\" decoding=\"async\" width=\"210\" height=\"300\" src=\"https:\/\/www.adufpb.org.br\/site\/wp-content\/uploads\/2023\/11\/20231116_102758-210x300.jpg\" class=\"attachment-medium size-medium\" alt=\"\" srcset=\"https:\/\/www.adufpb.org.br\/site\/wp-content\/uploads\/2023\/11\/20231116_102758-210x300.jpg 210w, https:\/\/www.adufpb.org.br\/site\/wp-content\/uploads\/2023\/11\/20231116_102758-718x1024.jpg 718w, https:\/\/www.adufpb.org.br\/site\/wp-content\/uploads\/2023\/11\/20231116_102758-768x1096.jpg 768w, https:\/\/www.adufpb.org.br\/site\/wp-content\/uploads\/2023\/11\/20231116_102758-1076x1536.jpg 1076w, https:\/\/www.adufpb.org.br\/site\/wp-content\/uploads\/2023\/11\/20231116_102758-1435x2048.jpg 1435w, https:\/\/www.adufpb.org.br\/site\/wp-content\/uploads\/2023\/11\/20231116_102758-250x357.jpg 250w, https:\/\/www.adufpb.org.br\/site\/wp-content\/uploads\/2023\/11\/20231116_102758.jpg 1592w\" sizes=\"auto, (max-width: 210px) 100vw, 210px\" \/><\/a>\n\t\t\t\t<\/dt><\/dl><dl class='gallery-item'>\n\t\t\t\t<dt class='gallery-icon portrait'>\n\t\t\t\t\t<a class=\"rollover rollover-zoom dt-pswp-item\" title=\"20231116_102834\" data-dt-img-description=\"\" data-large_image_width=\"1659\" data-large_image_height=\"2560\"href='https:\/\/www.adufpb.org.br\/site\/wp-content\/uploads\/2023\/11\/20231116_102834-scaled.jpg'><img loading=\"lazy\" decoding=\"async\" width=\"194\" height=\"300\" src=\"https:\/\/www.adufpb.org.br\/site\/wp-content\/uploads\/2023\/11\/20231116_102834-194x300.jpg\" class=\"attachment-medium size-medium\" alt=\"\" srcset=\"https:\/\/www.adufpb.org.br\/site\/wp-content\/uploads\/2023\/11\/20231116_102834-194x300.jpg 194w, https:\/\/www.adufpb.org.br\/site\/wp-content\/uploads\/2023\/11\/20231116_102834-664x1024.jpg 664w, https:\/\/www.adufpb.org.br\/site\/wp-content\/uploads\/2023\/11\/20231116_102834-768x1185.jpg 768w, https:\/\/www.adufpb.org.br\/site\/wp-content\/uploads\/2023\/11\/20231116_102834-995x1536.jpg 995w, https:\/\/www.adufpb.org.br\/site\/wp-content\/uploads\/2023\/11\/20231116_102834-1327x2048.jpg 1327w, https:\/\/www.adufpb.org.br\/site\/wp-content\/uploads\/2023\/11\/20231116_102834-250x386.jpg 250w, https:\/\/www.adufpb.org.br\/site\/wp-content\/uploads\/2023\/11\/20231116_102834-scaled.jpg 1659w\" sizes=\"auto, (max-width: 194px) 100vw, 194px\" \/><\/a>\n\t\t\t\t<\/dt><\/dl><br style=\"clear: both\" \/><dl class='gallery-item'>\n\t\t\t\t<dt class='gallery-icon portrait'>\n\t\t\t\t\t<a class=\"rollover rollover-zoom dt-pswp-item\" title=\"20231116_103001\" data-dt-img-description=\"\" data-large_image_width=\"1767\" data-large_image_height=\"2560\"href='https:\/\/www.adufpb.org.br\/site\/wp-content\/uploads\/2023\/11\/20231116_103001-scaled.jpg'><img loading=\"lazy\" decoding=\"async\" width=\"207\" height=\"300\" src=\"https:\/\/www.adufpb.org.br\/site\/wp-content\/uploads\/2023\/11\/20231116_103001-207x300.jpg\" class=\"attachment-medium size-medium\" alt=\"\" srcset=\"https:\/\/www.adufpb.org.br\/site\/wp-content\/uploads\/2023\/11\/20231116_103001-207x300.jpg 207w, https:\/\/www.adufpb.org.br\/site\/wp-content\/uploads\/2023\/11\/20231116_103001-707x1024.jpg 707w, https:\/\/www.adufpb.org.br\/site\/wp-content\/uploads\/2023\/11\/20231116_103001-768x1113.jpg 768w, https:\/\/www.adufpb.org.br\/site\/wp-content\/uploads\/2023\/11\/20231116_103001-1060x1536.jpg 1060w, https:\/\/www.adufpb.org.br\/site\/wp-content\/uploads\/2023\/11\/20231116_103001-1414x2048.jpg 1414w, https:\/\/www.adufpb.org.br\/site\/wp-content\/uploads\/2023\/11\/20231116_103001-250x362.jpg 250w, https:\/\/www.adufpb.org.br\/site\/wp-content\/uploads\/2023\/11\/20231116_103001-scaled.jpg 1767w\" sizes=\"auto, (max-width: 207px) 100vw, 207px\" \/><\/a>\n\t\t\t\t<\/dt><\/dl><dl class='gallery-item'>\n\t\t\t\t<dt class='gallery-icon portrait'>\n\t\t\t\t\t<a class=\"rollover rollover-zoom dt-pswp-item\" title=\"20231116_103027\" data-dt-img-description=\"\" data-large_image_width=\"1809\" data-large_image_height=\"2560\"href='https:\/\/www.adufpb.org.br\/site\/wp-content\/uploads\/2023\/11\/20231116_103027-scaled.jpg'><img loading=\"lazy\" decoding=\"async\" width=\"212\" height=\"300\" src=\"https:\/\/www.adufpb.org.br\/site\/wp-content\/uploads\/2023\/11\/20231116_103027-212x300.jpg\" class=\"attachment-medium size-medium\" alt=\"\" srcset=\"https:\/\/www.adufpb.org.br\/site\/wp-content\/uploads\/2023\/11\/20231116_103027-212x300.jpg 212w, https:\/\/www.adufpb.org.br\/site\/wp-content\/uploads\/2023\/11\/20231116_103027-724x1024.jpg 724w, https:\/\/www.adufpb.org.br\/site\/wp-content\/uploads\/2023\/11\/20231116_103027-768x1087.jpg 768w, https:\/\/www.adufpb.org.br\/site\/wp-content\/uploads\/2023\/11\/20231116_103027-1086x1536.jpg 1086w, https:\/\/www.adufpb.org.br\/site\/wp-content\/uploads\/2023\/11\/20231116_103027-1448x2048.jpg 1448w, https:\/\/www.adufpb.org.br\/site\/wp-content\/uploads\/2023\/11\/20231116_103027-250x354.jpg 250w, https:\/\/www.adufpb.org.br\/site\/wp-content\/uploads\/2023\/11\/20231116_103027-scaled.jpg 1809w\" sizes=\"auto, (max-width: 212px) 100vw, 212px\" \/><\/a>\n\t\t\t\t<\/dt><\/dl><br style=\"clear: both\" \/><dl class='gallery-item'>\n\t\t\t\t<dt class='gallery-icon portrait'>\n\t\t\t\t\t<a class=\"rollover rollover-zoom dt-pswp-item\" title=\"20231116_103054\" data-dt-img-description=\"\" data-large_image_width=\"1885\" data-large_image_height=\"2560\"href='https:\/\/www.adufpb.org.br\/site\/wp-content\/uploads\/2023\/11\/20231116_103054-scaled.jpg'><img loading=\"lazy\" decoding=\"async\" width=\"221\" height=\"300\" src=\"https:\/\/www.adufpb.org.br\/site\/wp-content\/uploads\/2023\/11\/20231116_103054-221x300.jpg\" class=\"attachment-medium size-medium\" alt=\"\" srcset=\"https:\/\/www.adufpb.org.br\/site\/wp-content\/uploads\/2023\/11\/20231116_103054-221x300.jpg 221w, https:\/\/www.adufpb.org.br\/site\/wp-content\/uploads\/2023\/11\/20231116_103054-754x1024.jpg 754w, https:\/\/www.adufpb.org.br\/site\/wp-content\/uploads\/2023\/11\/20231116_103054-768x1043.jpg 768w, https:\/\/www.adufpb.org.br\/site\/wp-content\/uploads\/2023\/11\/20231116_103054-1131x1536.jpg 1131w, https:\/\/www.adufpb.org.br\/site\/wp-content\/uploads\/2023\/11\/20231116_103054-1508x2048.jpg 1508w, https:\/\/www.adufpb.org.br\/site\/wp-content\/uploads\/2023\/11\/20231116_103054-250x340.jpg 250w, https:\/\/www.adufpb.org.br\/site\/wp-content\/uploads\/2023\/11\/20231116_103054-scaled.jpg 1885w\" sizes=\"auto, (max-width: 221px) 100vw, 221px\" \/><\/a>\n\t\t\t\t<\/dt><\/dl><dl class='gallery-item'>\n\t\t\t\t<dt class='gallery-icon portrait'>\n\t\t\t\t\t<a class=\"rollover rollover-zoom dt-pswp-item\" title=\"20231116_103129\" data-dt-img-description=\"\" data-large_image_width=\"1875\" data-large_image_height=\"2560\"href='https:\/\/www.adufpb.org.br\/site\/wp-content\/uploads\/2023\/11\/20231116_103129-scaled.jpg'><img loading=\"lazy\" decoding=\"async\" width=\"220\" height=\"300\" src=\"https:\/\/www.adufpb.org.br\/site\/wp-content\/uploads\/2023\/11\/20231116_103129-220x300.jpg\" class=\"attachment-medium size-medium\" alt=\"\" srcset=\"https:\/\/www.adufpb.org.br\/site\/wp-content\/uploads\/2023\/11\/20231116_103129-220x300.jpg 220w, https:\/\/www.adufpb.org.br\/site\/wp-content\/uploads\/2023\/11\/20231116_103129-750x1024.jpg 750w, https:\/\/www.adufpb.org.br\/site\/wp-content\/uploads\/2023\/11\/20231116_103129-768x1049.jpg 768w, https:\/\/www.adufpb.org.br\/site\/wp-content\/uploads\/2023\/11\/20231116_103129-1125x1536.jpg 1125w, https:\/\/www.adufpb.org.br\/site\/wp-content\/uploads\/2023\/11\/20231116_103129-1500x2048.jpg 1500w, https:\/\/www.adufpb.org.br\/site\/wp-content\/uploads\/2023\/11\/20231116_103129-250x341.jpg 250w, https:\/\/www.adufpb.org.br\/site\/wp-content\/uploads\/2023\/11\/20231116_103129-scaled.jpg 1875w\" sizes=\"auto, (max-width: 220px) 100vw, 220px\" \/><\/a>\n\t\t\t\t<\/dt><\/dl><br style=\"clear: both\" \/><dl class='gallery-item'>\n\t\t\t\t<dt class='gallery-icon portrait'>\n\t\t\t\t\t<a class=\"rollover rollover-zoom dt-pswp-item\" title=\"20231116_103203\" data-dt-img-description=\"\" data-large_image_width=\"1721\" data-large_image_height=\"2560\"href='https:\/\/www.adufpb.org.br\/site\/wp-content\/uploads\/2023\/11\/20231116_103203-scaled.jpg'><img loading=\"lazy\" decoding=\"async\" width=\"202\" height=\"300\" src=\"https:\/\/www.adufpb.org.br\/site\/wp-content\/uploads\/2023\/11\/20231116_103203-202x300.jpg\" class=\"attachment-medium size-medium\" alt=\"\" srcset=\"https:\/\/www.adufpb.org.br\/site\/wp-content\/uploads\/2023\/11\/20231116_103203-202x300.jpg 202w, https:\/\/www.adufpb.org.br\/site\/wp-content\/uploads\/2023\/11\/20231116_103203-688x1024.jpg 688w, https:\/\/www.adufpb.org.br\/site\/wp-content\/uploads\/2023\/11\/20231116_103203-768x1142.jpg 768w, https:\/\/www.adufpb.org.br\/site\/wp-content\/uploads\/2023\/11\/20231116_103203-1033x1536.jpg 1033w, https:\/\/www.adufpb.org.br\/site\/wp-content\/uploads\/2023\/11\/20231116_103203-1377x2048.jpg 1377w, https:\/\/www.adufpb.org.br\/site\/wp-content\/uploads\/2023\/11\/20231116_103203-250x372.jpg 250w, https:\/\/www.adufpb.org.br\/site\/wp-content\/uploads\/2023\/11\/20231116_103203-scaled.jpg 1721w\" sizes=\"auto, (max-width: 202px) 100vw, 202px\" \/><\/a>\n\t\t\t\t<\/dt><\/dl><dl class='gallery-item'>\n\t\t\t\t<dt class='gallery-icon portrait'>\n\t\t\t\t\t<a class=\"rollover rollover-zoom dt-pswp-item\" title=\"20231116_103301\" data-dt-img-description=\"\" data-large_image_width=\"1985\" data-large_image_height=\"2560\"href='https:\/\/www.adufpb.org.br\/site\/wp-content\/uploads\/2023\/11\/20231116_103301-scaled.jpg'><img loading=\"lazy\" decoding=\"async\" width=\"233\" height=\"300\" src=\"https:\/\/www.adufpb.org.br\/site\/wp-content\/uploads\/2023\/11\/20231116_103301-233x300.jpg\" class=\"attachment-medium size-medium\" alt=\"\" srcset=\"https:\/\/www.adufpb.org.br\/site\/wp-content\/uploads\/2023\/11\/20231116_103301-233x300.jpg 233w, https:\/\/www.adufpb.org.br\/site\/wp-content\/uploads\/2023\/11\/20231116_103301-794x1024.jpg 794w, https:\/\/www.adufpb.org.br\/site\/wp-content\/uploads\/2023\/11\/20231116_103301-768x991.jpg 768w, https:\/\/www.adufpb.org.br\/site\/wp-content\/uploads\/2023\/11\/20231116_103301-1191x1536.jpg 1191w, https:\/\/www.adufpb.org.br\/site\/wp-content\/uploads\/2023\/11\/20231116_103301-1588x2048.jpg 1588w, https:\/\/www.adufpb.org.br\/site\/wp-content\/uploads\/2023\/11\/20231116_103301-250x322.jpg 250w, https:\/\/www.adufpb.org.br\/site\/wp-content\/uploads\/2023\/11\/20231116_103301-scaled.jpg 1985w\" sizes=\"auto, (max-width: 233px) 100vw, 233px\" \/><\/a>\n\t\t\t\t<\/dt><\/dl><br style=\"clear: both\" \/><dl class='gallery-item'>\n\t\t\t\t<dt class='gallery-icon portrait'>\n\t\t\t\t\t<a class=\"rollover rollover-zoom dt-pswp-item\" title=\"E-book-2023_Grupo-de-pesquisa-informacao-aprendizagem-e-conhecimento-trajetorias-e-contribuicoes-1_page-0001\" data-dt-img-description=\"\" data-large_image_width=\"945\" data-large_image_height=\"1300\"href='https:\/\/www.adufpb.org.br\/site\/wp-content\/uploads\/2023\/11\/E-book-2023_Grupo-de-pesquisa-informacao-aprendizagem-e-conhecimento-trajetorias-e-contribuicoes-1_page-0001.jpg'><img loading=\"lazy\" decoding=\"async\" width=\"218\" height=\"300\" src=\"https:\/\/www.adufpb.org.br\/site\/wp-content\/uploads\/2023\/11\/E-book-2023_Grupo-de-pesquisa-informacao-aprendizagem-e-conhecimento-trajetorias-e-contribuicoes-1_page-0001-218x300.jpg\" class=\"attachment-medium size-medium\" alt=\"\" srcset=\"https:\/\/www.adufpb.org.br\/site\/wp-content\/uploads\/2023\/11\/E-book-2023_Grupo-de-pesquisa-informacao-aprendizagem-e-conhecimento-trajetorias-e-contribuicoes-1_page-0001-218x300.jpg 218w, https:\/\/www.adufpb.org.br\/site\/wp-content\/uploads\/2023\/11\/E-book-2023_Grupo-de-pesquisa-informacao-aprendizagem-e-conhecimento-trajetorias-e-contribuicoes-1_page-0001-744x1024.jpg 744w, https:\/\/www.adufpb.org.br\/site\/wp-content\/uploads\/2023\/11\/E-book-2023_Grupo-de-pesquisa-informacao-aprendizagem-e-conhecimento-trajetorias-e-contribuicoes-1_page-0001-768x1057.jpg 768w, https:\/\/www.adufpb.org.br\/site\/wp-content\/uploads\/2023\/11\/E-book-2023_Grupo-de-pesquisa-informacao-aprendizagem-e-conhecimento-trajetorias-e-contribuicoes-1_page-0001-250x344.jpg 250w, https:\/\/www.adufpb.org.br\/site\/wp-content\/uploads\/2023\/11\/E-book-2023_Grupo-de-pesquisa-informacao-aprendizagem-e-conhecimento-trajetorias-e-contribuicoes-1_page-0001.jpg 945w\" sizes=\"auto, (max-width: 218px) 100vw, 218px\" \/><\/a>\n\t\t\t\t<\/dt><\/dl><dl class='gallery-item'>\n\t\t\t\t<dt class='gallery-icon portrait'>\n\t\t\t\t\t<a class=\"rollover rollover-zoom dt-pswp-item\" title=\"E-book-Abordagens-qualitativas-Ciencias-Contabeis_compressed-1_page-0001\" data-dt-img-description=\"\" data-large_image_width=\"946\" data-large_image_height=\"1300\"href='https:\/\/www.adufpb.org.br\/site\/wp-content\/uploads\/2023\/11\/E-book-Abordagens-qualitativas-Ciencias-Contabeis_compressed-1_page-0001.jpg'><img loading=\"lazy\" decoding=\"async\" width=\"218\" height=\"300\" src=\"https:\/\/www.adufpb.org.br\/site\/wp-content\/uploads\/2023\/11\/E-book-Abordagens-qualitativas-Ciencias-Contabeis_compressed-1_page-0001-218x300.jpg\" class=\"attachment-medium size-medium\" alt=\"\" srcset=\"https:\/\/www.adufpb.org.br\/site\/wp-content\/uploads\/2023\/11\/E-book-Abordagens-qualitativas-Ciencias-Contabeis_compressed-1_page-0001-218x300.jpg 218w, https:\/\/www.adufpb.org.br\/site\/wp-content\/uploads\/2023\/11\/E-book-Abordagens-qualitativas-Ciencias-Contabeis_compressed-1_page-0001-745x1024.jpg 745w, https:\/\/www.adufpb.org.br\/site\/wp-content\/uploads\/2023\/11\/E-book-Abordagens-qualitativas-Ciencias-Contabeis_compressed-1_page-0001-768x1055.jpg 768w, https:\/\/www.adufpb.org.br\/site\/wp-content\/uploads\/2023\/11\/E-book-Abordagens-qualitativas-Ciencias-Contabeis_compressed-1_page-0001-250x344.jpg 250w, https:\/\/www.adufpb.org.br\/site\/wp-content\/uploads\/2023\/11\/E-book-Abordagens-qualitativas-Ciencias-Contabeis_compressed-1_page-0001.jpg 946w\" sizes=\"auto, (max-width: 218px) 100vw, 218px\" \/><\/a>\n\t\t\t\t<\/dt><\/dl><br style=\"clear: both\" \/><dl class='gallery-item'>\n\t\t\t\t<dt class='gallery-icon portrait'>\n\t\t\t\t\t<a class=\"rollover rollover-zoom dt-pswp-item\" title=\"Livro-des-troco-1_page-0001\" data-dt-img-description=\"\" data-large_image_width=\"875\" data-large_image_height=\"1241\"href='https:\/\/www.adufpb.org.br\/site\/wp-content\/uploads\/2023\/11\/Livro-des-troco-1_page-0001.jpg'><img loading=\"lazy\" decoding=\"async\" width=\"212\" height=\"300\" src=\"https:\/\/www.adufpb.org.br\/site\/wp-content\/uploads\/2023\/11\/Livro-des-troco-1_page-0001-212x300.jpg\" class=\"attachment-medium size-medium\" alt=\"\" srcset=\"https:\/\/www.adufpb.org.br\/site\/wp-content\/uploads\/2023\/11\/Livro-des-troco-1_page-0001-212x300.jpg 212w, https:\/\/www.adufpb.org.br\/site\/wp-content\/uploads\/2023\/11\/Livro-des-troco-1_page-0001-722x1024.jpg 722w, https:\/\/www.adufpb.org.br\/site\/wp-content\/uploads\/2023\/11\/Livro-des-troco-1_page-0001-768x1089.jpg 768w, https:\/\/www.adufpb.org.br\/site\/wp-content\/uploads\/2023\/11\/Livro-des-troco-1_page-0001-250x355.jpg 250w, https:\/\/www.adufpb.org.br\/site\/wp-content\/uploads\/2023\/11\/Livro-des-troco-1_page-0001.jpg 875w\" sizes=\"auto, (max-width: 212px) 100vw, 212px\" \/><\/a>\n\t\t\t\t<\/dt><\/dl><dl class='gallery-item'>\n\t\t\t\t<dt class='gallery-icon portrait'>\n\t\t\t\t\t<a class=\"rollover rollover-zoom dt-pswp-item\" title=\"Miolo_Urbanismo_Cidade_e_Saude-1-1_page-0001\" data-dt-img-description=\"\" data-large_image_width=\"916\" data-large_image_height=\"1359\"href='https:\/\/www.adufpb.org.br\/site\/wp-content\/uploads\/2023\/11\/Miolo_Urbanismo_Cidade_e_Saude-1-1_page-0001.jpg'><img loading=\"lazy\" decoding=\"async\" width=\"202\" height=\"300\" src=\"https:\/\/www.adufpb.org.br\/site\/wp-content\/uploads\/2023\/11\/Miolo_Urbanismo_Cidade_e_Saude-1-1_page-0001-202x300.jpg\" class=\"attachment-medium size-medium\" alt=\"\" srcset=\"https:\/\/www.adufpb.org.br\/site\/wp-content\/uploads\/2023\/11\/Miolo_Urbanismo_Cidade_e_Saude-1-1_page-0001-202x300.jpg 202w, https:\/\/www.adufpb.org.br\/site\/wp-content\/uploads\/2023\/11\/Miolo_Urbanismo_Cidade_e_Saude-1-1_page-0001-690x1024.jpg 690w, https:\/\/www.adufpb.org.br\/site\/wp-content\/uploads\/2023\/11\/Miolo_Urbanismo_Cidade_e_Saude-1-1_page-0001-768x1139.jpg 768w, https:\/\/www.adufpb.org.br\/site\/wp-content\/uploads\/2023\/11\/Miolo_Urbanismo_Cidade_e_Saude-1-1_page-0001-250x371.jpg 250w, https:\/\/www.adufpb.org.br\/site\/wp-content\/uploads\/2023\/11\/Miolo_Urbanismo_Cidade_e_Saude-1-1_page-0001.jpg 916w\" sizes=\"auto, (max-width: 202px) 100vw, 202px\" \/><\/a>\n\t\t\t\t<\/dt><\/dl><br style=\"clear: both\" \/><dl class='gallery-item'>\n\t\t\t\t<dt class='gallery-icon portrait'>\n\t\t\t\t\t<a class=\"rollover rollover-zoom dt-pswp-item\" title=\"Miolo-A-cidade-a-escala-humana-1-1_page-0001\" data-dt-img-description=\"\" data-large_image_width=\"916\" data-large_image_height=\"1359\"href='https:\/\/www.adufpb.org.br\/site\/wp-content\/uploads\/2023\/11\/Miolo-A-cidade-a-escala-humana-1-1_page-0001.jpg'><img loading=\"lazy\" decoding=\"async\" width=\"202\" height=\"300\" src=\"https:\/\/www.adufpb.org.br\/site\/wp-content\/uploads\/2023\/11\/Miolo-A-cidade-a-escala-humana-1-1_page-0001-202x300.jpg\" class=\"attachment-medium size-medium\" alt=\"\" srcset=\"https:\/\/www.adufpb.org.br\/site\/wp-content\/uploads\/2023\/11\/Miolo-A-cidade-a-escala-humana-1-1_page-0001-202x300.jpg 202w, https:\/\/www.adufpb.org.br\/site\/wp-content\/uploads\/2023\/11\/Miolo-A-cidade-a-escala-humana-1-1_page-0001-690x1024.jpg 690w, https:\/\/www.adufpb.org.br\/site\/wp-content\/uploads\/2023\/11\/Miolo-A-cidade-a-escala-humana-1-1_page-0001-768x1139.jpg 768w, https:\/\/www.adufpb.org.br\/site\/wp-content\/uploads\/2023\/11\/Miolo-A-cidade-a-escala-humana-1-1_page-0001-250x371.jpg 250w, https:\/\/www.adufpb.org.br\/site\/wp-content\/uploads\/2023\/11\/Miolo-A-cidade-a-escala-humana-1-1_page-0001.jpg 916w\" sizes=\"auto, (max-width: 202px) 100vw, 202px\" \/><\/a>\n\t\t\t\t<\/dt><\/dl><dl class='gallery-item'>\n\t\t\t\t<dt class='gallery-icon portrait'>\n\t\t\t\t\t<a class=\"rollover rollover-zoom dt-pswp-item\" title=\"Pdf.-do-livro-Politicas-Habitacionais-1-1_page-0001\" data-dt-img-description=\"\" data-large_image_width=\"916\" data-large_image_height=\"1359\"href='https:\/\/www.adufpb.org.br\/site\/wp-content\/uploads\/2023\/11\/Pdf.-do-livro-Politicas-Habitacionais-1-1_page-0001.jpg'><img loading=\"lazy\" decoding=\"async\" width=\"202\" height=\"300\" src=\"https:\/\/www.adufpb.org.br\/site\/wp-content\/uploads\/2023\/11\/Pdf.-do-livro-Politicas-Habitacionais-1-1_page-0001-202x300.jpg\" class=\"attachment-medium size-medium\" alt=\"\" srcset=\"https:\/\/www.adufpb.org.br\/site\/wp-content\/uploads\/2023\/11\/Pdf.-do-livro-Politicas-Habitacionais-1-1_page-0001-202x300.jpg 202w, https:\/\/www.adufpb.org.br\/site\/wp-content\/uploads\/2023\/11\/Pdf.-do-livro-Politicas-Habitacionais-1-1_page-0001-690x1024.jpg 690w, https:\/\/www.adufpb.org.br\/site\/wp-content\/uploads\/2023\/11\/Pdf.-do-livro-Politicas-Habitacionais-1-1_page-0001-768x1139.jpg 768w, https:\/\/www.adufpb.org.br\/site\/wp-content\/uploads\/2023\/11\/Pdf.-do-livro-Politicas-Habitacionais-1-1_page-0001-250x371.jpg 250w, https:\/\/www.adufpb.org.br\/site\/wp-content\/uploads\/2023\/11\/Pdf.-do-livro-Politicas-Habitacionais-1-1_page-0001.jpg 916w\" sizes=\"auto, (max-width: 202px) 100vw, 202px\" \/><\/a>\n\t\t\t\t<\/dt><\/dl><br style=\"clear: both\" \/><dl class='gallery-item'>\n\t\t\t\t<dt class='gallery-icon portrait'>\n\t\t\t\t\t<a class=\"rollover rollover-zoom dt-pswp-item\" title=\"20231116_103232\" data-dt-img-description=\"\" data-large_image_width=\"1845\" data-large_image_height=\"2560\"href='https:\/\/www.adufpb.org.br\/site\/wp-content\/uploads\/2023\/11\/20231116_103232-1-scaled.jpg'><img loading=\"lazy\" decoding=\"async\" width=\"216\" height=\"300\" src=\"https:\/\/www.adufpb.org.br\/site\/wp-content\/uploads\/2023\/11\/20231116_103232-1-216x300.jpg\" class=\"attachment-medium size-medium\" alt=\"\" srcset=\"https:\/\/www.adufpb.org.br\/site\/wp-content\/uploads\/2023\/11\/20231116_103232-1-216x300.jpg 216w, https:\/\/www.adufpb.org.br\/site\/wp-content\/uploads\/2023\/11\/20231116_103232-1-738x1024.jpg 738w, https:\/\/www.adufpb.org.br\/site\/wp-content\/uploads\/2023\/11\/20231116_103232-1-768x1066.jpg 768w, https:\/\/www.adufpb.org.br\/site\/wp-content\/uploads\/2023\/11\/20231116_103232-1-1107x1536.jpg 1107w, https:\/\/www.adufpb.org.br\/site\/wp-content\/uploads\/2023\/11\/20231116_103232-1-1476x2048.jpg 1476w, https:\/\/www.adufpb.org.br\/site\/wp-content\/uploads\/2023\/11\/20231116_103232-1-250x347.jpg 250w, https:\/\/www.adufpb.org.br\/site\/wp-content\/uploads\/2023\/11\/20231116_103232-1-scaled.jpg 1845w\" sizes=\"auto, (max-width: 216px) 100vw, 216px\" \/><\/a>\n\t\t\t\t<\/dt><\/dl><dl class='gallery-item'>\n\t\t\t\t<dt class='gallery-icon portrait'>\n\t\t\t\t\t<a class=\"rollover rollover-zoom dt-pswp-item\" title=\"20231117_092716\" data-dt-img-description=\"\" data-large_image_width=\"1792\" data-large_image_height=\"2440\"href='https:\/\/www.adufpb.org.br\/site\/wp-content\/uploads\/2023\/11\/20231117_092716-rotated.jpg'><img loading=\"lazy\" decoding=\"async\" width=\"220\" height=\"300\" src=\"https:\/\/www.adufpb.org.br\/site\/wp-content\/uploads\/2023\/11\/20231117_092716-220x300.jpg\" class=\"attachment-medium size-medium\" alt=\"\" srcset=\"https:\/\/www.adufpb.org.br\/site\/wp-content\/uploads\/2023\/11\/20231117_092716-220x300.jpg 220w, https:\/\/www.adufpb.org.br\/site\/wp-content\/uploads\/2023\/11\/20231117_092716-752x1024.jpg 752w, https:\/\/www.adufpb.org.br\/site\/wp-content\/uploads\/2023\/11\/20231117_092716-768x1046.jpg 768w, https:\/\/www.adufpb.org.br\/site\/wp-content\/uploads\/2023\/11\/20231117_092716-1128x1536.jpg 1128w, https:\/\/www.adufpb.org.br\/site\/wp-content\/uploads\/2023\/11\/20231117_092716-1504x2048.jpg 1504w, https:\/\/www.adufpb.org.br\/site\/wp-content\/uploads\/2023\/11\/20231117_092716-250x340.jpg 250w, https:\/\/www.adufpb.org.br\/site\/wp-content\/uploads\/2023\/11\/20231117_092716-rotated.jpg 1792w\" sizes=\"auto, (max-width: 220px) 100vw, 220px\" \/><\/a>\n\t\t\t\t<\/dt><\/dl><br style=\"clear: both\" \/><dl class='gallery-item'>\n\t\t\t\t<dt class='gallery-icon portrait'>\n\t\t\t\t\t<a class=\"rollover rollover-zoom dt-pswp-item\" title=\"praticas-digitais-em-educacao-musical-ebook-2_page-0001\" data-dt-img-description=\"\" data-large_image_width=\"886\" data-large_image_height=\"1241\"href='https:\/\/www.adufpb.org.br\/site\/wp-content\/uploads\/2023\/11\/praticas-digitais-em-educacao-musical-ebook-2_page-0001.jpg'><img loading=\"lazy\" decoding=\"async\" width=\"214\" height=\"300\" src=\"https:\/\/www.adufpb.org.br\/site\/wp-content\/uploads\/2023\/11\/praticas-digitais-em-educacao-musical-ebook-2_page-0001-214x300.jpg\" class=\"attachment-medium size-medium\" alt=\"\" srcset=\"https:\/\/www.adufpb.org.br\/site\/wp-content\/uploads\/2023\/11\/praticas-digitais-em-educacao-musical-ebook-2_page-0001-214x300.jpg 214w, https:\/\/www.adufpb.org.br\/site\/wp-content\/uploads\/2023\/11\/praticas-digitais-em-educacao-musical-ebook-2_page-0001-731x1024.jpg 731w, https:\/\/www.adufpb.org.br\/site\/wp-content\/uploads\/2023\/11\/praticas-digitais-em-educacao-musical-ebook-2_page-0001-768x1076.jpg 768w, https:\/\/www.adufpb.org.br\/site\/wp-content\/uploads\/2023\/11\/praticas-digitais-em-educacao-musical-ebook-2_page-0001-250x350.jpg 250w, https:\/\/www.adufpb.org.br\/site\/wp-content\/uploads\/2023\/11\/praticas-digitais-em-educacao-musical-ebook-2_page-0001.jpg 886w\" sizes=\"auto, (max-width: 214px) 100vw, 214px\" \/><\/a>\n\t\t\t\t<\/dt><\/dl><dl class='gallery-item'>\n\t\t\t\t<dt class='gallery-icon portrait'>\n\t\t\t\t\t<a class=\"rollover rollover-zoom dt-pswp-item\" title=\"20231117_115020\" data-dt-img-description=\"\" data-large_image_width=\"2000\" data-large_image_height=\"2032\"href='https:\/\/www.adufpb.org.br\/site\/wp-content\/uploads\/2023\/11\/20231117_115020.jpg'><img loading=\"lazy\" decoding=\"async\" width=\"295\" height=\"300\" src=\"https:\/\/www.adufpb.org.br\/site\/wp-content\/uploads\/2023\/11\/20231117_115020-295x300.jpg\" class=\"attachment-medium size-medium\" alt=\"\" srcset=\"https:\/\/www.adufpb.org.br\/site\/wp-content\/uploads\/2023\/11\/20231117_115020-295x300.jpg 295w, https:\/\/www.adufpb.org.br\/site\/wp-content\/uploads\/2023\/11\/20231117_115020-1008x1024.jpg 1008w, https:\/\/www.adufpb.org.br\/site\/wp-content\/uploads\/2023\/11\/20231117_115020-768x780.jpg 768w, https:\/\/www.adufpb.org.br\/site\/wp-content\/uploads\/2023\/11\/20231117_115020-1512x1536.jpg 1512w, https:\/\/www.adufpb.org.br\/site\/wp-content\/uploads\/2023\/11\/20231117_115020-250x254.jpg 250w, https:\/\/www.adufpb.org.br\/site\/wp-content\/uploads\/2023\/11\/20231117_115020.jpg 2000w\" sizes=\"auto, (max-width: 295px) 100vw, 295px\" \/><\/a>\n\t\t\t\t<\/dt><\/dl><br style=\"clear: both\" \/>\n\t\t\t<\/div>\n\n<p><em><img loading=\"lazy\" decoding=\"async\" class=\"size-medium wp-image-30184 aligncenter\" src=\"https:\/\/www.adufpb.org.br\/site\/wp-content\/uploads\/2023\/11\/WhatsApp-Image-2023-11-23-at-17.02.46-205x300.jpeg\" alt=\"\" width=\"205\" height=\"300\" srcset=\"https:\/\/www.adufpb.org.br\/site\/wp-content\/uploads\/2023\/11\/WhatsApp-Image-2023-11-23-at-17.02.46-205x300.jpeg 205w, https:\/\/www.adufpb.org.br\/site\/wp-content\/uploads\/2023\/11\/WhatsApp-Image-2023-11-23-at-17.02.46-250x365.jpeg 250w, https:\/\/www.adufpb.org.br\/site\/wp-content\/uploads\/2023\/11\/WhatsApp-Image-2023-11-23-at-17.02.46.jpeg 313w\" sizes=\"auto, (max-width: 205px) 100vw, 205px\" \/><\/em><\/p>\n<p>&nbsp;<\/p>\n<p>&nbsp;<\/p>\n<p>&nbsp;<\/p>\n<p>&nbsp;<\/p>\n<p>&nbsp;<\/p>\n<p>&nbsp;<\/p>\n<p>&nbsp;<\/p>\n<p>&nbsp;<\/p>\n<p><em>Fonte: Ascom ADUFPB<\/em><\/p>\n","protected":false},"excerpt":{"rendered":"<p>A literatura dar\u00e1 o tom na noite da pr\u00f3xima ter\u00e7a-feira (21), na Sede Sociocultural da ADUFPB, com a promo\u00e7\u00e3o do Projeto Sede de Leitura. O evento acontecer\u00e1 partir das 19h, com o lan\u00e7amento de cerca de 20 publica\u00e7\u00f5es, todas de autoria de docentes sindicalizados da UFPB. O encontro, que contar\u00e1 com coquetel e m\u00fasica ao&hellip;<\/p>\n","protected":false},"author":10,"featured_media":30120,"comment_status":"closed","ping_status":"closed","sticky":false,"template":"","format":"standard","meta":{"footnotes":""},"categories":[1405,4,15,417],"tags":[],"class_list":["post-30117","post","type-post","status-publish","format-standard","has-post-thumbnail","hentry","category-chamada-principal","category-comunicacao","category-noticias","category-noticias-destaque","category-1405","category-4","category-15","category-417","description-off"],"_links":{"self":[{"href":"https:\/\/www.adufpb.org.br\/site\/wp-json\/wp\/v2\/posts\/30117","targetHints":{"allow":["GET"]}}],"collection":[{"href":"https:\/\/www.adufpb.org.br\/site\/wp-json\/wp\/v2\/posts"}],"about":[{"href":"https:\/\/www.adufpb.org.br\/site\/wp-json\/wp\/v2\/types\/post"}],"author":[{"embeddable":true,"href":"https:\/\/www.adufpb.org.br\/site\/wp-json\/wp\/v2\/users\/10"}],"replies":[{"embeddable":true,"href":"https:\/\/www.adufpb.org.br\/site\/wp-json\/wp\/v2\/comments?post=30117"}],"version-history":[{"count":13,"href":"https:\/\/www.adufpb.org.br\/site\/wp-json\/wp\/v2\/posts\/30117\/revisions"}],"predecessor-version":[{"id":30126,"href":"https:\/\/www.adufpb.org.br\/site\/wp-json\/wp\/v2\/posts\/30117\/revisions\/30126"}],"wp:featuredmedia":[{"embeddable":true,"href":"https:\/\/www.adufpb.org.br\/site\/wp-json\/wp\/v2\/media\/30120"}],"wp:attachment":[{"href":"https:\/\/www.adufpb.org.br\/site\/wp-json\/wp\/v2\/media?parent=30117"}],"wp:term":[{"taxonomy":"category","embeddable":true,"href":"https:\/\/www.adufpb.org.br\/site\/wp-json\/wp\/v2\/categories?post=30117"},{"taxonomy":"post_tag","embeddable":true,"href":"https:\/\/www.adufpb.org.br\/site\/wp-json\/wp\/v2\/tags?post=30117"}],"curies":[{"name":"wp","href":"https:\/\/api.w.org\/{rel}","templated":true}]}}