{"id":30102,"date":"2023-11-06T16:59:45","date_gmt":"2023-11-06T19:59:45","guid":{"rendered":"https:\/\/www.adufpb.org.br\/site\/?p=30102"},"modified":"2023-11-22T10:07:05","modified_gmt":"2023-11-22T13:07:05","slug":"labirinto-reacionario-adufpb-realiza-quarta-feira-8-mais-uma-edicao-do-projeto-realidade-brasileira-e-universidade","status":"publish","type":"post","link":"https:\/\/www.adufpb.org.br\/site\/labirinto-reacionario-adufpb-realiza-quarta-feira-8-mais-uma-edicao-do-projeto-realidade-brasileira-e-universidade\/","title":{"rendered":"\u201cLabirinto Reacion\u00e1rio\u201d: ADUFPB realiza na quarta-feira (8) mais uma edi\u00e7\u00e3o do projeto Realidade Brasileira e Universidade"},"content":{"rendered":"<p><span style=\"font-weight: 400;\"><a class=\"dt-pswp-item\" href=\"https:\/\/www.adufpb.org.br\/site\/wp-content\/uploads\/2023\/11\/223.11.08-realidade-brasileira-labirinto-reacionario.jpeg\" data-dt-img-description=\"\" data-large_image_width=\"1069\" data-large_image_height=\"1080\"><img loading=\"lazy\" decoding=\"async\" class=\"alignright size-medium wp-image-30103\" src=\"https:\/\/www.adufpb.org.br\/site\/wp-content\/uploads\/2023\/11\/223.11.08-realidade-brasileira-labirinto-reacionario-297x300.jpeg\" alt=\"\" width=\"297\" height=\"300\" srcset=\"https:\/\/www.adufpb.org.br\/site\/wp-content\/uploads\/2023\/11\/223.11.08-realidade-brasileira-labirinto-reacionario-297x300.jpeg 297w, https:\/\/www.adufpb.org.br\/site\/wp-content\/uploads\/2023\/11\/223.11.08-realidade-brasileira-labirinto-reacionario-1014x1024.jpeg 1014w, https:\/\/www.adufpb.org.br\/site\/wp-content\/uploads\/2023\/11\/223.11.08-realidade-brasileira-labirinto-reacionario-768x776.jpeg 768w, https:\/\/www.adufpb.org.br\/site\/wp-content\/uploads\/2023\/11\/223.11.08-realidade-brasileira-labirinto-reacionario-250x253.jpeg 250w, https:\/\/www.adufpb.org.br\/site\/wp-content\/uploads\/2023\/11\/223.11.08-realidade-brasileira-labirinto-reacionario.jpeg 1069w\" sizes=\"auto, (max-width: 297px) 100vw, 297px\" \/><\/a>A ADUFPB realiza na pr\u00f3xima quarta-feira (8\/11) mais uma edi\u00e7\u00e3o do projeto Realidade Brasileira e Universidade. O evento ter\u00e1 a presen\u00e7a do escritor e professor do Instituto Federal de S\u00e3o Paulo (IFSP), Val\u00e9rio Arcary, que ir\u00e1 abordar a conjuntura pol\u00edtica brasileira a partir dos textos reunidos no seu novo livro \u201cLabirinto Reacion\u00e1rio\u201d.<\/span><\/p>\n<p><span style=\"font-weight: 400;\">Esta nova edi\u00e7\u00e3o do Realidade Brasileira e Universidade est\u00e1 sendo realizada em parceria com o Sintespb e o Sintefpb. Ela integra o calend\u00e1rio de atividades aprovado pelas duas entidades, que inclui dois dias de mobiliza\u00e7\u00e3o e paralisa\u00e7\u00e3o em defesa do servi\u00e7o p\u00fablico. O evento ocorrer\u00e1 na Sala de Leitura da ADUFPB, no Centro de Viv\u00eancia do campus I, em Jo\u00e3o Pessoa, das 10h30 \u00e0s 12h30.<\/span><\/p>\n<p><span style=\"font-weight: 400;\">O novo livro de Val\u00e9rio Arcary, \u201cLabirinto Reacion\u00e1rio\u201d, re\u00fane 56 textos publicados pelo autor em diversas revistas e plataformas de comunica\u00e7\u00e3o desde 2014. Eles abordam a conjuntura pol\u00edtica e an\u00e1lises estruturais sobre o Brasil, com destaque para o per\u00edodo do governo Bolsonaro (2019-2022).<\/span><\/p>\n<p><span style=\"text-decoration: underline;\"><b>AGENDE-SE<\/b><\/span><\/p>\n<p><b>Projeto Realidade Brasileira e Universidade<\/b><\/p>\n<p><b>Tema:<\/b><span style=\"font-weight: 400;\"> &#8220;Labirinto Reacion\u00e1rio: uma an\u00e1lise sobre a conjuntura pol\u00edtica brasileira&#8221;<\/span><\/p>\n<ul>\n<li><b>Data:<\/b><span style=\"font-weight: 400;\"> quarta-feira, 8\/11<\/span><\/li>\n<li><b>Hor\u00e1rio:<\/b><span style=\"font-weight: 400;\"> 10h30<\/span><\/li>\n<li><b>Local:<\/b><span style=\"font-weight: 400;\"> Sala de Leitura da ADUFPB, no Centro de Viv\u00eancia do campus I<\/span><\/li>\n<\/ul>\n<p><b>Palestrante:<\/b><span style=\"font-weight: 400;\"> Val\u00e9rio Arcary<\/span><\/p>\n<p><b>Realiza\u00e7\u00e3o:<\/b><span style=\"font-weight: 400;\"> ADUFPB, Sintefpb e Sintespb<\/span><\/p>\n<p><em>Fonte: Ascom ADUFPB<\/em><\/p>\n","protected":false},"excerpt":{"rendered":"<p>A ADUFPB realiza na pr\u00f3xima quarta-feira (8\/11) mais uma edi\u00e7\u00e3o do projeto Realidade Brasileira e Universidade. O evento ter\u00e1 a presen\u00e7a do escritor e professor do Instituto Federal de S\u00e3o Paulo (IFSP), Val\u00e9rio Arcary, que ir\u00e1 abordar a conjuntura pol\u00edtica brasileira a partir dos textos reunidos no seu novo livro \u201cLabirinto Reacion\u00e1rio\u201d. Esta nova edi\u00e7\u00e3o&hellip;<\/p>\n","protected":false},"author":3,"featured_media":30103,"comment_status":"closed","ping_status":"closed","sticky":false,"template":"","format":"standard","meta":{"footnotes":""},"categories":[1405,15,417],"tags":[1325,1037,902],"class_list":["post-30102","post","type-post","status-publish","format-standard","has-post-thumbnail","hentry","category-chamada-principal","category-noticias","category-noticias-destaque","tag-projeto-realidade-brasileira","tag-realidade-brasileira","tag-realidade-brasileira-e-universidade","category-1405","category-15","category-417","description-off"],"_links":{"self":[{"href":"https:\/\/www.adufpb.org.br\/site\/wp-json\/wp\/v2\/posts\/30102","targetHints":{"allow":["GET"]}}],"collection":[{"href":"https:\/\/www.adufpb.org.br\/site\/wp-json\/wp\/v2\/posts"}],"about":[{"href":"https:\/\/www.adufpb.org.br\/site\/wp-json\/wp\/v2\/types\/post"}],"author":[{"embeddable":true,"href":"https:\/\/www.adufpb.org.br\/site\/wp-json\/wp\/v2\/users\/3"}],"replies":[{"embeddable":true,"href":"https:\/\/www.adufpb.org.br\/site\/wp-json\/wp\/v2\/comments?post=30102"}],"version-history":[{"count":2,"href":"https:\/\/www.adufpb.org.br\/site\/wp-json\/wp\/v2\/posts\/30102\/revisions"}],"predecessor-version":[{"id":30105,"href":"https:\/\/www.adufpb.org.br\/site\/wp-json\/wp\/v2\/posts\/30102\/revisions\/30105"}],"wp:featuredmedia":[{"embeddable":true,"href":"https:\/\/www.adufpb.org.br\/site\/wp-json\/wp\/v2\/media\/30103"}],"wp:attachment":[{"href":"https:\/\/www.adufpb.org.br\/site\/wp-json\/wp\/v2\/media?parent=30102"}],"wp:term":[{"taxonomy":"category","embeddable":true,"href":"https:\/\/www.adufpb.org.br\/site\/wp-json\/wp\/v2\/categories?post=30102"},{"taxonomy":"post_tag","embeddable":true,"href":"https:\/\/www.adufpb.org.br\/site\/wp-json\/wp\/v2\/tags?post=30102"}],"curies":[{"name":"wp","href":"https:\/\/api.w.org\/{rel}","templated":true}]}}