{"id":30033,"date":"2023-10-23T14:47:24","date_gmt":"2023-10-23T17:47:24","guid":{"rendered":"https:\/\/www.adufpb.org.br\/site\/?p=30033"},"modified":"2023-10-27T18:30:45","modified_gmt":"2023-10-27T21:30:45","slug":"aniversario-de-45-anos-da-adufpb-e-festejado-com-edicao-especial-do-quinteto-convida","status":"publish","type":"post","link":"https:\/\/www.adufpb.org.br\/site\/aniversario-de-45-anos-da-adufpb-e-festejado-com-edicao-especial-do-quinteto-convida\/","title":{"rendered":"Anivers\u00e1rio de 45 anos da ADUFPB \u00e9 festejado com edi\u00e7\u00e3o especial do Quinteto Convida"},"content":{"rendered":"<p><img loading=\"lazy\" decoding=\"async\" class=\"size-medium wp-image-30035 alignleft\" src=\"https:\/\/www.adufpb.org.br\/site\/wp-content\/uploads\/2023\/10\/Card-240x300.jpeg\" alt=\"\" width=\"240\" height=\"300\" srcset=\"https:\/\/www.adufpb.org.br\/site\/wp-content\/uploads\/2023\/10\/Card-240x300.jpeg 240w, https:\/\/www.adufpb.org.br\/site\/wp-content\/uploads\/2023\/10\/Card-819x1024.jpeg 819w, https:\/\/www.adufpb.org.br\/site\/wp-content\/uploads\/2023\/10\/Card-768x960.jpeg 768w, https:\/\/www.adufpb.org.br\/site\/wp-content\/uploads\/2023\/10\/Card-250x313.jpeg 250w, https:\/\/www.adufpb.org.br\/site\/wp-content\/uploads\/2023\/10\/Card.jpeg 1080w\" sizes=\"auto, (max-width: 240px) 100vw, 240px\" \/>Nesta quarta-feira (25), dia de anivers\u00e1rio da ADUFPB, encerra-se a programa\u00e7\u00e3o da entidade para celebrar os seus 45 anos de funda\u00e7\u00e3o. O evento deste dia ser\u00e1 uma edi\u00e7\u00e3o especial do Quinteto Convida, com as participa\u00e7\u00f5es dos m\u00fasicos Uan\u00e1 Barreto e Helinho Medeiros, na Sala Radegundis Feitosa, a partir das 20h. A entrada \u00e9 franca.<\/p>\n<p>O Quinteto da Para\u00edba \u00e9, hoje, um dos mais renomados grupos de m\u00fasica de c\u00e2mara do Brasil. Criado h\u00e1 mais de tr\u00eas d\u00e9cadas no Departamento de M\u00fasica do Centro de Comunica\u00e7\u00e3o, Turismo e Artes da UFPB, tem tr\u00e1fego vers\u00e1til entre a m\u00fasica de concerto e a m\u00fasica popular, sendo considerado o respons\u00e1vel pelo resgate do Movimento Armorial, com m\u00e9ritos da cr\u00edtica especializada nacional e internacional. \u201cO Quinteto surgiu com a proposta de divulgar a obra de compositores brasileiros, mas a sua maior inspira\u00e7\u00e3o \u00e9 a cultura musical do Nordeste\u201d, diz o contrabaixista Xisto Medeiros, produtor e diretor musical do grupo.<\/p>\n<div id=\"attachment_30037\" style=\"width: 310px\" class=\"wp-caption alignright\"><img loading=\"lazy\" decoding=\"async\" aria-describedby=\"caption-attachment-30037\" class=\"wp-image-30037 size-medium\" src=\"https:\/\/www.adufpb.org.br\/site\/wp-content\/uploads\/2023\/10\/30-anos15_x-300x200.jpg\" alt=\"\" width=\"300\" height=\"200\" srcset=\"https:\/\/www.adufpb.org.br\/site\/wp-content\/uploads\/2023\/10\/30-anos15_x-300x200.jpg 300w, https:\/\/www.adufpb.org.br\/site\/wp-content\/uploads\/2023\/10\/30-anos15_x-1024x683.jpg 1024w, https:\/\/www.adufpb.org.br\/site\/wp-content\/uploads\/2023\/10\/30-anos15_x-768x512.jpg 768w, https:\/\/www.adufpb.org.br\/site\/wp-content\/uploads\/2023\/10\/30-anos15_x-250x167.jpg 250w, https:\/\/www.adufpb.org.br\/site\/wp-content\/uploads\/2023\/10\/30-anos15_x.jpg 1087w\" sizes=\"auto, (max-width: 300px) 100vw, 300px\" \/><p id=\"caption-attachment-30037\" class=\"wp-caption-text\">Quinteto Para\u00edba no concerto de anivers\u00e1rio da ADUFPB<\/p><\/div>\n<p>Em 2016, teve in\u00edcio o projeto Quinteto Convida, com o objetivo de receber cantores e instrumentistas para dividir o palco com o grupo e apresentar obras autorais, al\u00e9m de homenagear outros artistas. Desde ent\u00e3o, o projeto j\u00e1 recebeu Xangai, Carlos Malta, o maestro Nelson Ayres, Toninho Ferragutti, Zeca Baleiro, Duofel, M\u00f4nica Salmaso, o maestro Spok, Jessier Quirino, Marcelo Jeneci, Carol Panesi, Marco C\u00e9sar, Escurinho, Totonho, Ceumar e Duo S\u00e1nches\/Galiana, entre outros.<\/p>\n<p>Na edi\u00e7\u00e3o desta quarta-feira, especialmente pensada para os 45 anos da ADUFPB, os convidados do Quinteto apresentar\u00e3o m\u00fasicas autorais e de nomes conhecidos do cancioneiro nacional, sempre com arranjos pr\u00f3prios.<\/p>\n<div id=\"attachment_30040\" style=\"width: 310px\" class=\"wp-caption alignleft\"><img loading=\"lazy\" decoding=\"async\" aria-describedby=\"caption-attachment-30040\" class=\"wp-image-30040 size-full\" src=\"https:\/\/www.adufpb.org.br\/site\/wp-content\/uploads\/2023\/10\/Uana.jpg\" alt=\"\" width=\"300\" height=\"218\" srcset=\"https:\/\/www.adufpb.org.br\/site\/wp-content\/uploads\/2023\/10\/Uana.jpg 300w, https:\/\/www.adufpb.org.br\/site\/wp-content\/uploads\/2023\/10\/Uana-250x182.jpg 250w\" sizes=\"auto, (max-width: 300px) 100vw, 300px\" \/><p id=\"caption-attachment-30040\" class=\"wp-caption-text\">O pianista Uan\u00e1 Barreto<\/p><\/div>\n<p><strong> Convidados <\/strong>\u2013 Uan\u00e1 Barreto \u00e9 bacharel e mestre em piano pela UFPB. Al\u00e9m de atuar na m\u00fasica de concerto, desenvolve, na m\u00fasica popular, intenso trabalho de pesquisa, composi\u00e7\u00e3o e arranjo para piano. Em parceria com o Instituto Piano Brasileiro, publicou arranjos pr\u00f3prios para obras de Guinga, Chico Buarque e Baden Powell. Com composi\u00e7\u00f5es interpretadas em importantes salas de concerto, Uan\u00e1 foi o vencedor do II Concurso para Compositores Jos\u00e9 Siqueira, com a obra \u201cDivertimento para Clarineta e Orquestra\u201d. Atualmente, leciona piano na Escola Estadual de M\u00fasica Anthenor Navarro e no Instituto Federal da Para\u00edba, em Jo\u00e3o Pessoa.<\/p>\n<div id=\"attachment_30039\" style=\"width: 310px\" class=\"wp-caption alignright\"><img loading=\"lazy\" decoding=\"async\" aria-describedby=\"caption-attachment-30039\" class=\"wp-image-30039 size-medium\" src=\"https:\/\/www.adufpb.org.br\/site\/wp-content\/uploads\/2023\/10\/Helinho-300x300.jpg\" alt=\"\" width=\"300\" height=\"300\" srcset=\"https:\/\/www.adufpb.org.br\/site\/wp-content\/uploads\/2023\/10\/Helinho-300x300.jpg 300w, https:\/\/www.adufpb.org.br\/site\/wp-content\/uploads\/2023\/10\/Helinho-150x150.jpg 150w, https:\/\/www.adufpb.org.br\/site\/wp-content\/uploads\/2023\/10\/Helinho-250x250.jpg 250w, https:\/\/www.adufpb.org.br\/site\/wp-content\/uploads\/2023\/10\/Helinho.jpg 450w\" sizes=\"auto, (max-width: 300px) 100vw, 300px\" \/><p id=\"caption-attachment-30039\" class=\"wp-caption-text\">Helinho Medeiros e sua sanfona<\/p><\/div>\n<p>J\u00e1 o multifacet\u00e1rio Helinho Medeiros \u00e9 sanfoneiro, pianista, produtor e compositor. Dono de um curr\u00edculo extenso, no qual registra participa\u00e7\u00f5es como instrumentista na grava\u00e7\u00e3o de mais de 80 t\u00edtulos, entre CDs e DVDs, \u00e9 bacharel em m\u00fasica pela UFPB, onde atua como professor desde 2012. Ao lado de grupos e artistas diversos, tem se dedicado \u00e0 atua\u00e7\u00e3o como sanfoneiro e pianista, excursionando pela Europa, \u00c1frica, \u00c1sia, Am\u00e9rica Latina e Caribe. Atualmente, cursa mestrado na UFPB, com foco na forma\u00e7\u00e3o em sanfona no ensino superior e \u00eanfase nos processos de transmiss\u00e3o de saberes da cultura popular.<\/p>\n<p><strong>Anivers\u00e1rio<\/strong> \u2013 Desde o in\u00edcio do m\u00eas, a ADUFPB promoveu v\u00e1rios eventos para marcar os 45 anos da entidade. Teve duas edi\u00e7\u00f5es do Projeto Realidade Brasileira: \u201cA quest\u00e3o da terra e a luta por democracia no Brasil\u201d, em parceria com o MST, e \u201cConjuntura e luta dos servidores p\u00fablicos: pela recomposi\u00e7\u00e3o salarial e contra a Reforma Administrativa\u201d, com a professora convidada Celi Taffarel, da Universidade Federal da Bahia (UFBA); teve o Dia das Crian\u00e7as; um caf\u00e9 da manh\u00e3 especial para comemorar o Dia do Professor; um debate sobre a atua\u00e7\u00e3o da entidade por seus ex-presidentes; e um encontro festivo na sede sociocultural, com muito samba e feijoada.<\/p>\n<p>&nbsp;<\/p>\n<p><strong>AGENDE-SE<\/strong><\/p>\n<p>45 Anos da ADUFPB<\/p>\n<p>Quinteto Convida: Uan\u00e1 Barreto e Helinho Medeiros<\/p>\n<p>Quarta-feira, 25 de outubro, \u00e0s 20h<\/p>\n<p>Sala Radegundis Feitosa (UFPB)<\/p>\n<p>Entrada franca (senhas distribu\u00eddas a partir das 18h30, na portaria da sala \u2013 300 lugares)<\/p>\n","protected":false},"excerpt":{"rendered":"<p>Nesta quarta-feira (25), dia de anivers\u00e1rio da ADUFPB, encerra-se a programa\u00e7\u00e3o da entidade para celebrar os seus 45 anos de funda\u00e7\u00e3o. O evento deste dia ser\u00e1 uma edi\u00e7\u00e3o especial do Quinteto Convida, com as participa\u00e7\u00f5es dos m\u00fasicos Uan\u00e1 Barreto e Helinho Medeiros, na Sala Radegundis Feitosa, a partir das 20h. A entrada \u00e9 franca. O&hellip;<\/p>\n","protected":false},"author":10,"featured_media":30036,"comment_status":"closed","ping_status":"closed","sticky":false,"template":"","format":"standard","meta":{"footnotes":""},"categories":[1405,4,15,417],"tags":[],"class_list":["post-30033","post","type-post","status-publish","format-standard","has-post-thumbnail","hentry","category-chamada-principal","category-comunicacao","category-noticias","category-noticias-destaque","category-1405","category-4","category-15","category-417","description-off"],"_links":{"self":[{"href":"https:\/\/www.adufpb.org.br\/site\/wp-json\/wp\/v2\/posts\/30033","targetHints":{"allow":["GET"]}}],"collection":[{"href":"https:\/\/www.adufpb.org.br\/site\/wp-json\/wp\/v2\/posts"}],"about":[{"href":"https:\/\/www.adufpb.org.br\/site\/wp-json\/wp\/v2\/types\/post"}],"author":[{"embeddable":true,"href":"https:\/\/www.adufpb.org.br\/site\/wp-json\/wp\/v2\/users\/10"}],"replies":[{"embeddable":true,"href":"https:\/\/www.adufpb.org.br\/site\/wp-json\/wp\/v2\/comments?post=30033"}],"version-history":[{"count":5,"href":"https:\/\/www.adufpb.org.br\/site\/wp-json\/wp\/v2\/posts\/30033\/revisions"}],"predecessor-version":[{"id":30044,"href":"https:\/\/www.adufpb.org.br\/site\/wp-json\/wp\/v2\/posts\/30033\/revisions\/30044"}],"wp:featuredmedia":[{"embeddable":true,"href":"https:\/\/www.adufpb.org.br\/site\/wp-json\/wp\/v2\/media\/30036"}],"wp:attachment":[{"href":"https:\/\/www.adufpb.org.br\/site\/wp-json\/wp\/v2\/media?parent=30033"}],"wp:term":[{"taxonomy":"category","embeddable":true,"href":"https:\/\/www.adufpb.org.br\/site\/wp-json\/wp\/v2\/categories?post=30033"},{"taxonomy":"post_tag","embeddable":true,"href":"https:\/\/www.adufpb.org.br\/site\/wp-json\/wp\/v2\/tags?post=30033"}],"curies":[{"name":"wp","href":"https:\/\/api.w.org\/{rel}","templated":true}]}}