{"id":30005,"date":"2023-10-18T18:05:27","date_gmt":"2023-10-18T21:05:27","guid":{"rendered":"https:\/\/www.adufpb.org.br\/site\/?p=30005"},"modified":"2023-10-19T17:53:39","modified_gmt":"2023-10-19T20:53:39","slug":"celebracao-de-45-anos-da-adufpb-tem-feijoada-musical-neste-domingo-22","status":"publish","type":"post","link":"https:\/\/www.adufpb.org.br\/site\/celebracao-de-45-anos-da-adufpb-tem-feijoada-musical-neste-domingo-22\/","title":{"rendered":"Celebra\u00e7\u00e3o de 45 anos da ADUFPB tem feijoada musical neste domingo (22)"},"content":{"rendered":"<p><a class=\"dt-pswp-item\" href=\"https:\/\/www.adufpb.org.br\/site\/wp-content\/uploads\/2023\/10\/2023.10.22-feijoada-45-anos.jpeg\" data-dt-img-description=\"\" data-large_image_width=\"1066\" data-large_image_height=\"1077\"><img loading=\"lazy\" decoding=\"async\" class=\"alignright size-medium wp-image-30016\" src=\"https:\/\/www.adufpb.org.br\/site\/wp-content\/uploads\/2023\/10\/2023.10.22-feijoada-45-anos-297x300.jpeg\" alt=\"\" width=\"297\" height=\"300\" srcset=\"https:\/\/www.adufpb.org.br\/site\/wp-content\/uploads\/2023\/10\/2023.10.22-feijoada-45-anos-297x300.jpeg 297w, https:\/\/www.adufpb.org.br\/site\/wp-content\/uploads\/2023\/10\/2023.10.22-feijoada-45-anos-1014x1024.jpeg 1014w, https:\/\/www.adufpb.org.br\/site\/wp-content\/uploads\/2023\/10\/2023.10.22-feijoada-45-anos-768x776.jpeg 768w, https:\/\/www.adufpb.org.br\/site\/wp-content\/uploads\/2023\/10\/2023.10.22-feijoada-45-anos-250x253.jpeg 250w, https:\/\/www.adufpb.org.br\/site\/wp-content\/uploads\/2023\/10\/2023.10.22-feijoada-45-anos.jpeg 1066w\" sizes=\"auto, (max-width: 297px) 100vw, 297px\" \/><\/a>A ADUFPB promover\u00e1 mais um encontro festivo para celebrar o seu anivers\u00e1rio. Desta vez, ser\u00e1 a \u201cFeijoada dos 45 Anos\u201d, que acontecer\u00e1 na sede sociocultural da entidade, localizada no bairro do Cabo Branco, a partir das 11h30 deste domingo (22). O momento de descontra\u00e7\u00e3o ser\u00e1 animado pelo som do grupo Samba Parathyba.<\/p>\n<p>Para ter acesso \u00e0 festa, professores(as) sindicalizados(as) precisam apenas assinar a lista que est\u00e1 na sede da ADUFPB (Centro de Viv\u00eancia da UFPB, das 8h \u00e0s 18h). Cada associado(a) ter\u00e1 direito a levar um(a) acompanhante.<\/p>\n<p>O Samba Parathyba \u00e9 composto por um grupo de m\u00fasicos admiradores do samba, com leve pitada de pagode raiz. No repert\u00f3rio, est\u00e3o os hits mais tocados no Brasil, nos anos 1990 e in\u00edcio dos anos 2000.<\/p>\n<p>&nbsp;<\/p>\n<p><strong>AGENDE-SE<\/strong><\/p>\n<p>Feijoada dos 45 Anos<\/p>\n<p>Sede Sociocultural da ADUFPB<\/p>\n<p>Bairro Cabo Branco<\/p>\n<p>A partir das 11h30<\/p>\n<p>Acesso: lista na sede administrativa do sindicato, no Centro de Viv\u00eancia (UFPB)<\/p>\n","protected":false},"excerpt":{"rendered":"<p>A ADUFPB promover\u00e1 mais um encontro festivo para celebrar o seu anivers\u00e1rio. Desta vez, ser\u00e1 a \u201cFeijoada dos 45 Anos\u201d, que acontecer\u00e1 na sede sociocultural da entidade, localizada no bairro do Cabo Branco, a partir das 11h30 deste domingo (22). O momento de descontra\u00e7\u00e3o ser\u00e1 animado pelo som do grupo Samba Parathyba. Para ter acesso&hellip;<\/p>\n","protected":false},"author":10,"featured_media":30016,"comment_status":"closed","ping_status":"closed","sticky":false,"template":"","format":"standard","meta":{"footnotes":""},"categories":[1,15,417],"tags":[],"class_list":["post-30005","post","type-post","status-publish","format-standard","has-post-thumbnail","hentry","category-agenda","category-noticias","category-noticias-destaque","category-1","category-15","category-417","description-off"],"_links":{"self":[{"href":"https:\/\/www.adufpb.org.br\/site\/wp-json\/wp\/v2\/posts\/30005","targetHints":{"allow":["GET"]}}],"collection":[{"href":"https:\/\/www.adufpb.org.br\/site\/wp-json\/wp\/v2\/posts"}],"about":[{"href":"https:\/\/www.adufpb.org.br\/site\/wp-json\/wp\/v2\/types\/post"}],"author":[{"embeddable":true,"href":"https:\/\/www.adufpb.org.br\/site\/wp-json\/wp\/v2\/users\/10"}],"replies":[{"embeddable":true,"href":"https:\/\/www.adufpb.org.br\/site\/wp-json\/wp\/v2\/comments?post=30005"}],"version-history":[{"count":4,"href":"https:\/\/www.adufpb.org.br\/site\/wp-json\/wp\/v2\/posts\/30005\/revisions"}],"predecessor-version":[{"id":30017,"href":"https:\/\/www.adufpb.org.br\/site\/wp-json\/wp\/v2\/posts\/30005\/revisions\/30017"}],"wp:featuredmedia":[{"embeddable":true,"href":"https:\/\/www.adufpb.org.br\/site\/wp-json\/wp\/v2\/media\/30016"}],"wp:attachment":[{"href":"https:\/\/www.adufpb.org.br\/site\/wp-json\/wp\/v2\/media?parent=30005"}],"wp:term":[{"taxonomy":"category","embeddable":true,"href":"https:\/\/www.adufpb.org.br\/site\/wp-json\/wp\/v2\/categories?post=30005"},{"taxonomy":"post_tag","embeddable":true,"href":"https:\/\/www.adufpb.org.br\/site\/wp-json\/wp\/v2\/tags?post=30005"}],"curies":[{"name":"wp","href":"https:\/\/api.w.org\/{rel}","templated":true}]}}