{"id":29991,"date":"2023-10-23T08:00:28","date_gmt":"2023-10-23T11:00:28","guid":{"rendered":"https:\/\/www.adufpb.org.br\/site\/?p=29991"},"modified":"2023-10-27T18:30:52","modified_gmt":"2023-10-27T21:30:52","slug":"gtpe-da-adufpb-realiza-debate-sobre-alfabetizacao-na-proxima-segunda-feira-23","status":"publish","type":"post","link":"https:\/\/www.adufpb.org.br\/site\/gtpe-da-adufpb-realiza-debate-sobre-alfabetizacao-na-proxima-segunda-feira-23\/","title":{"rendered":"GTPE da ADUFPB realiza debate sobre alfabetiza\u00e7\u00e3o nesta segunda-feira (23)"},"content":{"rendered":"<p>O Grupo de Trabalho de Pol\u00edtica de Educacional (GTPE) da ADUFPB re\u00fane-se nesta segunda-feira (23\/10), \u00e0s 14h30, na Sala de Leitura da sede do sindicato, localizada no Centro de Viv\u00eancia do campus I, em Jo\u00e3o Pessoa. Al\u00e9m de tratar de informes e definir encaminhamentos, a atividade tamb\u00e9m contar\u00e1 com a participa\u00e7\u00e3o de especialistas que ir\u00e3o falar sobre o tema &#8220;Alfabetiza\u00e7\u00e3o: consensos e dissensos&#8221;.<\/p>\n<p>Confira abaixo quem ser\u00e3o os palestrantes:<\/p>\n<ol>\n<li><a class=\"dt-pswp-item\" href=\"https:\/\/www.adufpb.org.br\/site\/wp-content\/uploads\/2023\/10\/Marines-Andrea-Kunz.jpeg\" data-dt-img-description=\"\" data-large_image_width=\"591\" data-large_image_height=\"827\"><img loading=\"lazy\" decoding=\"async\" class=\"alignright size-thumbnail wp-image-29995\" src=\"https:\/\/www.adufpb.org.br\/site\/wp-content\/uploads\/2023\/10\/Marines-Andrea-Kunz-150x150.jpeg\" alt=\"\" width=\"150\" height=\"150\" \/><\/a>Prof\u00aa Dra. <strong>Marin\u00eas Andrea Kunz<\/strong> &#8211; Doutora em Letras (PUCRS) e, atualmente, na UFPB, \u00e9 professora e pesquisadora do Departamento de Metodologia da Educa\u00e7\u00e3o\/CE e do PPG em Letras, do qual \u00e9 vice-coordenadora. \u00c9 membra da ABRALIC, da APSA &#8211; American Portuguese Studies Association e da ANPOLL. Tem vasta produ\u00e7\u00e3o, especialmente de cap\u00edtulos de livros e de artigos. Tem experi\u00eancia na \u00e1rea de Letras, com \u00eanfase em Literatura Infantil, Forma\u00e7\u00e3o de Leitores, Letramento, Alfabetiza\u00e7\u00e3o e Ensino.<\/li>\n<li><a class=\"dt-pswp-item\" href=\"https:\/\/www.adufpb.org.br\/site\/wp-content\/uploads\/2023\/10\/Hermes-Talles-dos-Santos-Brunieri.jpeg\" data-dt-img-description=\"\" data-large_image_width=\"675\" data-large_image_height=\"821\"><img loading=\"lazy\" decoding=\"async\" class=\"alignright size-thumbnail wp-image-29993\" src=\"https:\/\/www.adufpb.org.br\/site\/wp-content\/uploads\/2023\/10\/Hermes-Talles-dos-Santos-Brunieri-150x150.jpeg\" alt=\"\" width=\"150\" height=\"150\" \/><\/a>Dr. <strong>Hermes Talles dos Santos Brunieri<\/strong> &#8211; Graduado em Letras, Mestre e Doutor em Lingu\u00edstica pela Universidade Federal de S\u00e3o Carlos (UFSCar). Professor do Departamento de Metodologia da Educa\u00e7\u00e3o (DME), do Centro de Educa\u00e7\u00e3o (CE) da UFPB, na \u00e1rea de Linguagens e Ensino. \u00c9 membro da Associa\u00e7\u00e3o Brasileira de Alfabetiza\u00e7\u00e3o (ABAlf), l\u00edder do Grupo de Pesquisa (CNPq\/UFPB) &#8220;Ensino e Aprendizagem de Linguagem na Educa\u00e7\u00e3o B\u00e1sica&#8221;. Possui experi\u00eancia na \u00e1rea de forma\u00e7\u00e3o de professores, ensino de l\u00edngua portuguesa, alfabetiza\u00e7\u00e3o e letramento.<\/li>\n<li><a class=\"dt-pswp-item\" href=\"https:\/\/www.adufpb.org.br\/site\/wp-content\/uploads\/2023\/10\/Maria-Alves-de-Azeredo.jpg\" data-dt-img-description=\"\" data-large_image_width=\"641\" data-large_image_height=\"642\"><img loading=\"lazy\" decoding=\"async\" class=\"alignright size-thumbnail wp-image-29994\" src=\"https:\/\/www.adufpb.org.br\/site\/wp-content\/uploads\/2023\/10\/Maria-Alves-de-Azeredo-150x150.jpg\" alt=\"\" width=\"150\" height=\"150\" srcset=\"https:\/\/www.adufpb.org.br\/site\/wp-content\/uploads\/2023\/10\/Maria-Alves-de-Azeredo-150x150.jpg 150w, https:\/\/www.adufpb.org.br\/site\/wp-content\/uploads\/2023\/10\/Maria-Alves-de-Azeredo-300x300.jpg 300w, https:\/\/www.adufpb.org.br\/site\/wp-content\/uploads\/2023\/10\/Maria-Alves-de-Azeredo-250x250.jpg 250w, https:\/\/www.adufpb.org.br\/site\/wp-content\/uploads\/2023\/10\/Maria-Alves-de-Azeredo.jpg 641w\" sizes=\"auto, (max-width: 150px) 100vw, 150px\" \/><\/a>Prof\u00aa Dra. <strong>Maria Alves de Azer\u00eado<\/strong> \u2013 Pedagoga com mestrado e doutorado em Educa\u00e7\u00e3o pelo PPGE\/UFPB. Professora do Departamento de Metodologia da Educa\u00e7\u00e3o &#8211; CE\/UFPB, colaboradora do Programa de P\u00f3s-Gradua\u00e7\u00e3o em Ensino de Ci\u00eancias e Educa\u00e7\u00e3o Matem\u00e1tica &#8211; PPGECEM \u2013 UEPB e Coordenadora do curso de Pedagogia &#8211; CE. Pesquisa os processos de ensino e aprendizagem Matem\u00e1tica nos anos iniciais do Ensino Fundamental. Integra a equipe do N\u00facleo de Estudos em Alfabetiza\u00e7\u00e3o em Linguagem e em Matem\u00e1tica &#8211; NEALIM\/UFPB; membro do Laborat\u00f3rio de Estudos e Pr\u00e1ticas Interdisciplinares &#8211; LEPPI e \u00e9 l\u00edder do GPEMAIS &#8211; Grupo de Estudos e Pesquisas em Educa\u00e7\u00e3o Matem\u00e1tica nos Anos Iniciais.<\/li>\n<\/ol>\n<p><em>Fonte: Ascom ADUFPB<\/em><\/p>\n","protected":false},"excerpt":{"rendered":"<p>O Grupo de Trabalho de Pol\u00edtica de Educacional (GTPE) da ADUFPB re\u00fane-se nesta segunda-feira (23\/10), \u00e0s 14h30, na Sala de Leitura da sede do sindicato, localizada no Centro de Viv\u00eancia do campus I, em Jo\u00e3o Pessoa. Al\u00e9m de tratar de informes e definir encaminhamentos, a atividade tamb\u00e9m contar\u00e1 com a participa\u00e7\u00e3o de especialistas que ir\u00e3o&hellip;<\/p>\n","protected":false},"author":3,"featured_media":30012,"comment_status":"closed","ping_status":"closed","sticky":false,"template":"","format":"standard","meta":{"footnotes":""},"categories":[1405,4,15,417],"tags":[],"class_list":["post-29991","post","type-post","status-publish","format-standard","has-post-thumbnail","hentry","category-chamada-principal","category-comunicacao","category-noticias","category-noticias-destaque","category-1405","category-4","category-15","category-417","description-off"],"_links":{"self":[{"href":"https:\/\/www.adufpb.org.br\/site\/wp-json\/wp\/v2\/posts\/29991","targetHints":{"allow":["GET"]}}],"collection":[{"href":"https:\/\/www.adufpb.org.br\/site\/wp-json\/wp\/v2\/posts"}],"about":[{"href":"https:\/\/www.adufpb.org.br\/site\/wp-json\/wp\/v2\/types\/post"}],"author":[{"embeddable":true,"href":"https:\/\/www.adufpb.org.br\/site\/wp-json\/wp\/v2\/users\/3"}],"replies":[{"embeddable":true,"href":"https:\/\/www.adufpb.org.br\/site\/wp-json\/wp\/v2\/comments?post=29991"}],"version-history":[{"count":10,"href":"https:\/\/www.adufpb.org.br\/site\/wp-json\/wp\/v2\/posts\/29991\/revisions"}],"predecessor-version":[{"id":30032,"href":"https:\/\/www.adufpb.org.br\/site\/wp-json\/wp\/v2\/posts\/29991\/revisions\/30032"}],"wp:featuredmedia":[{"embeddable":true,"href":"https:\/\/www.adufpb.org.br\/site\/wp-json\/wp\/v2\/media\/30012"}],"wp:attachment":[{"href":"https:\/\/www.adufpb.org.br\/site\/wp-json\/wp\/v2\/media?parent=29991"}],"wp:term":[{"taxonomy":"category","embeddable":true,"href":"https:\/\/www.adufpb.org.br\/site\/wp-json\/wp\/v2\/categories?post=29991"},{"taxonomy":"post_tag","embeddable":true,"href":"https:\/\/www.adufpb.org.br\/site\/wp-json\/wp\/v2\/tags?post=29991"}],"curies":[{"name":"wp","href":"https:\/\/api.w.org\/{rel}","templated":true}]}}