{"id":29933,"date":"2023-10-11T10:40:46","date_gmt":"2023-10-11T13:40:46","guid":{"rendered":"https:\/\/www.adufpb.org.br\/site\/?p=29933"},"modified":"2023-10-17T09:33:40","modified_gmt":"2023-10-17T12:33:40","slug":"gtpaua-define-calendario-de-atividades-do-mes-de-outubro","status":"publish","type":"post","link":"https:\/\/www.adufpb.org.br\/site\/gtpaua-define-calendario-de-atividades-do-mes-de-outubro\/","title":{"rendered":"GTPAUA define calend\u00e1rio de atividades do m\u00eas de outubro"},"content":{"rendered":"<p><a class=\"dt-pswp-item\" href=\"https:\/\/www.adufpb.org.br\/site\/wp-content\/uploads\/2023\/10\/2023.10.06-reuniao-GTPAUA.jpeg\" data-dt-img-description=\"\" data-large_image_width=\"1600\" data-large_image_height=\"900\"><img loading=\"lazy\" decoding=\"async\" class=\"alignright size-medium wp-image-29936\" src=\"https:\/\/www.adufpb.org.br\/site\/wp-content\/uploads\/2023\/10\/2023.10.06-reuniao-GTPAUA-300x169.jpeg\" alt=\"\" width=\"300\" height=\"169\" srcset=\"https:\/\/www.adufpb.org.br\/site\/wp-content\/uploads\/2023\/10\/2023.10.06-reuniao-GTPAUA-300x169.jpeg 300w, https:\/\/www.adufpb.org.br\/site\/wp-content\/uploads\/2023\/10\/2023.10.06-reuniao-GTPAUA-1024x576.jpeg 1024w, https:\/\/www.adufpb.org.br\/site\/wp-content\/uploads\/2023\/10\/2023.10.06-reuniao-GTPAUA-768x432.jpeg 768w, https:\/\/www.adufpb.org.br\/site\/wp-content\/uploads\/2023\/10\/2023.10.06-reuniao-GTPAUA-1536x864.jpeg 1536w, https:\/\/www.adufpb.org.br\/site\/wp-content\/uploads\/2023\/10\/2023.10.06-reuniao-GTPAUA-250x141.jpeg 250w, https:\/\/www.adufpb.org.br\/site\/wp-content\/uploads\/2023\/10\/2023.10.06-reuniao-GTPAUA.jpeg 1600w\" sizes=\"auto, (max-width: 300px) 100vw, 300px\" \/><\/a>O Grupo de Trabalho de Pol\u00edtica Agr\u00e1ria, Urbana e Ambiental (GTPAUA) da ADUFPB reuniu-se na \u00faltima sexta-feira (6\/10), na sede do sindicato, para definir o calend\u00e1rio de a\u00e7\u00f5es e atividades das pr\u00f3ximas semanas. Coordenado pelo professor Ricardo Lucena, o GT \u00e9 formado por representantes da comunidade acad\u00eamica e da sociedade civil para tratar de assuntos relativos aos problemas ambientais que afetam a cidade e o mundo de modo geral.<\/p>\n<p><a class=\"dt-pswp-item\" href=\"https:\/\/www.adufpb.org.br\/site\/wp-content\/uploads\/2023\/10\/2023.10.06-reuniao-GTPAUA-3.jpeg\" data-dt-img-description=\"\" data-large_image_width=\"1600\" data-large_image_height=\"901\"><img loading=\"lazy\" decoding=\"async\" class=\"alignleft size-medium wp-image-29935\" src=\"https:\/\/www.adufpb.org.br\/site\/wp-content\/uploads\/2023\/10\/2023.10.06-reuniao-GTPAUA-3-300x169.jpeg\" alt=\"\" width=\"300\" height=\"169\" srcset=\"https:\/\/www.adufpb.org.br\/site\/wp-content\/uploads\/2023\/10\/2023.10.06-reuniao-GTPAUA-3-300x169.jpeg 300w, https:\/\/www.adufpb.org.br\/site\/wp-content\/uploads\/2023\/10\/2023.10.06-reuniao-GTPAUA-3-1024x577.jpeg 1024w, https:\/\/www.adufpb.org.br\/site\/wp-content\/uploads\/2023\/10\/2023.10.06-reuniao-GTPAUA-3-768x432.jpeg 768w, https:\/\/www.adufpb.org.br\/site\/wp-content\/uploads\/2023\/10\/2023.10.06-reuniao-GTPAUA-3-1536x865.jpeg 1536w, https:\/\/www.adufpb.org.br\/site\/wp-content\/uploads\/2023\/10\/2023.10.06-reuniao-GTPAUA-3-250x141.jpeg 250w, https:\/\/www.adufpb.org.br\/site\/wp-content\/uploads\/2023\/10\/2023.10.06-reuniao-GTPAUA-3.jpeg 1600w\" sizes=\"auto, (max-width: 300px) 100vw, 300px\" \/><\/a>A primeira atividade agendada, na \u00faltima sexta-feira, para participa\u00e7\u00e3o do GTPAUA ocorreu logo no dia seguinte (s\u00e1bado, dia 7): a assembleia de funda\u00e7\u00e3o da Rede de ONGs, evento que aconteceu no audit\u00f3rio do Shopping Sul, em Jo\u00e3o Pessoa. J\u00e1 na pr\u00f3xima semana, de 16 a 20 de outubro, o GT participar\u00e1 da 28\u00aa Semana de Agronomia, que abordar\u00e1 o tema &#8220;Mudan\u00e7as Clim\u00e1ticas: impactos e solu\u00e7\u00f5es para a agropecu\u00e1ria no Nordeste brasileiro&#8221;.<\/p>\n<p>Para os dias 20 e 21 de outubro, o GTPAUA planeja a realiza\u00e7\u00e3o de um encontro envolvendo a Regi\u00e3o Nordeste II do Andes-SN (Para\u00edba, Pernambuco e Rio Grande do Norte), no contexto das celebra\u00e7\u00f5es do 45\u00ba anivers\u00e1rio da ADUFPB, com o tema: &#8220;Bioma Brasileiro Caatinga: desafios e possibilidades&#8221;. J\u00e1 nos dias\u00a029 e 30 de novembro, o Grupo de Trabalho deve participar do primeiro Simp\u00f3sio de Seguran\u00e7a de Barragens, no Audit\u00f3rio da Asplan.<\/p>\n<p><a class=\"dt-pswp-item\" href=\"https:\/\/www.adufpb.org.br\/site\/wp-content\/uploads\/2023\/10\/2023.10.06-reuniao-GTPAUA-2.jpeg\" data-dt-img-description=\"\" data-large_image_width=\"1600\" data-large_image_height=\"900\"><img loading=\"lazy\" decoding=\"async\" class=\"alignright size-medium wp-image-29934\" src=\"https:\/\/www.adufpb.org.br\/site\/wp-content\/uploads\/2023\/10\/2023.10.06-reuniao-GTPAUA-2-300x169.jpeg\" alt=\"\" width=\"300\" height=\"169\" srcset=\"https:\/\/www.adufpb.org.br\/site\/wp-content\/uploads\/2023\/10\/2023.10.06-reuniao-GTPAUA-2-300x169.jpeg 300w, https:\/\/www.adufpb.org.br\/site\/wp-content\/uploads\/2023\/10\/2023.10.06-reuniao-GTPAUA-2-1024x576.jpeg 1024w, https:\/\/www.adufpb.org.br\/site\/wp-content\/uploads\/2023\/10\/2023.10.06-reuniao-GTPAUA-2-768x432.jpeg 768w, https:\/\/www.adufpb.org.br\/site\/wp-content\/uploads\/2023\/10\/2023.10.06-reuniao-GTPAUA-2-1536x864.jpeg 1536w, https:\/\/www.adufpb.org.br\/site\/wp-content\/uploads\/2023\/10\/2023.10.06-reuniao-GTPAUA-2-250x141.jpeg 250w, https:\/\/www.adufpb.org.br\/site\/wp-content\/uploads\/2023\/10\/2023.10.06-reuniao-GTPAUA-2.jpeg 1600w\" sizes=\"auto, (max-width: 300px) 100vw, 300px\" \/><\/a>Outras a\u00e7\u00f5es definidas durante a reuni\u00e3o da \u00faltima sexta-feira foram:<\/p>\n<ul>\n<li>Sugest\u00e3o de encaminhamento de convite formal, pela Diretoria da ADUFPB, ao professor Jo\u00e1cio de Ara\u00fajo Morais, presidente da Comiss\u00e3o de Meio-ambiente da UFPB, para viabilizar a\u00e7\u00f5es integradas em benef\u00edcio da comunidade;<\/li>\n<li>Integra\u00e7\u00e3o ao GTPAUA do professor Danilo Fernande Costa, que atua na \u00e1rea da Sa\u00fade do Trabalhador reportada \u00e0 quest\u00e3o ambiental e desenvolve pesquisa e extens\u00e3o sobre o impacto da atividade das marisqueiras de Aca\u00fa, do Litoral Sul paraibano, na sa\u00fade;<\/li>\n<li>Encaminhamentos para unifica\u00e7\u00e3o, corre\u00e7\u00e3o, formata\u00e7\u00e3o, conclus\u00e3o, refer\u00eancias e ilustra\u00e7\u00f5es dos textos elaborados pelos participantes do GT para a produ\u00e7\u00e3o de uma cartilha sobre o meio-ambiente;<\/li>\n<li>Possibilidade de visita ao Litoral Sul, para conhecer a comunidade das Marisqueiras de Aca\u00fa e da \u00e1rea de poss\u00edvel implanta\u00e7\u00e3o de Porto flutuante.<\/li>\n<\/ul>\n<p><em>Fonte: Ascom ADUFPB<\/em><\/p>\n<p>&nbsp;<\/p>\n<p>&nbsp;<\/p>\n","protected":false},"excerpt":{"rendered":"<p>O Grupo de Trabalho de Pol\u00edtica Agr\u00e1ria, Urbana e Ambiental (GTPAUA) da ADUFPB reuniu-se na \u00faltima sexta-feira (6\/10), na sede do sindicato, para definir o calend\u00e1rio de a\u00e7\u00f5es e atividades das pr\u00f3ximas semanas. Coordenado pelo professor Ricardo Lucena, o GT \u00e9 formado por representantes da comunidade acad\u00eamica e da sociedade civil para tratar de assuntos&hellip;<\/p>\n","protected":false},"author":3,"featured_media":29936,"comment_status":"closed","ping_status":"closed","sticky":false,"template":"","format":"standard","meta":{"footnotes":""},"categories":[1405,15,417],"tags":[1153],"class_list":["post-29933","post","type-post","status-publish","format-standard","has-post-thumbnail","hentry","category-chamada-principal","category-noticias","category-noticias-destaque","tag-gtpaua","category-1405","category-15","category-417","description-off"],"_links":{"self":[{"href":"https:\/\/www.adufpb.org.br\/site\/wp-json\/wp\/v2\/posts\/29933","targetHints":{"allow":["GET"]}}],"collection":[{"href":"https:\/\/www.adufpb.org.br\/site\/wp-json\/wp\/v2\/posts"}],"about":[{"href":"https:\/\/www.adufpb.org.br\/site\/wp-json\/wp\/v2\/types\/post"}],"author":[{"embeddable":true,"href":"https:\/\/www.adufpb.org.br\/site\/wp-json\/wp\/v2\/users\/3"}],"replies":[{"embeddable":true,"href":"https:\/\/www.adufpb.org.br\/site\/wp-json\/wp\/v2\/comments?post=29933"}],"version-history":[{"count":5,"href":"https:\/\/www.adufpb.org.br\/site\/wp-json\/wp\/v2\/posts\/29933\/revisions"}],"predecessor-version":[{"id":29959,"href":"https:\/\/www.adufpb.org.br\/site\/wp-json\/wp\/v2\/posts\/29933\/revisions\/29959"}],"wp:featuredmedia":[{"embeddable":true,"href":"https:\/\/www.adufpb.org.br\/site\/wp-json\/wp\/v2\/media\/29936"}],"wp:attachment":[{"href":"https:\/\/www.adufpb.org.br\/site\/wp-json\/wp\/v2\/media?parent=29933"}],"wp:term":[{"taxonomy":"category","embeddable":true,"href":"https:\/\/www.adufpb.org.br\/site\/wp-json\/wp\/v2\/categories?post=29933"},{"taxonomy":"post_tag","embeddable":true,"href":"https:\/\/www.adufpb.org.br\/site\/wp-json\/wp\/v2\/tags?post=29933"}],"curies":[{"name":"wp","href":"https:\/\/api.w.org\/{rel}","templated":true}]}}