{"id":299,"date":"2009-09-09T09:34:42","date_gmt":"2009-09-09T13:34:42","guid":{"rendered":"http:\/\/www.adufpb.org.br\/site\/?p=299"},"modified":"2009-09-09T10:24:01","modified_gmt":"2009-09-09T14:24:01","slug":"adufpb-divulga-relatorio-do-andes-sobre-carreira-docente-2","status":"publish","type":"post","link":"https:\/\/www.adufpb.org.br\/site\/adufpb-divulga-relatorio-do-andes-sobre-carreira-docente-2\/","title":{"rendered":"ADUFPB divulga relat\u00f3rio do ANDES sobre carreira docente"},"content":{"rendered":"<p><img loading=\"lazy\" decoding=\"async\" class=\"alignleft size-full wp-image-302\" title=\"ralatorio-andes\" src=\"http:\/\/www.adufpb.org.br\/site\/wp-content\/uploads\/2009\/09\/ralatorio-andes2.jpg\" alt=\"ralatorio-andes\" width=\"212\" height=\"142\" \/>A ADUFPB divulgou nesta segunda-feira (31) tr\u00eas documentos referentes \u00e0 reformula\u00e7\u00e3o da carreira docente e do Regime de Dedica\u00e7\u00e3o Exclusiva. O primeiro deles \u00e9 o relat\u00f3rio da comiss\u00e3o de membros da diretoria do ANDES presentes \u00e0 reuni\u00e3o, no dia 25 de agosto, na sede do Minist\u00e9rio do Planejamento, para discuss\u00e3o da carreira.<\/p>\n<p>O segundo documento \u00e9 a minuta de Projeto de Lei elaborada pelo MEC e a Andifes atinente \u00e0 regulamenta\u00e7\u00e3o do Regime de Dedica\u00e7\u00e3o Exclusiva. Outro texto divulgado nesta segunda-feira foi o parecer da Assessoria Jur\u00eddica do ANDES sobre a regulamenta\u00e7\u00e3o da DE.<\/p>\n<p>A Diretoria Executiva est\u00e1 preparando um dossi\u00ea sobre Carreira Docente, a ser inclu\u00eddo na pr\u00f3xima edi\u00e7\u00e3o do jornal. No intervalo entre os dias 15 e 17 de setembro, haver\u00e1 uma rodada de Assembl\u00e9ias (15 \u2013 Bananeiras e Areia; 16 \u2013 Litoral Norte; 17 \u2013 Jo\u00e3o Pessoa), no qual o principal tema da Ordem do Dia ser\u00e3o a Carreira Docente e a Regulamenta\u00e7\u00e3o do Regime de Dedica\u00e7\u00e3o Exclusiva (DE).<\/p>\n<p><strong>Confira os documentos nos links a seguir:<\/strong><\/p>\n<p><!-- .style1 { \tfont-size: 10px; \tfont-family: Verdana, Arial, Helvetica, sans-serif; } --><a href=\"http:\/\/www.adufpb.org.br\/site\/noticia.php?id=1294\">Relat\u00f3rio da reuni\u00e3o  no Minist\u00e9rio do Planejamento sobre Carreira Docente<\/a><\/p>\n<p><a href=\"http:\/\/www.adufpb.org.br\/site\/noticia.php?id=1293\">Minuta de Projeto de  Lei do Regime de Dedica\u00e7\u00e3o Exclusiva<\/a><\/p>\n<p><a href=\"http:\/\/www.adufpb.org.br\/site\/arquivos\/portaria-dedicacao-exclusiva.pdf\" target=\"_blank\">Parecer da Assessoria Jur\u00eddica do ANDES sobre a regulamenta\u00e7\u00e3o da  DE<\/a><\/p>\n<p>Fonte: ASCOM ADUFPB<\/p>\n","protected":false},"excerpt":{"rendered":"<p>A ADUFPB divulgou nesta segunda-feira (31) tr\u00eas documentos referentes \u00e0 reformula\u00e7\u00e3o da carreira docente e do Regime de Dedica\u00e7\u00e3o Exclusiva. O primeiro deles \u00e9 o relat\u00f3rio da comiss\u00e3o de membros da diretoria do ANDES presentes \u00e0 reuni\u00e3o, no dia 25 de agosto, na sede do Minist\u00e9rio do Planejamento, para discuss\u00e3o da carreira. O segundo documento&hellip;<\/p>\n","protected":false},"author":1,"featured_media":0,"comment_status":"open","ping_status":"open","sticky":false,"template":"","format":"standard","meta":{"footnotes":""},"categories":[15],"tags":[],"class_list":["post-299","post","type-post","status-publish","format-standard","hentry","category-noticias","category-15","description-off"],"_links":{"self":[{"href":"https:\/\/www.adufpb.org.br\/site\/wp-json\/wp\/v2\/posts\/299","targetHints":{"allow":["GET"]}}],"collection":[{"href":"https:\/\/www.adufpb.org.br\/site\/wp-json\/wp\/v2\/posts"}],"about":[{"href":"https:\/\/www.adufpb.org.br\/site\/wp-json\/wp\/v2\/types\/post"}],"author":[{"embeddable":true,"href":"https:\/\/www.adufpb.org.br\/site\/wp-json\/wp\/v2\/users\/1"}],"replies":[{"embeddable":true,"href":"https:\/\/www.adufpb.org.br\/site\/wp-json\/wp\/v2\/comments?post=299"}],"version-history":[{"count":2,"href":"https:\/\/www.adufpb.org.br\/site\/wp-json\/wp\/v2\/posts\/299\/revisions"}],"predecessor-version":[{"id":328,"href":"https:\/\/www.adufpb.org.br\/site\/wp-json\/wp\/v2\/posts\/299\/revisions\/328"}],"wp:attachment":[{"href":"https:\/\/www.adufpb.org.br\/site\/wp-json\/wp\/v2\/media?parent=299"}],"wp:term":[{"taxonomy":"category","embeddable":true,"href":"https:\/\/www.adufpb.org.br\/site\/wp-json\/wp\/v2\/categories?post=299"},{"taxonomy":"post_tag","embeddable":true,"href":"https:\/\/www.adufpb.org.br\/site\/wp-json\/wp\/v2\/tags?post=299"}],"curies":[{"name":"wp","href":"https:\/\/api.w.org\/{rel}","templated":true}]}}