{"id":2984,"date":"2012-05-07T11:43:21","date_gmt":"2012-05-07T15:43:21","guid":{"rendered":"http:\/\/www.adufpb.org.br\/site\/?p=2984"},"modified":"2012-05-07T11:43:21","modified_gmt":"2012-05-07T15:43:21","slug":"candidatos-a-reitor-participam-de-debate-nesta-2a-feira","status":"publish","type":"post","link":"https:\/\/www.adufpb.org.br\/site\/candidatos-a-reitor-participam-de-debate-nesta-2a-feira\/","title":{"rendered":"Candidatos a reitor participam de debate nesta 2\u00aa feira"},"content":{"rendered":"<p>Os cinco candidatos a reitor da UFPB j\u00e1 confirmaram presen\u00e7a no debate que ser\u00e1 realizado pela ADUFPB na pr\u00f3xima segunda-feira (7), \u00e0s 9h, no audit\u00f3rio da Reitoria. A atividade faz parte do ciclo de mesas-redondas iniciado no ano passado abordando a hist\u00f3ria da UFPB e as perspectivas para o futuro.<\/p>\n<p>O Sindicato encaminhou para os candidatos as regras do debate. Veja abaixo:<\/p>\n<p>1) Inicialmente, cada candidato far\u00e1 uma exposi\u00e7\u00e3o, em at\u00e9 8 (oito) minutos, sobre as suas perspectivas para a UFPB, por ordem de sorteio feito \u00e0 vista de todos os presentes;<\/p>\n<p>2) Terminada essa etapa, ser\u00e1 iniciada a fase de perguntas e respostas. As perguntas ser\u00e3o depositadas pelos presentes, sem indica\u00e7\u00e3o do nome do candidato, em uma urna, devendo ser sorteada para resposta de um dos candidatos, tamb\u00e9m sorteado no mesmo momento.<\/p>\n<p>3) As perguntas ser\u00e3o colocadas na urna durante o per\u00edodo inicial da exposi\u00e7\u00e3o dos candidatos, se encerrando na fala do \u00faltimo deles.<\/p>\n<p>4) O nome de cada candidato sorteado n\u00e3o retornar\u00e1 \u00e0 urna at\u00e9 que o \u00faltimo seja sorteado. As perguntas respondidas ficar\u00e3o fora da urna. Ser\u00e3o feitas mais 2 (duas) rodadas de perguntas e respostas. Para o in\u00edcio da 2\u00aa e tamb\u00e9m da 3\u00aa rodada os nomes dos candidatos retornar\u00e3o \u00e0 urna e o processo ser\u00e1 o mesmo da 1\u00aa rodada.<\/p>\n<p>5) Cada candidato ter\u00e1 at\u00e9 3 (tr\u00eas) minutos para cada resposta.<\/p>\n<p>6) Neste debate n\u00e3o ser\u00e1 permitido r\u00e9plica nem tr\u00e9plica.<\/p>\n<p>7) Considera\u00e7\u00f5es finais de cada candidato, 2 (dois) minutos.<\/p>\n<p>&nbsp;<\/p>\n<p><em>Fonte: Ascom ADUFPB<\/em><\/p>\n","protected":false},"excerpt":{"rendered":"<p>Os cinco candidatos a reitor da UFPB j\u00e1 confirmaram presen\u00e7a no debate que ser\u00e1 realizado pela ADUFPB na pr\u00f3xima segunda-feira (7), \u00e0s 9h, no audit\u00f3rio da Reitoria. A atividade faz parte do ciclo de mesas-redondas iniciado no ano passado abordando a hist\u00f3ria da UFPB e as perspectivas para o futuro. O Sindicato encaminhou para os&hellip;<\/p>\n","protected":false},"author":3,"featured_media":0,"comment_status":"open","ping_status":"open","sticky":false,"template":"","format":"standard","meta":{"footnotes":""},"categories":[15],"tags":[214],"class_list":["post-2984","post","type-post","status-publish","format-standard","hentry","category-noticias","tag-eleicao-para-reitor","category-15","description-off"],"_links":{"self":[{"href":"https:\/\/www.adufpb.org.br\/site\/wp-json\/wp\/v2\/posts\/2984","targetHints":{"allow":["GET"]}}],"collection":[{"href":"https:\/\/www.adufpb.org.br\/site\/wp-json\/wp\/v2\/posts"}],"about":[{"href":"https:\/\/www.adufpb.org.br\/site\/wp-json\/wp\/v2\/types\/post"}],"author":[{"embeddable":true,"href":"https:\/\/www.adufpb.org.br\/site\/wp-json\/wp\/v2\/users\/3"}],"replies":[{"embeddable":true,"href":"https:\/\/www.adufpb.org.br\/site\/wp-json\/wp\/v2\/comments?post=2984"}],"version-history":[{"count":1,"href":"https:\/\/www.adufpb.org.br\/site\/wp-json\/wp\/v2\/posts\/2984\/revisions"}],"predecessor-version":[{"id":2985,"href":"https:\/\/www.adufpb.org.br\/site\/wp-json\/wp\/v2\/posts\/2984\/revisions\/2985"}],"wp:attachment":[{"href":"https:\/\/www.adufpb.org.br\/site\/wp-json\/wp\/v2\/media?parent=2984"}],"wp:term":[{"taxonomy":"category","embeddable":true,"href":"https:\/\/www.adufpb.org.br\/site\/wp-json\/wp\/v2\/categories?post=2984"},{"taxonomy":"post_tag","embeddable":true,"href":"https:\/\/www.adufpb.org.br\/site\/wp-json\/wp\/v2\/tags?post=2984"}],"curies":[{"name":"wp","href":"https:\/\/api.w.org\/{rel}","templated":true}]}}