{"id":29826,"date":"2023-09-26T08:18:46","date_gmt":"2023-09-26T11:18:46","guid":{"rendered":"https:\/\/www.adufpb.org.br\/site\/?p=29826"},"modified":"2023-09-29T09:06:04","modified_gmt":"2023-09-29T12:06:04","slug":"em-reuniao-com-a-cppd-adufpb-cobra-cumprimendo-de-decisao-judicial-sobre-progressoes-funcionais","status":"publish","type":"post","link":"https:\/\/www.adufpb.org.br\/site\/em-reuniao-com-a-cppd-adufpb-cobra-cumprimendo-de-decisao-judicial-sobre-progressoes-funcionais\/","title":{"rendered":"Em reuni\u00e3o com a CPPD, ADUFPB cobra cumprimendo de decis\u00e3o judicial sobre progress\u00f5es funcionais"},"content":{"rendered":"<p><img loading=\"lazy\" decoding=\"async\" class=\"size-medium wp-image-29828 alignleft\" src=\"https:\/\/www.adufpb.org.br\/site\/wp-content\/uploads\/2023\/09\/CPPD-2-300x225.jpeg\" alt=\"\" width=\"300\" height=\"225\" srcset=\"https:\/\/www.adufpb.org.br\/site\/wp-content\/uploads\/2023\/09\/CPPD-2-300x225.jpeg 300w, https:\/\/www.adufpb.org.br\/site\/wp-content\/uploads\/2023\/09\/CPPD-2-1024x768.jpeg 1024w, https:\/\/www.adufpb.org.br\/site\/wp-content\/uploads\/2023\/09\/CPPD-2-768x576.jpeg 768w, https:\/\/www.adufpb.org.br\/site\/wp-content\/uploads\/2023\/09\/CPPD-2-1536x1152.jpeg 1536w, https:\/\/www.adufpb.org.br\/site\/wp-content\/uploads\/2023\/09\/CPPD-2-250x188.jpeg 250w, https:\/\/www.adufpb.org.br\/site\/wp-content\/uploads\/2023\/09\/CPPD-2.jpeg 1600w\" sizes=\"auto, (max-width: 300px) 100vw, 300px\" \/>Na manh\u00e3 desta segunda-feira (25), representantes da ADUFPB estiveram na Comiss\u00e3o Permanente de Pessoal Docente (CPPD) para cobrar o motivo pelo qual a UFPB n\u00e3o vem cumprindo a decis\u00e3o judicial de pagar as progress\u00f5es funcionais a contar do momento em que s\u00e3o cumpridos os requisitos legais, e n\u00e3o a partir da aprova\u00e7\u00e3o do requerimento administrativo pela CPPD, como tem acontecido. A comitiva do sindicato contou com os professores Fernando Cunha, secret\u00e1rio geral; Gabriel Lima, diretor de Bananeiras; e Marcelo Sitcovsky, vice-diretor do Centro de Ci\u00eancias Humanas, Letras e Artes (CCHLA); al\u00e9m da advogada Anna Raquel de Almeida, assessora jur\u00eddica da ADUFPB.<\/p>\n<p>Na reuni\u00e3o \u2014 que foi solicitada pela categoria docente em assembleia geral \u2014, Fernando Cunha explicou ao professor Magno Seabra, presidente da CPPD, que o entendimento da reitoria sobre a Instru\u00e7\u00e3o Normativa n\u00ba 66, suscitando ser a aprova\u00e7\u00e3o pela CPPD um dos requisitos legais para a obten\u00e7\u00e3o da progress\u00e3o, n\u00e3o tem fundamento jur\u00eddico. Em processo movido pelo sindicato contra a medida, a Justi\u00e7a concedeu liminar vetando os descontos nos contracheques de professores cujas progress\u00f5es haviam sido canceladas e reconhecendo que o momento da progress\u00e3o, com todos os efeitos acad\u00eamicos e financeiros, \u00e9 quando os requisitos legais s\u00e3o cumpridos: ou seja, o interst\u00edcio de dois anos e a apresenta\u00e7\u00e3o do desenvolvimento das atividades com o alcance das pontua\u00e7\u00f5es devidas. \u201cN\u00e3o entendemos por que a reitoria n\u00e3o est\u00e1 cumprindo essa decis\u00e3o judicial\u201d, disse o secret\u00e1rio da ADUFPB. <img loading=\"lazy\" decoding=\"async\" class=\"alignright size-medium wp-image-29829\" src=\"https:\/\/www.adufpb.org.br\/site\/wp-content\/uploads\/2023\/09\/CPPD-3-300x225.jpeg\" alt=\"\" width=\"300\" height=\"225\" srcset=\"https:\/\/www.adufpb.org.br\/site\/wp-content\/uploads\/2023\/09\/CPPD-3-300x225.jpeg 300w, https:\/\/www.adufpb.org.br\/site\/wp-content\/uploads\/2023\/09\/CPPD-3-1024x768.jpeg 1024w, https:\/\/www.adufpb.org.br\/site\/wp-content\/uploads\/2023\/09\/CPPD-3-768x576.jpeg 768w, https:\/\/www.adufpb.org.br\/site\/wp-content\/uploads\/2023\/09\/CPPD-3-1536x1152.jpeg 1536w, https:\/\/www.adufpb.org.br\/site\/wp-content\/uploads\/2023\/09\/CPPD-3-250x188.jpeg 250w, https:\/\/www.adufpb.org.br\/site\/wp-content\/uploads\/2023\/09\/CPPD-3.jpeg 1600w\" sizes=\"auto, (max-width: 300px) 100vw, 300px\" \/><\/p>\n<p>Durante a reuni\u00e3o, a comitiva da ADUFPB entregou o parecer jur\u00eddico ao presidente da comiss\u00e3o e cobrou: 1) Verifica\u00e7\u00e3o da legitimidade da aplica\u00e7\u00e3o da prescri\u00e7\u00e3o quinquenal aos efeitos acad\u00eamicos \u2013 conferir portaria da CPPD; 2) Atualiza\u00e7\u00e3o das portarias sobre efeitos acad\u00eamicos da progress\u00e3o funcional; 3) Possibilidade de automa\u00e7\u00e3o das progress\u00f5es funcionais; e 4) Sugest\u00e3o de revis\u00e3o das resolu\u00e7\u00f5es aplicadas sobre progress\u00e3o funcional.<\/p>\n<p>&nbsp;<\/p>\n<p><em>Fonte: Ascom ADUFPB<\/em><\/p>\n","protected":false},"excerpt":{"rendered":"<p>Na manh\u00e3 desta segunda-feira (25), representantes da ADUFPB estiveram na Comiss\u00e3o Permanente de Pessoal Docente (CPPD) para cobrar o motivo pelo qual a UFPB n\u00e3o vem cumprindo a decis\u00e3o judicial de pagar as progress\u00f5es funcionais a contar do momento em que s\u00e3o cumpridos os requisitos legais, e n\u00e3o a partir da aprova\u00e7\u00e3o do requerimento administrativo&hellip;<\/p>\n","protected":false},"author":10,"featured_media":29827,"comment_status":"closed","ping_status":"closed","sticky":false,"template":"","format":"standard","meta":{"footnotes":""},"categories":[1405,4,15,417],"tags":[],"class_list":["post-29826","post","type-post","status-publish","format-standard","has-post-thumbnail","hentry","category-chamada-principal","category-comunicacao","category-noticias","category-noticias-destaque","category-1405","category-4","category-15","category-417","description-off"],"_links":{"self":[{"href":"https:\/\/www.adufpb.org.br\/site\/wp-json\/wp\/v2\/posts\/29826","targetHints":{"allow":["GET"]}}],"collection":[{"href":"https:\/\/www.adufpb.org.br\/site\/wp-json\/wp\/v2\/posts"}],"about":[{"href":"https:\/\/www.adufpb.org.br\/site\/wp-json\/wp\/v2\/types\/post"}],"author":[{"embeddable":true,"href":"https:\/\/www.adufpb.org.br\/site\/wp-json\/wp\/v2\/users\/10"}],"replies":[{"embeddable":true,"href":"https:\/\/www.adufpb.org.br\/site\/wp-json\/wp\/v2\/comments?post=29826"}],"version-history":[{"count":4,"href":"https:\/\/www.adufpb.org.br\/site\/wp-json\/wp\/v2\/posts\/29826\/revisions"}],"predecessor-version":[{"id":29840,"href":"https:\/\/www.adufpb.org.br\/site\/wp-json\/wp\/v2\/posts\/29826\/revisions\/29840"}],"wp:featuredmedia":[{"embeddable":true,"href":"https:\/\/www.adufpb.org.br\/site\/wp-json\/wp\/v2\/media\/29827"}],"wp:attachment":[{"href":"https:\/\/www.adufpb.org.br\/site\/wp-json\/wp\/v2\/media?parent=29826"}],"wp:term":[{"taxonomy":"category","embeddable":true,"href":"https:\/\/www.adufpb.org.br\/site\/wp-json\/wp\/v2\/categories?post=29826"},{"taxonomy":"post_tag","embeddable":true,"href":"https:\/\/www.adufpb.org.br\/site\/wp-json\/wp\/v2\/tags?post=29826"}],"curies":[{"name":"wp","href":"https:\/\/api.w.org\/{rel}","templated":true}]}}