{"id":29787,"date":"2023-09-12T09:46:32","date_gmt":"2023-09-12T12:46:32","guid":{"rendered":"https:\/\/www.adufpb.org.br\/site\/?p=29787"},"modified":"2023-09-21T17:09:31","modified_gmt":"2023-09-21T20:09:31","slug":"29787-2","status":"publish","type":"post","link":"https:\/\/www.adufpb.org.br\/site\/29787-2\/","title":{"rendered":"ADUFPB divulga relat\u00f3rio do I F\u00f3rum de Planejamento Estrat\u00e9gico do sindicato"},"content":{"rendered":"<p><span style=\"font-weight: 400;\"><a class=\"dt-pswp-item\" href=\"https:\/\/www.adufpb.org.br\/site\/wp-content\/uploads\/2023\/09\/revista-i-forum-2023.png\" data-dt-img-description=\"\" data-large_image_width=\"250\" data-large_image_height=\"375\"><img loading=\"lazy\" decoding=\"async\" class=\"alignright size-medium wp-image-29758\" src=\"https:\/\/www.adufpb.org.br\/site\/wp-content\/uploads\/2023\/09\/revista-i-forum-2023-200x300.png\" alt=\"\" width=\"200\" height=\"300\" srcset=\"https:\/\/www.adufpb.org.br\/site\/wp-content\/uploads\/2023\/09\/revista-i-forum-2023-200x300.png 200w, https:\/\/www.adufpb.org.br\/site\/wp-content\/uploads\/2023\/09\/revista-i-forum-2023.png 250w\" sizes=\"auto, (max-width: 200px) 100vw, 200px\" \/><\/a>Est\u00e1 dispon\u00edvel no site da ADUFPB o relat\u00f3rio do I F\u00f3rum de Planejamento Estrat\u00e9gico realizado pela Diretoria do sindicato entre os dias 25 e 27 de janeiro na cidade Lagoa Seca, Agreste paraibano. A publica\u00e7\u00e3o, de 35 p\u00e1ginas, foi editada pelo setor de comunica\u00e7\u00e3o da ADUFPB e traz 10 textos elaborados por diretores(as) da entidade e professores(as) convidados(as) a palestrarem durante o f\u00f3rum.<\/span><\/p>\n<p><span style=\"font-weight: 400;\">Entre os temas apresentados no relat\u00f3rio est\u00e3o os desafios \u00e0 manuten\u00e7\u00e3o do Estado Democr\u00e1tico de Direito, a soberania e democracia na pauta da educa\u00e7\u00e3o superior, as a\u00e7\u00f5es para o desenvolvimento da consci\u00eancia coletiva, a educa\u00e7\u00e3o na atual conjuntura, entre outros.<\/span><\/p>\n<p><span style=\"font-weight: 400;\">Com carga hor\u00e1ria de 20 horas, o I F\u00f3rum de Planejamento Estrat\u00e9gico ocorreu no\u00a0<\/span><span style=\"font-weight: 400;\">Convento Ipuarana, em Lagoa Seca, e contou com a participa\u00e7\u00e3o de diretores(as) (titulares e suplentes), secret\u00e1rios(as) adjuntos(as) (titulares e suplentes), do presidente do Conselho de Representantes e de um assessor de comunica\u00e7\u00e3o da ADUFPB.<\/span><\/p>\n<p><span style=\"font-weight: 400;\">Seguindo os eixos estrat\u00e9gicos que contemplam as demandas sindicais na realidade <\/span><span style=\"font-weight: 400;\">atual &#8211; Democracia, Educa\u00e7\u00e3o, Sindicalismo e Planejamento &#8211; o evento foi organizado por uma comiss\u00e3o formada pelas professoras Lenilma Bento de Ara\u00fajo Meneses, Mabel de Barros Batista e Maria Ivete Martins Correia.<\/span><\/p>\n<p><span style=\"font-weight: 400;\">Clique <span style=\"color: #ff0000;\"><strong><a style=\"color: #ff0000;\" href=\"https:\/\/www.adufpb.org.br\/site\/wp-content\/uploads\/2023\/09\/REVISTA-FORUM-ESTRATEGICO-DIRETORIA-DA-ADUFPB-SET2023.pdf\" target=\"_blank\" rel=\"noopener noreferrer\">aqui <\/a><\/strong><\/span>para ler ou fazer o download da publica\u00e7\u00e3o.<\/span><\/p>\n<p><em>Fonte: Ascom ADUFPB<\/em><\/p>\n","protected":false},"excerpt":{"rendered":"<p>Est\u00e1 dispon\u00edvel no site da ADUFPB o relat\u00f3rio do I F\u00f3rum de Planejamento Estrat\u00e9gico realizado pela Diretoria do sindicato entre os dias 25 e 27 de janeiro na cidade Lagoa Seca, Agreste paraibano. A publica\u00e7\u00e3o, de 35 p\u00e1ginas, foi editada pelo setor de comunica\u00e7\u00e3o da ADUFPB e traz 10 textos elaborados por diretores(as) da entidade&hellip;<\/p>\n","protected":false},"author":3,"featured_media":29790,"comment_status":"closed","ping_status":"closed","sticky":false,"template":"","format":"standard","meta":{"footnotes":""},"categories":[1405,15,417],"tags":[1643,1644],"class_list":["post-29787","post","type-post","status-publish","format-standard","has-post-thumbnail","hentry","category-chamada-principal","category-noticias","category-noticias-destaque","tag-forum-estrategico","tag-planejamento","category-1405","category-15","category-417","description-off"],"_links":{"self":[{"href":"https:\/\/www.adufpb.org.br\/site\/wp-json\/wp\/v2\/posts\/29787","targetHints":{"allow":["GET"]}}],"collection":[{"href":"https:\/\/www.adufpb.org.br\/site\/wp-json\/wp\/v2\/posts"}],"about":[{"href":"https:\/\/www.adufpb.org.br\/site\/wp-json\/wp\/v2\/types\/post"}],"author":[{"embeddable":true,"href":"https:\/\/www.adufpb.org.br\/site\/wp-json\/wp\/v2\/users\/3"}],"replies":[{"embeddable":true,"href":"https:\/\/www.adufpb.org.br\/site\/wp-json\/wp\/v2\/comments?post=29787"}],"version-history":[{"count":2,"href":"https:\/\/www.adufpb.org.br\/site\/wp-json\/wp\/v2\/posts\/29787\/revisions"}],"predecessor-version":[{"id":29789,"href":"https:\/\/www.adufpb.org.br\/site\/wp-json\/wp\/v2\/posts\/29787\/revisions\/29789"}],"wp:featuredmedia":[{"embeddable":true,"href":"https:\/\/www.adufpb.org.br\/site\/wp-json\/wp\/v2\/media\/29790"}],"wp:attachment":[{"href":"https:\/\/www.adufpb.org.br\/site\/wp-json\/wp\/v2\/media?parent=29787"}],"wp:term":[{"taxonomy":"category","embeddable":true,"href":"https:\/\/www.adufpb.org.br\/site\/wp-json\/wp\/v2\/categories?post=29787"},{"taxonomy":"post_tag","embeddable":true,"href":"https:\/\/www.adufpb.org.br\/site\/wp-json\/wp\/v2\/tags?post=29787"}],"curies":[{"name":"wp","href":"https:\/\/api.w.org\/{rel}","templated":true}]}}