{"id":2978,"date":"2012-05-07T10:46:56","date_gmt":"2012-05-07T14:46:56","guid":{"rendered":"http:\/\/www.adufpb.org.br\/site\/?p=2978"},"modified":"2012-05-07T10:50:24","modified_gmt":"2012-05-07T14:50:24","slug":"viagem-de-confraternizacao","status":"publish","type":"post","link":"https:\/\/www.adufpb.org.br\/site\/viagem-de-confraternizacao\/","title":{"rendered":"Viagem de confraterniza\u00e7\u00e3o"},"content":{"rendered":"<p><a href=\"http:\/\/www.adufpb.org.br\/site\/wp-content\/uploads\/2012\/05\/sap\u00e9.jpg\"><img loading=\"lazy\" decoding=\"async\" class=\"alignleft size-medium wp-image-2979\" title=\"Sap\u00e9\" src=\"http:\/\/www.adufpb.org.br\/site\/wp-content\/uploads\/2012\/05\/sap\u00e9-300x225.jpg\" alt=\"\" width=\"300\" height=\"225\" srcset=\"https:\/\/www.adufpb.org.br\/site\/wp-content\/uploads\/2012\/05\/sap\u00e9-300x225.jpg 300w, https:\/\/www.adufpb.org.br\/site\/wp-content\/uploads\/2012\/05\/sap\u00e9.jpg 500w\" sizes=\"auto, (max-width: 300px) 100vw, 300px\" \/><\/a>Os professores sindicalizados da ADUFPB (ativos e aposentados) est\u00e3o convidados para uma viagem de confraterniza\u00e7\u00e3o no pr\u00f3ximo dia 17 de maio de 2012, com o objetivo de conhecer o Memorial recentemente inaugurado em homenagem ao l\u00edder das Ligas Camponesas Jo\u00e3o Pedro Teixeira, no Munic\u00edpio de Sap\u00e9\/PB. O Memorial est\u00e1 inclu\u00eddo na 14\u00aa Rota do Turismo Regional Paraibano, rota esta que leva ao \u201cEncanto em cada canto\u201d do Anel do Brejo.<\/p>\n<p>A cota para cada participante \u00e9 de R$ 30,00, j\u00e1 inclu\u00eddo o almo\u00e7o no Restaurante do Engenho Vol\u00fapia, no Munic\u00edpio de Alagoa Grande\/PB.<\/p>\n<p>Interessados devem entrar em contato com o professor Jos\u00e9 Nilton da Silva, coordenador e respons\u00e1vel pelo passeio, at\u00e9 o dia 11\/05\/12, pela manh\u00e3 ou deixar o nome e a cota na recep\u00e7\u00e3o da ADUFPB (Centro de Viv\u00eancia\/UFPB, tel. 3216.7388).<\/p>\n<p>A sa\u00edda est\u00e1 programada para \u00e0s 7h00 e regresso \u00e0s 16h00 (Centro de Viv\u00eancia\/UFPB).<\/p>\n","protected":false},"excerpt":{"rendered":"<p>Os professores sindicalizados da ADUFPB (ativos e aposentados) est\u00e3o convidados para uma viagem de confraterniza\u00e7\u00e3o no pr\u00f3ximo dia 17 de maio de 2012, com o objetivo de conhecer o Memorial recentemente inaugurado em homenagem ao l\u00edder das Ligas Camponesas Jo\u00e3o Pedro Teixeira, no Munic\u00edpio de Sap\u00e9\/PB. O Memorial est\u00e1 inclu\u00eddo na 14\u00aa Rota do Turismo&hellip;<\/p>\n","protected":false},"author":3,"featured_media":0,"comment_status":"open","ping_status":"open","sticky":false,"template":"","format":"standard","meta":{"footnotes":""},"categories":[15],"tags":[98,158],"class_list":["post-2978","post","type-post","status-publish","format-standard","hentry","category-noticias","tag-confraternizacao","tag-turismo","category-15","description-off"],"_links":{"self":[{"href":"https:\/\/www.adufpb.org.br\/site\/wp-json\/wp\/v2\/posts\/2978","targetHints":{"allow":["GET"]}}],"collection":[{"href":"https:\/\/www.adufpb.org.br\/site\/wp-json\/wp\/v2\/posts"}],"about":[{"href":"https:\/\/www.adufpb.org.br\/site\/wp-json\/wp\/v2\/types\/post"}],"author":[{"embeddable":true,"href":"https:\/\/www.adufpb.org.br\/site\/wp-json\/wp\/v2\/users\/3"}],"replies":[{"embeddable":true,"href":"https:\/\/www.adufpb.org.br\/site\/wp-json\/wp\/v2\/comments?post=2978"}],"version-history":[{"count":2,"href":"https:\/\/www.adufpb.org.br\/site\/wp-json\/wp\/v2\/posts\/2978\/revisions"}],"predecessor-version":[{"id":2981,"href":"https:\/\/www.adufpb.org.br\/site\/wp-json\/wp\/v2\/posts\/2978\/revisions\/2981"}],"wp:attachment":[{"href":"https:\/\/www.adufpb.org.br\/site\/wp-json\/wp\/v2\/media?parent=2978"}],"wp:term":[{"taxonomy":"category","embeddable":true,"href":"https:\/\/www.adufpb.org.br\/site\/wp-json\/wp\/v2\/categories?post=2978"},{"taxonomy":"post_tag","embeddable":true,"href":"https:\/\/www.adufpb.org.br\/site\/wp-json\/wp\/v2\/tags?post=2978"}],"curies":[{"name":"wp","href":"https:\/\/api.w.org\/{rel}","templated":true}]}}