{"id":29710,"date":"2023-08-29T07:30:12","date_gmt":"2023-08-29T10:30:12","guid":{"rendered":"https:\/\/www.adufpb.org.br\/site\/?p=29710"},"modified":"2023-09-04T09:17:48","modified_gmt":"2023-09-04T12:17:48","slug":"nesta-quarta-cafe-da-manha-e-caminhada-pelo-campus-marcarao-dia-nacional-de-lutas-na-ufpb","status":"publish","type":"post","link":"https:\/\/www.adufpb.org.br\/site\/nesta-quarta-cafe-da-manha-e-caminhada-pelo-campus-marcarao-dia-nacional-de-lutas-na-ufpb\/","title":{"rendered":"Nesta quarta: Caf\u00e9 da manh\u00e3 e caminhada pelo campus marcar\u00e3o Dia Nacional de Lutas na UFPB"},"content":{"rendered":"<p><a class=\"dt-pswp-item\" href=\"https:\/\/www.adufpb.org.br\/site\/wp-content\/uploads\/2023\/08\/2023.08.30-dia-de-luta-em-defesa-do-servico-publico.jpeg\" data-dt-img-description=\"\" data-large_image_width=\"1083\" data-large_image_height=\"1083\"><img loading=\"lazy\" decoding=\"async\" class=\"alignright size-medium wp-image-29724\" src=\"https:\/\/www.adufpb.org.br\/site\/wp-content\/uploads\/2023\/08\/2023.08.30-dia-de-luta-em-defesa-do-servico-publico-300x300.jpeg\" alt=\"\" width=\"300\" height=\"300\" srcset=\"https:\/\/www.adufpb.org.br\/site\/wp-content\/uploads\/2023\/08\/2023.08.30-dia-de-luta-em-defesa-do-servico-publico-300x300.jpeg 300w, https:\/\/www.adufpb.org.br\/site\/wp-content\/uploads\/2023\/08\/2023.08.30-dia-de-luta-em-defesa-do-servico-publico-1024x1024.jpeg 1024w, https:\/\/www.adufpb.org.br\/site\/wp-content\/uploads\/2023\/08\/2023.08.30-dia-de-luta-em-defesa-do-servico-publico-150x150.jpeg 150w, https:\/\/www.adufpb.org.br\/site\/wp-content\/uploads\/2023\/08\/2023.08.30-dia-de-luta-em-defesa-do-servico-publico-768x768.jpeg 768w, https:\/\/www.adufpb.org.br\/site\/wp-content\/uploads\/2023\/08\/2023.08.30-dia-de-luta-em-defesa-do-servico-publico-250x250.jpeg 250w, https:\/\/www.adufpb.org.br\/site\/wp-content\/uploads\/2023\/08\/2023.08.30-dia-de-luta-em-defesa-do-servico-publico.jpeg 1083w\" sizes=\"auto, (max-width: 300px) 100vw, 300px\" \/><\/a>Nesta quarta-feira (30), os servidores p\u00fablicos federais de todo o pa\u00eds participam de mais um Dia Nacional de Lutas para pressionar o governo a acatar as reivindica\u00e7\u00f5es da Campanha Salarial 2023\/2024. Na UFPB, os docentes iniciam a mobiliza\u00e7\u00e3o \u00e0s 7h, com uma panfletagem nos port\u00f5es principais do campus I, em Jo\u00e3o Pessoa. \u00c0s 9h, ser\u00e1 oferecido um caf\u00e9 da manh\u00e3 na sede da ADUFPB, no Centro de Viv\u00eancia. J\u00e1 \u00e0s 10h, a categoria segue em caminhada pelo campus para convocar os docentes para defenderem a pauta de lutas da categoria.<\/p>\n<p>\u201cPrecisamos que todos os companheiros e companheiras se engajem nesse esfor\u00e7o conjunto e estimulem demais colegas, entrem em contato com parlamentares e se mobilizem nas redes sociais pela recomposi\u00e7\u00e3o salarial da classe\u201d, diz o professor Fernando Cunha, secret\u00e1rio-geral da ADUFPB.<\/p>\n<p>Segundo ele, os servidores t\u00eam capacidade de abrir um canal de negocia\u00e7\u00e3o que leve em considera\u00e7\u00e3o o percentual reivindicado inicialmente, de 27% \u2014 descontando-se os 9% que o governo concedeu em maio passado. \u201cQueremos uma sinaliza\u00e7\u00e3o de reajuste por parte do governo federal, mesmo que seja parcelado. Temos tido perdas, ano a ano. N\u00e3o podemos ficar com zero de aumento\u201d, ressalta.<\/p>\n<p>A atividade desta quarta foi definida durante a assembleia geral realizada pelo sindicato na manh\u00e3 da sexta-feira passada (25), no Centro de Viv\u00eancia.<\/p>\n<p><span style=\"text-decoration: underline;\"><strong>AGENDE-SE<\/strong><\/span><\/p>\n<p><strong>Dia Nacional de Lutas<\/strong><\/p>\n<p><strong>Data:<\/strong> 30\/8, quarta-feira<\/p>\n<p><strong>Programa\u00e7\u00e3o na UFPB:<\/strong><\/p>\n<ul>\n<li>7h &#8211; Panfletagem nos port\u00f5es do campus I<\/li>\n<li>9h &#8211; Caf\u00e9 da manh\u00e3 na ADUFPB<\/li>\n<li>10h &#8211; Caminhada pelo campus I<\/li>\n<\/ul>\n<p><em>Fonte: Ascom ADUFPB<\/em><\/p>\n","protected":false},"excerpt":{"rendered":"<p>Nesta quarta-feira (30), os servidores p\u00fablicos federais de todo o pa\u00eds participam de mais um Dia Nacional de Lutas para pressionar o governo a acatar as reivindica\u00e7\u00f5es da Campanha Salarial 2023\/2024. Na UFPB, os docentes iniciam a mobiliza\u00e7\u00e3o \u00e0s 7h, com uma panfletagem nos port\u00f5es principais do campus I, em Jo\u00e3o Pessoa. \u00c0s 9h, ser\u00e1&hellip;<\/p>\n","protected":false},"author":10,"featured_media":29724,"comment_status":"closed","ping_status":"closed","sticky":false,"template":"","format":"standard","meta":{"footnotes":""},"categories":[1405,4,15,417],"tags":[1165,143,347,354],"class_list":["post-29710","post","type-post","status-publish","format-standard","has-post-thumbnail","hentry","category-chamada-principal","category-comunicacao","category-noticias","category-noticias-destaque","tag-cafe-da-manha","tag-campanha-salarial","tag-dia-de-luta","tag-protesto","category-1405","category-4","category-15","category-417","description-off"],"_links":{"self":[{"href":"https:\/\/www.adufpb.org.br\/site\/wp-json\/wp\/v2\/posts\/29710","targetHints":{"allow":["GET"]}}],"collection":[{"href":"https:\/\/www.adufpb.org.br\/site\/wp-json\/wp\/v2\/posts"}],"about":[{"href":"https:\/\/www.adufpb.org.br\/site\/wp-json\/wp\/v2\/types\/post"}],"author":[{"embeddable":true,"href":"https:\/\/www.adufpb.org.br\/site\/wp-json\/wp\/v2\/users\/10"}],"replies":[{"embeddable":true,"href":"https:\/\/www.adufpb.org.br\/site\/wp-json\/wp\/v2\/comments?post=29710"}],"version-history":[{"count":4,"href":"https:\/\/www.adufpb.org.br\/site\/wp-json\/wp\/v2\/posts\/29710\/revisions"}],"predecessor-version":[{"id":29723,"href":"https:\/\/www.adufpb.org.br\/site\/wp-json\/wp\/v2\/posts\/29710\/revisions\/29723"}],"wp:featuredmedia":[{"embeddable":true,"href":"https:\/\/www.adufpb.org.br\/site\/wp-json\/wp\/v2\/media\/29724"}],"wp:attachment":[{"href":"https:\/\/www.adufpb.org.br\/site\/wp-json\/wp\/v2\/media?parent=29710"}],"wp:term":[{"taxonomy":"category","embeddable":true,"href":"https:\/\/www.adufpb.org.br\/site\/wp-json\/wp\/v2\/categories?post=29710"},{"taxonomy":"post_tag","embeddable":true,"href":"https:\/\/www.adufpb.org.br\/site\/wp-json\/wp\/v2\/tags?post=29710"}],"curies":[{"name":"wp","href":"https:\/\/api.w.org\/{rel}","templated":true}]}}