{"id":29633,"date":"2023-08-16T09:49:28","date_gmt":"2023-08-16T12:49:28","guid":{"rendered":"https:\/\/www.adufpb.org.br\/site\/?p=29633"},"modified":"2023-08-22T11:29:09","modified_gmt":"2023-08-22T14:29:09","slug":"marcha-das-margaridas-ocupa-ruas-de-brasilia","status":"publish","type":"post","link":"https:\/\/www.adufpb.org.br\/site\/marcha-das-margaridas-ocupa-ruas-de-brasilia\/","title":{"rendered":"Marcha das Margaridas ocupa ruas de Bras\u00edlia"},"content":{"rendered":"<p><em>Por Daniella Almeida &#8211; Rep\u00f3rter da Ag\u00eancia Brasil &#8211; Bras\u00edlia<\/em><\/p>\n<p>Mais de 100 mil mulheres reunidas em Bras\u00edlia marcham, nesta quarta-feira (16)\u00a0at\u00e9 o Congresso Nacional, pela reconstru\u00e7\u00e3o do Brasil e pelo Bem Viver.\u00a0<img decoding=\"async\" src=\"https:\/\/agenciabrasil.ebc.com.br\/ebc.png?id=1549252&amp;o=node\" \/><img decoding=\"async\" src=\"https:\/\/agenciabrasil.ebc.com.br\/ebc.gif?id=1549252&amp;o=node\" \/><\/p>\n<p>Desde o fim de semana at\u00e9 essa ter\u00e7a-feira (15), centenas de \u00f4nibus chegaram ao Pavilh\u00e3o do Parque da Cidade, trazendo as participantes da 7\u00aa Marcha das Margaridas, coordenada pela Confedera\u00e7\u00e3o Nacional dos Trabalhadores Rurais Agricultores e Agricultoras Familiares (Contag), pelas federa\u00e7\u00f5es e sindicatos filiados e por 16 organiza\u00e7\u00f5es parceiras.<\/p>\n<p>Na mobiliza\u00e7\u00e3o pol\u00edtica, considerada a maior da Am\u00e9rica Latina pela Contag, mulheres de todas as regi\u00f5es\u00a0do Brasil querem garantir direitos, p\u00f4r fim \u00e0s desigualdades de g\u00eanero, classe e \u00e9tnico-raciais; enfrentar a viol\u00eancia, que muitas vezes amea\u00e7as sua\u00a0vida,\u00a0e a opress\u00e3o, simplesmente, por serem mulheres. As pautas delas foram debatidas durante dois anos, em reuni\u00f5es regionais e nacionais que resultaram em documento divido em 13 eixos pol\u00edticos. A pauta da Marcha das Margarida 2023 foi entregue ao governo federal em junho.<\/p>\n<p>Essas mulheres, no entanto, t\u00eam suas pr\u00f3prias reivindica\u00e7\u00f5es. Por isso, deixam suas casas e fam\u00edlias, viajam dias de \u00f4nibus, dormem em colchonetes e redes em um grande alojamento, tomam banho em banheiros coletivos.<\/p>\n<p>A\u00a0<strong>Ag\u00eancia Brasil<\/strong>\u00a0ouviu hist\u00f3rias das margaridas, que est\u00e3o em Bras\u00edlia para marchar e transformar. Conhe\u00e7a suas lutas.<\/p>\n<p>A ind\u00edgena Gracilda Pereira, da etnia Atikum-Jurema, chegou de Petrolina, em Pernambuco, e cobra os direitos de sa\u00fade e educa\u00e7\u00e3o para a aldeia onde ela vive. \u201cA nossa \u00e1rea da sa\u00fade ind\u00edgena \u00e9 descoberta. N\u00e3o temos agente de sa\u00fade, n\u00e3o tem m\u00e9dico. H\u00e1\u00a0duas ind\u00edgenas com curso de enfermagem e elas fazem os primeiros socorros. A unidade mais pr\u00f3xima, quando a gente vai se consultar, \u00e9 s\u00f3 para\u00a0urg\u00eancia. E h\u00e1 tamb\u00e9m a quest\u00e3o da educa\u00e7\u00e3o. Os alunos frequentam escolas no munic\u00edpio, fora da aldeia. H\u00e1 um \u00f4nibus bem cedo que leva as crian\u00e7as Tem pessoas tamb\u00e9m que n\u00e3o sabem ler, nem escrever. S\u00e3o\u00a0muitas quest\u00f5es, principalmente no Vale do\u00a0S\u00e3o Francisco.<\/p>\n<div class=\"dnd-widget-wrapper context-cheio_8colunas type-image\">\n<p>&nbsp;<\/p>\n<div class=\"dnd-atom-rendered\">\n<div id=\"attachment_29634\" style=\"width: 764px\" class=\"wp-caption aligncenter\"><a class=\"dt-pswp-item\" href=\"https:\/\/www.adufpb.org.br\/site\/wp-content\/uploads\/2023\/08\/Gracilda-Pereira-foto-Rafa-Neddermeyer-agencia-brasil.jpg\" data-dt-img-description=\"Bras\u00edlia (DF), 15\/08\/2023,  Gracilda Pereira, ind\u00edgena da Coelho, Aticum-Jurema (Petrolina-Pernambuco), acampada no Pavilh\u00e3o de Exposi\u00e7\u00f5es do Parque da Cidade, em Bras\u00edlia, para a  7\u00aa Marcha das Margaridas.  Foto: Rafa Neddermeyer\/Ag\u00eancia Brasil\" data-large_image_width=\"754\" data-large_image_height=\"503\"><img loading=\"lazy\" decoding=\"async\" aria-describedby=\"caption-attachment-29634\" class=\"wp-image-29634 size-medium\" src=\"https:\/\/www.adufpb.org.br\/site\/wp-content\/uploads\/2023\/08\/Gracilda-Pereira-foto-Rafa-Neddermeyer-agencia-brasil-300x200.jpg\" alt=\"\" width=\"300\" height=\"200\" srcset=\"https:\/\/www.adufpb.org.br\/site\/wp-content\/uploads\/2023\/08\/Gracilda-Pereira-foto-Rafa-Neddermeyer-agencia-brasil-300x200.jpg 300w, https:\/\/www.adufpb.org.br\/site\/wp-content\/uploads\/2023\/08\/Gracilda-Pereira-foto-Rafa-Neddermeyer-agencia-brasil-250x167.jpg 250w, https:\/\/www.adufpb.org.br\/site\/wp-content\/uploads\/2023\/08\/Gracilda-Pereira-foto-Rafa-Neddermeyer-agencia-brasil.jpg 754w\" sizes=\"auto, (max-width: 300px) 100vw, 300px\" \/><\/a><p id=\"caption-attachment-29634\" class=\"wp-caption-text\">Gracilda Pereira (Foto: Rafa Neddermeyer\/Ag\u00eancia Brasil)<\/p><\/div>\n<\/div>\n<p>Maria Nazar\u00e9 Moraes, de Bel\u00e9m, no Par\u00e1, \u00e9 estreante na Marcha das Margaridas. Ela representa uma central de seringueiros, extrativistas e pescadores das ilhas da capital paraense. \u201c\u00c9 tanta coisa que j\u00e1 era para ter sido feita e at\u00e9 agora nada. Regulariza\u00e7\u00e3o fundi\u00e1ria, uma delas. E para os pescadores, os direitos do seguro defeso que n\u00e3o \u00e9 dado para todo mundo. Por causa do local, nem todos t\u00eam direitos porque n\u00e3o \u00e9 a \u00e1gua salgada. E Maria, que est\u00e1 alojada em uma rede, entende que isso faz parte da luta. \u201cEnfrento qualquer situa\u00e7\u00e3o. No ch\u00e3o, na rede, na cama, no mato. \u00c9 assim que a gente \u00e9\u201d.<\/p>\n<p>A lavradora e presidente do Sindicato dos Trabalhadores Rurais de Feira Nova, em Sergipe, Luciana Santos, marcha por mais direitos. \u201cPor mais terra, por mais educa\u00e7\u00e3o, mais sa\u00fade e que as mulheres possam ter mais oportunidades. Infelizmente, tivemos um retrocesso nos \u00faltimos quatro anos. Mas, agora, com o governo Lula, que \u00e9 da democracia, viemos lutar para reconstruir o Brasil juntas, por tantos direitos e tantas perdas que tivemos.<\/p>\n<\/div>\n<div id=\"attachment_29635\" style=\"width: 764px\" class=\"wp-caption aligncenter\"><a class=\"dt-pswp-item\" href=\"https:\/\/www.adufpb.org.br\/site\/wp-content\/uploads\/2023\/08\/Luciana-do-Ze-Santos-foto-Rafa-Neddermeyer-agencia-brasil.jpg\" data-dt-img-description=\"Luciana do Z\u00e9 Santos (Foto: Rafa Neddermeyer\/Ag\u00eancia Brasil)\" data-large_image_width=\"754\" data-large_image_height=\"503\"><img loading=\"lazy\" decoding=\"async\" aria-describedby=\"caption-attachment-29635\" class=\"size-medium wp-image-29635\" src=\"https:\/\/www.adufpb.org.br\/site\/wp-content\/uploads\/2023\/08\/Luciana-do-Ze-Santos-foto-Rafa-Neddermeyer-agencia-brasil-300x200.jpg\" alt=\"\" width=\"300\" height=\"200\" srcset=\"https:\/\/www.adufpb.org.br\/site\/wp-content\/uploads\/2023\/08\/Luciana-do-Ze-Santos-foto-Rafa-Neddermeyer-agencia-brasil-300x200.jpg 300w, https:\/\/www.adufpb.org.br\/site\/wp-content\/uploads\/2023\/08\/Luciana-do-Ze-Santos-foto-Rafa-Neddermeyer-agencia-brasil-250x167.jpg 250w, https:\/\/www.adufpb.org.br\/site\/wp-content\/uploads\/2023\/08\/Luciana-do-Ze-Santos-foto-Rafa-Neddermeyer-agencia-brasil.jpg 754w\" sizes=\"auto, (max-width: 300px) 100vw, 300px\" \/><\/a><p id=\"caption-attachment-29635\" class=\"wp-caption-text\">Luciana do Z\u00e9 Santos (Foto: Rafa Neddermeyer\/Ag\u00eancia Brasil)<\/p><\/div>\n<p>&nbsp;<\/p>\n<p>Cherry Almeida \u00e9 uma das lideran\u00e7as do bloco afro Afox\u00e9 Filhas de Gandhy, com 44 anos de exist\u00eancia, em Salvador (BA). A baiana entende que a mobiliza\u00e7\u00e3o \u00e9 extremamente importante para o empoderamento feminino. \u201cA marcha \u00e9, acima de tudo, para a afirma\u00e7\u00e3o das mulheres no nosso lugar de poder nessa sociedade. N\u00f3s sabemos que as mulheres que est\u00e3o aqui querem uma sociedade mais justa, mais igualit\u00e1ria, igualdade de oportunidade, querem espa\u00e7os de poder nessa sociedade. Portanto, precisamos estar juntas, unidas, marchando com o \u00fanico objetivo da transforma\u00e7\u00e3o dessa sociedade. E essa marcha \u00e9 a cara da mulher brasileira\u201d, declara Cherry Almeida<\/p>\n<p>A produtora de eventos e trans D\u00e1vila Macarena Minaj, de 25 anos, veio com a m\u00e3e, uma agricultora fam\u00edliar, de Acar\u00e1, no Par\u00e1. Minaj revela que teve um choque de cultura desde que chegou \u00e0 capital federal, encontrou pessoas de outros estados e entrou em estandes do pavilh\u00e3o com diferentes tem\u00e1ticas. Ela marcha por mais respeito \u00e0 sua sexualidade. \u201cA minha cidade \u00e9 o lugar onde mais sofro transfobia no mundo. Ent\u00e3o, busco o direito de ser diferente e ter direitos iguais.\u201d<\/p>\n<p>&nbsp;<\/p>\n<div id=\"attachment_29636\" style=\"width: 764px\" class=\"wp-caption aligncenter\"><a class=\"dt-pswp-item\" href=\"https:\/\/www.adufpb.org.br\/site\/wp-content\/uploads\/2023\/08\/Davila-Macarena-Minaj-foto-Rafa-Neddermeyer-agencia-brasil.jpg\" data-dt-img-description=\"D\u00e1vila Macarena Minaj (Foto: Rafa Neddermeyer\/Ag\u00eancia Brasil)\" data-large_image_width=\"754\" data-large_image_height=\"507\"><img loading=\"lazy\" decoding=\"async\" aria-describedby=\"caption-attachment-29636\" class=\"size-medium wp-image-29636\" src=\"https:\/\/www.adufpb.org.br\/site\/wp-content\/uploads\/2023\/08\/Davila-Macarena-Minaj-foto-Rafa-Neddermeyer-agencia-brasil-300x202.jpg\" alt=\"\" width=\"300\" height=\"202\" srcset=\"https:\/\/www.adufpb.org.br\/site\/wp-content\/uploads\/2023\/08\/Davila-Macarena-Minaj-foto-Rafa-Neddermeyer-agencia-brasil-300x202.jpg 300w, https:\/\/www.adufpb.org.br\/site\/wp-content\/uploads\/2023\/08\/Davila-Macarena-Minaj-foto-Rafa-Neddermeyer-agencia-brasil-250x168.jpg 250w, https:\/\/www.adufpb.org.br\/site\/wp-content\/uploads\/2023\/08\/Davila-Macarena-Minaj-foto-Rafa-Neddermeyer-agencia-brasil.jpg 754w\" sizes=\"auto, (max-width: 300px) 100vw, 300px\" \/><\/a><p id=\"caption-attachment-29636\" class=\"wp-caption-text\">D\u00e1vila Macarena Minaj (Foto: Rafa Neddermeyer\/Ag\u00eancia Brasil)<\/p><\/div>\n<p>&nbsp;<\/p>\n<p>O pleito da quebradeira de coco Domingas Aur\u00e9lia Almeida dos Santos em Timbiras, no Maranh\u00e3o \u00e9 continuar quebrando o fruto e fazer o beneficiamento dele para garantir a renda da fam\u00edlia. \u201c\u00c9 nosso direito quebrar o coco, livre. As palmeiras est\u00e3o acabando porque os donos que compram as terras est\u00e3o matando. E estamos ficando sem coco para quebrar, porque n\u00e3o tem mais palmeira. N\u00f3s tiramos l\u00e1 a palha do coco, o azeite, fazemos sabonete e sab\u00e3o, tiramos o leite do coco, tudo. Da casca, fazemos o carv\u00e3o. E o coco acabando fica dif\u00edcil de sobreviver.<\/p>\n<p>A criadora de conte\u00fado digital e suplente de um parlamentar de Santa Catarina veio aprender sobre feminismo para atuar melhor em defesa dos direitos femininos. \u201cVim para me organizar, junto com outras mulheres, escutar as reivindica\u00e7\u00f5es das mulheres do campo, das florestas, e saber o que est\u00e1 sendo organizado na Am\u00e9rica Latina. Estar aqui, presente na marcha, escutar o que elas t\u00eam para reivindicar, estar nas oficinas, ouvindo as palestras, tudo o que elas est\u00e3o trazendo, \u00e9 extremamente importante pra gente fazer pol\u00edticas p\u00fablicas, que sejam realistas\u201d, diz a catarinense Sard\u00e1.<\/p>\n<div id=\"attachment_29637\" style=\"width: 764px\" class=\"wp-caption aligncenter\"><a class=\"dt-pswp-item\" href=\"https:\/\/www.adufpb.org.br\/site\/wp-content\/uploads\/2023\/08\/Carolline-Sarda-foto-Rafa-Neddermeyer-agencia-brasil.jpg\" data-dt-img-description=\"Carolline Sard\u00e1 (foto: Rafa Neddermeyer - Ag\u00eancia Brasil)\" data-large_image_width=\"754\" data-large_image_height=\"504\"><img loading=\"lazy\" decoding=\"async\" aria-describedby=\"caption-attachment-29637\" class=\"size-medium wp-image-29637\" src=\"https:\/\/www.adufpb.org.br\/site\/wp-content\/uploads\/2023\/08\/Carolline-Sarda-foto-Rafa-Neddermeyer-agencia-brasil-300x201.jpg\" alt=\"\" width=\"300\" height=\"201\" srcset=\"https:\/\/www.adufpb.org.br\/site\/wp-content\/uploads\/2023\/08\/Carolline-Sarda-foto-Rafa-Neddermeyer-agencia-brasil-300x201.jpg 300w, https:\/\/www.adufpb.org.br\/site\/wp-content\/uploads\/2023\/08\/Carolline-Sarda-foto-Rafa-Neddermeyer-agencia-brasil-250x167.jpg 250w, https:\/\/www.adufpb.org.br\/site\/wp-content\/uploads\/2023\/08\/Carolline-Sarda-foto-Rafa-Neddermeyer-agencia-brasil.jpg 754w\" sizes=\"auto, (max-width: 300px) 100vw, 300px\" \/><\/a><p id=\"caption-attachment-29637\" class=\"wp-caption-text\">Carolline Sard\u00e1 (foto: Rafa Neddermeyer &#8211; Ag\u00eancia Brasil)<\/p><\/div>\n<p>&nbsp;<\/p>\n<p>A agricultora Maria Francisca da Silva Alc\u00e2ntara parou os cuidados com a planta\u00e7\u00e3o de arroz e feij\u00e3o, em Piranhas, Alagoas, para viajar a Bras\u00edlia. No momento em que descia do \u00f4nibus, conversou com a reportagem da Ag\u00eancia Brasil. \u201cViemos buscar os projetos para as agricultoras que ficaram nas comunidades, para plantar as sementes sem org\u00e2nicos. \u00c9 tudo sem veneno. For\u00e7a, f\u00e9 e coragem &#8211; essa \u00e9 a receita para vencer batalhas.\u201d<\/p>\n<p>A banc\u00e1ria do Paran\u00e1, filiada \u00e0 Central \u00danica dos Trabalhadores (CUT), Eunice Myamoto, caprichou nos adere\u00e7os floridos para marchar com as margaridas. Em reuni\u00e3o, em uma tenda, com outras representantes sindicais, Myamoto falou sobre a luta feminina. \u201cVim ver todas as mulheres que est\u00e3o aqui atr\u00e1s desse sonho, em busca de igualdade, dos direitos que temos. Est\u00e1 sendo lindo porque eu vi a energia dessas mulheres Eu vi que a Margarida [Alves] deixou suas semelhantes E estamos fazendo toda essa primavera em Bras\u00edlia.\u201d<\/p>\n<div id=\"attachment_29638\" style=\"width: 764px\" class=\"wp-caption aligncenter\"><a class=\"dt-pswp-item\" href=\"https:\/\/www.adufpb.org.br\/site\/wp-content\/uploads\/2023\/08\/Eunice-Myamoto-foto-Rafa-Neddermeyer-agencia-brasil.jpg\" data-dt-img-description=\"Eunice Myamoto (foto: Rafa Neddermeyer - Ag\u00eancia Brasil)\" data-large_image_width=\"754\" data-large_image_height=\"503\"><img loading=\"lazy\" decoding=\"async\" aria-describedby=\"caption-attachment-29638\" class=\"size-medium wp-image-29638\" src=\"https:\/\/www.adufpb.org.br\/site\/wp-content\/uploads\/2023\/08\/Eunice-Myamoto-foto-Rafa-Neddermeyer-agencia-brasil-300x200.jpg\" alt=\"\" width=\"300\" height=\"200\" srcset=\"https:\/\/www.adufpb.org.br\/site\/wp-content\/uploads\/2023\/08\/Eunice-Myamoto-foto-Rafa-Neddermeyer-agencia-brasil-300x200.jpg 300w, https:\/\/www.adufpb.org.br\/site\/wp-content\/uploads\/2023\/08\/Eunice-Myamoto-foto-Rafa-Neddermeyer-agencia-brasil-250x167.jpg 250w, https:\/\/www.adufpb.org.br\/site\/wp-content\/uploads\/2023\/08\/Eunice-Myamoto-foto-Rafa-Neddermeyer-agencia-brasil.jpg 754w\" sizes=\"auto, (max-width: 300px) 100vw, 300px\" \/><\/a><p id=\"caption-attachment-29638\" class=\"wp-caption-text\">Eunice Myamoto (foto: Rafa Neddermeyer &#8211; Ag\u00eancia Brasil)<\/p><\/div>\n<p>&nbsp;<\/p>\n<p>A moradora da Ceil\u00e2ndia, no Distrito Federal, Elisa Cristina Rodrigues, faz parte da Uni\u00e3o da Juventude Socialista. Aos 19 anos, a estudante lembra que muitas lideran\u00e7as que hoje est\u00e3o \u00e0 frente de entidades que defendem direitos sociais ou est\u00e3o em posto de comando, come\u00e7aram em movimentos estudantis, nas d\u00e9cadas de 80. \u201cQuanto mais cedo voc\u00ea se engaja, mais vit\u00f3rias tem. Dentro do movimento, a gente conhece pessoas que passam por situa\u00e7\u00f5es muito diferentes. Ent\u00e3o, acabamos tendo um olhar mais amplo. Ainda mais no nosso pa\u00eds, que \u00e9 muito desigual\u201d.<\/p>\n<p>A assentada rural Alcimeire Rocha Morais trouxe o filho de Jos\u00e9 Pietro, de 6 anos, para conhecer a capital do pa\u00eds e lutar pelo direito \u00e0 terra. \u201cA gente mora em assentamento. Ainda n\u00e3o tem a terra no nome, mas tem o c\u00edrculo da terra onde pode trabalhar, criar as coisas da gente, fazer a ro\u00e7a. S\u00f3 que n\u00e3o temos muita condi\u00e7\u00e3o para cuidar da terra. S\u00f3 plantamos as coisas boas e criamos os bichos: galinha, porco. Isso\u201d<\/p>\n<p>Outra trabalhadora do campo, Celeste Gon\u00e7alves Barros, de C\u00e2ndido Mendes, no Maranh\u00e3o, diz que em sua marcha quer maquin\u00e1rio espec\u00edfico para a pequena produ\u00e7\u00e3o rural. \u201cMuitas pessoas param at\u00e9 de plantar porque n\u00e3o h\u00e1 condi\u00e7\u00e3o de trabalhar no bra\u00e7o pesado. Se viessem umas m\u00e1quinas para ajudar a gente seria muito bom. S\u00f3 trabalhamos com machado, na foice, no bra\u00e7al mesmo. Se tivesse m\u00e1quina, era s\u00f3 revirar a terra, fazer o beneficiamento e plantar. Ficava mais f\u00e1cil para a gente\u201d.<\/p>\n<p>Palmeir\u00e2ndia, no Maranh\u00e3o, \u00e9 a terra de Ana Lu\u00edsa Costa Lobato. L\u00e1, ela \u00e9 diretora do Sindicado de Trabalhadores da Agricultura Familiar e valoriza o di\u00e1logo do governo federal com a popula\u00e7\u00e3o do campo. \u201cA gente tem esperan\u00e7a que ele [Lula] mude o nosso pa\u00eds. Esse \u00e9 o governo que a gente colocou l\u00e1. E, desde o in\u00edcio, est\u00e1 dando para dialogar. \u00c9 not\u00f3rio, porque desde as entidades, os movimentos sociais, at\u00e9 com estrangeiros, vemos a diferen\u00e7a do di\u00e1logo. E precisa t\u00ea-lo para pedir as coisas. Tem que ter conversa\u201d.<\/p>\n<div id=\"attachment_29639\" style=\"width: 764px\" class=\"wp-caption aligncenter\"><a class=\"dt-pswp-item\" href=\"https:\/\/www.adufpb.org.br\/site\/wp-content\/uploads\/2023\/08\/Ana-Luisa-Costa-Lobato-foto-Rafa-Neddermeyer-agencia-brasil.jpg\" data-dt-img-description=\"Ana Lu\u00edsa Costa Lobato (foto: Rafa Neddermeyer - Ag\u00eancia Brasil)\" data-large_image_width=\"754\" data-large_image_height=\"514\"><img loading=\"lazy\" decoding=\"async\" aria-describedby=\"caption-attachment-29639\" class=\"size-medium wp-image-29639\" src=\"https:\/\/www.adufpb.org.br\/site\/wp-content\/uploads\/2023\/08\/Ana-Luisa-Costa-Lobato-foto-Rafa-Neddermeyer-agencia-brasil-300x205.jpg\" alt=\"\" width=\"300\" height=\"205\" srcset=\"https:\/\/www.adufpb.org.br\/site\/wp-content\/uploads\/2023\/08\/Ana-Luisa-Costa-Lobato-foto-Rafa-Neddermeyer-agencia-brasil-300x205.jpg 300w, https:\/\/www.adufpb.org.br\/site\/wp-content\/uploads\/2023\/08\/Ana-Luisa-Costa-Lobato-foto-Rafa-Neddermeyer-agencia-brasil-250x170.jpg 250w, https:\/\/www.adufpb.org.br\/site\/wp-content\/uploads\/2023\/08\/Ana-Luisa-Costa-Lobato-foto-Rafa-Neddermeyer-agencia-brasil.jpg 754w\" sizes=\"auto, (max-width: 300px) 100vw, 300px\" \/><\/a><p id=\"caption-attachment-29639\" class=\"wp-caption-text\">Ana Lu\u00edsa Costa Lobato (foto: Rafa Neddermeyer &#8211; Ag\u00eancia Brasil)<\/p><\/div>\n<p>&nbsp;<\/p>\n<p>A extrativista de coco baba\u00e7u Maria Jos\u00e9 Alves Almeida, de Cod\u00f3 (MA), marcha para ter acesso ao cr\u00e9dito banc\u00e1rio. \u201cA gente tem que ter cr\u00e9dito, pois n\u00e3o consegue acesso. N\u00e3o temos carro, n\u00e3o temos terra. Trabalhamos no territ\u00f3rio aleiro. Ent\u00e3o, isso nos atrapalha muito. Mas, \u00e9 importante. \u00c9 independ\u00eancia. Nesses nossos encontros, j\u00e1 descobrimos que temos uma maneira de acessar. Ainda estamos buscando o conhecimento para passar \u00e0s companheiras, para que tenham acesso ao cr\u00e9dito do Pronaf [Programa Nacional de Fortalecimento da Agricultura Familiar].<\/p>\n<p>Essas mulheres est\u00e3o em marcha nesta quarta-feira, juntamente com mais de 100 mil margaridas em dire\u00e7\u00e3o \u00e0 Esplanada dos Minist\u00e9rios, em um trajeto de aproximadamente seis quil\u00f4metros entre o Pavilh\u00e3o do Parque da Cidade e o centro do Poder Executivo Federal.<\/p>\n<p>\u00c0s 10h30, haver\u00e1 o ato de encerramento da Marcha das Margaridas, com a presen\u00e7a do presidente Luiz In\u00e1cio Lula da Silva e de ministros, em frente ao Congresso Nacional.<\/p>\n<p>As margaridas aguardam an\u00fancios do governo que atendam \u00e0 pauta de reivindica\u00e7\u00f5es da 7\u00aa edi\u00e7\u00e3o do evento.<\/p>\n<p><em>Fonte: Ag\u00eancia Brasil<\/em><\/p>\n","protected":false},"excerpt":{"rendered":"<p>Por Daniella Almeida &#8211; Rep\u00f3rter da Ag\u00eancia Brasil &#8211; Bras\u00edlia Mais de 100 mil mulheres reunidas em Bras\u00edlia marcham, nesta quarta-feira (16)\u00a0at\u00e9 o Congresso Nacional, pela reconstru\u00e7\u00e3o do Brasil e pelo Bem Viver.\u00a0 Desde o fim de semana at\u00e9 essa ter\u00e7a-feira (15), centenas de \u00f4nibus chegaram ao Pavilh\u00e3o do Parque da Cidade, trazendo as participantes&hellip;<\/p>\n","protected":false},"author":3,"featured_media":29638,"comment_status":"closed","ping_status":"closed","sticky":false,"template":"","format":"standard","meta":{"footnotes":""},"categories":[15,417],"tags":[1633],"class_list":["post-29633","post","type-post","status-publish","format-standard","has-post-thumbnail","hentry","category-noticias","category-noticias-destaque","tag-marcha-das-margaridas","category-15","category-417","description-off"],"_links":{"self":[{"href":"https:\/\/www.adufpb.org.br\/site\/wp-json\/wp\/v2\/posts\/29633","targetHints":{"allow":["GET"]}}],"collection":[{"href":"https:\/\/www.adufpb.org.br\/site\/wp-json\/wp\/v2\/posts"}],"about":[{"href":"https:\/\/www.adufpb.org.br\/site\/wp-json\/wp\/v2\/types\/post"}],"author":[{"embeddable":true,"href":"https:\/\/www.adufpb.org.br\/site\/wp-json\/wp\/v2\/users\/3"}],"replies":[{"embeddable":true,"href":"https:\/\/www.adufpb.org.br\/site\/wp-json\/wp\/v2\/comments?post=29633"}],"version-history":[{"count":1,"href":"https:\/\/www.adufpb.org.br\/site\/wp-json\/wp\/v2\/posts\/29633\/revisions"}],"predecessor-version":[{"id":29640,"href":"https:\/\/www.adufpb.org.br\/site\/wp-json\/wp\/v2\/posts\/29633\/revisions\/29640"}],"wp:featuredmedia":[{"embeddable":true,"href":"https:\/\/www.adufpb.org.br\/site\/wp-json\/wp\/v2\/media\/29638"}],"wp:attachment":[{"href":"https:\/\/www.adufpb.org.br\/site\/wp-json\/wp\/v2\/media?parent=29633"}],"wp:term":[{"taxonomy":"category","embeddable":true,"href":"https:\/\/www.adufpb.org.br\/site\/wp-json\/wp\/v2\/categories?post=29633"},{"taxonomy":"post_tag","embeddable":true,"href":"https:\/\/www.adufpb.org.br\/site\/wp-json\/wp\/v2\/tags?post=29633"}],"curies":[{"name":"wp","href":"https:\/\/api.w.org\/{rel}","templated":true}]}}