{"id":29528,"date":"2023-08-07T16:21:06","date_gmt":"2023-08-07T19:21:06","guid":{"rendered":"https:\/\/www.adufpb.org.br\/site\/?p=29528"},"modified":"2023-08-07T16:21:06","modified_gmt":"2023-08-07T19:21:06","slug":"nota-de-pesar-maria-jurandy-de-freitas-lola","status":"publish","type":"post","link":"https:\/\/www.adufpb.org.br\/site\/nota-de-pesar-maria-jurandy-de-freitas-lola\/","title":{"rendered":"NOTA DE PESAR: Maria Jurandy de Freitas Lola"},"content":{"rendered":"<p><img loading=\"lazy\" decoding=\"async\" class=\" wp-image-29530 alignleft\" src=\"https:\/\/www.adufpb.org.br\/site\/wp-content\/uploads\/2023\/08\/MariaJurandy-283x300.jpg\" alt=\"\" width=\"245\" height=\"260\" srcset=\"https:\/\/www.adufpb.org.br\/site\/wp-content\/uploads\/2023\/08\/MariaJurandy-283x300.jpg 283w, https:\/\/www.adufpb.org.br\/site\/wp-content\/uploads\/2023\/08\/MariaJurandy-250x265.jpg 250w, https:\/\/www.adufpb.org.br\/site\/wp-content\/uploads\/2023\/08\/MariaJurandy.jpg 442w\" sizes=\"auto, (max-width: 245px) 100vw, 245px\" \/>Todos que fazem a ADUFPB v\u00eam a p\u00fablico manifestar profundo pesar pelo falecimento, ocorrido ontem, dia 29 de julho de 2023, de <strong>MARIA JURANDY DE FREITAS LOLA, <\/strong>professora aposentada do Departamento de Enfermagem, do Centro de Ci\u00eancias da Sa\u00fade, da Universidade Federal da Para\u00edba.\u00a0A professora <strong>MARIA JURANDY <\/strong>foi s\u00f3cia da ADUFPB.<\/p>\n<p>Aos membros da fam\u00edlia e amigos, nossos sentimentos e solidariedade.<\/p>\n<p>Jo\u00e3o Pessoa, 30 de julho de 2023<\/p>\n<p>&nbsp;<\/p>\n<p><strong>DIRETORIA EXECUTIVA<\/strong><\/p>\n<p><strong>FUNCION\u00c1RIOS DA ADUFPB<\/strong><\/p>\n","protected":false},"excerpt":{"rendered":"<p>Todos que fazem a ADUFPB v\u00eam a p\u00fablico manifestar profundo pesar pelo falecimento, ocorrido ontem, dia 29 de julho de 2023, de MARIA JURANDY DE FREITAS LOLA, professora aposentada do Departamento de Enfermagem, do Centro de Ci\u00eancias da Sa\u00fade, da Universidade Federal da Para\u00edba.\u00a0A professora MARIA JURANDY foi s\u00f3cia da ADUFPB. Aos membros da fam\u00edlia&hellip;<\/p>\n","protected":false},"author":10,"featured_media":0,"comment_status":"closed","ping_status":"closed","sticky":false,"template":"","format":"standard","meta":{"footnotes":""},"categories":[15],"tags":[],"class_list":["post-29528","post","type-post","status-publish","format-standard","hentry","category-noticias","category-15","description-off"],"_links":{"self":[{"href":"https:\/\/www.adufpb.org.br\/site\/wp-json\/wp\/v2\/posts\/29528","targetHints":{"allow":["GET"]}}],"collection":[{"href":"https:\/\/www.adufpb.org.br\/site\/wp-json\/wp\/v2\/posts"}],"about":[{"href":"https:\/\/www.adufpb.org.br\/site\/wp-json\/wp\/v2\/types\/post"}],"author":[{"embeddable":true,"href":"https:\/\/www.adufpb.org.br\/site\/wp-json\/wp\/v2\/users\/10"}],"replies":[{"embeddable":true,"href":"https:\/\/www.adufpb.org.br\/site\/wp-json\/wp\/v2\/comments?post=29528"}],"version-history":[{"count":6,"href":"https:\/\/www.adufpb.org.br\/site\/wp-json\/wp\/v2\/posts\/29528\/revisions"}],"predecessor-version":[{"id":29536,"href":"https:\/\/www.adufpb.org.br\/site\/wp-json\/wp\/v2\/posts\/29528\/revisions\/29536"}],"wp:attachment":[{"href":"https:\/\/www.adufpb.org.br\/site\/wp-json\/wp\/v2\/media?parent=29528"}],"wp:term":[{"taxonomy":"category","embeddable":true,"href":"https:\/\/www.adufpb.org.br\/site\/wp-json\/wp\/v2\/categories?post=29528"},{"taxonomy":"post_tag","embeddable":true,"href":"https:\/\/www.adufpb.org.br\/site\/wp-json\/wp\/v2\/tags?post=29528"}],"curies":[{"name":"wp","href":"https:\/\/api.w.org\/{rel}","templated":true}]}}