{"id":29507,"date":"2023-08-09T11:00:12","date_gmt":"2023-08-09T14:00:12","guid":{"rendered":"https:\/\/www.adufpb.org.br\/site\/?p=29507"},"modified":"2023-08-16T08:46:08","modified_gmt":"2023-08-16T11:46:08","slug":"autocuidado-com-foco-na-saude-e-na-qualidade-de-vida-do-docente-da-ufpb","status":"publish","type":"post","link":"https:\/\/www.adufpb.org.br\/site\/autocuidado-com-foco-na-saude-e-na-qualidade-de-vida-do-docente-da-ufpb\/","title":{"rendered":"Autocuidado com foco na sa\u00fade e na qualidade de vida do docente da UFPB"},"content":{"rendered":"<p><img loading=\"lazy\" decoding=\"async\" class=\"size-medium wp-image-29508 alignleft\" src=\"https:\/\/www.adufpb.org.br\/site\/wp-content\/uploads\/2023\/08\/WhatsApp-Image-2023-08-01-at-12.38.32-298x300.jpeg\" alt=\"\" width=\"298\" height=\"300\" srcset=\"https:\/\/www.adufpb.org.br\/site\/wp-content\/uploads\/2023\/08\/WhatsApp-Image-2023-08-01-at-12.38.32-298x300.jpeg 298w, https:\/\/www.adufpb.org.br\/site\/wp-content\/uploads\/2023\/08\/WhatsApp-Image-2023-08-01-at-12.38.32-1017x1024.jpeg 1017w, https:\/\/www.adufpb.org.br\/site\/wp-content\/uploads\/2023\/08\/WhatsApp-Image-2023-08-01-at-12.38.32-150x150.jpeg 150w, https:\/\/www.adufpb.org.br\/site\/wp-content\/uploads\/2023\/08\/WhatsApp-Image-2023-08-01-at-12.38.32-768x773.jpeg 768w, https:\/\/www.adufpb.org.br\/site\/wp-content\/uploads\/2023\/08\/WhatsApp-Image-2023-08-01-at-12.38.32-250x252.jpeg 250w, https:\/\/www.adufpb.org.br\/site\/wp-content\/uploads\/2023\/08\/WhatsApp-Image-2023-08-01-at-12.38.32.jpeg 1071w\" sizes=\"auto, (max-width: 298px) 100vw, 298px\" \/>No dia 10 deste m\u00eas, a ADUFPB propiciar\u00e1 uma tarde de autocuidados, com a realiza\u00e7\u00e3o do evento \u201cPromo\u00e7\u00e3o de sa\u00fade e qualidade de vida: em foco, docentes da UFPB\u201d. O encontro acontecer\u00e1 na Sede Sociocultural da ADUFPB, no Cabo Branco, das 14h \u00e0s 17h, com participa\u00e7\u00e3o livre (basta se inscrever por <a href=\"https:\/\/forms.gle\/1Zis7jYaYoHq6Kew8\">aqui<\/a>).<\/p>\n<p>A primeira atividade ser\u00e1 a palestra \u201cAutocuidado e Sa\u00fade Mental\u201d, com Lenilma Bento, vice-presidenta do sindicato e professora do Programa de P\u00f3s-Gradua\u00e7\u00e3o em Sa\u00fade da Fam\u00edlia. Logo depois, haver\u00e1 uma s\u00e9rie de pr\u00e1ticas integrativas (massagem, ventosoterapia e auriculoterapia), com a terapeuta Brena Meira Acioli. No encerramento, Joseneide Correa Behar ser\u00e1 a facilitadora de uma sess\u00e3o de dan\u00e7a circular, em que os participantes v\u00e3o exercitar o autoconhecimento e a autorreflex\u00e3o.<\/p>\n<p>O objetivo geral da atividade \u00e9 promover a sa\u00fade e melhorar a qualidade de vida de docentes da UFPB. De forma espec\u00edfica, busca acolher os participantes com aten\u00e7\u00e3o e cuidado, ao fazer com que se sintam parte integrante do momento; refletir teoricamente sobre o autocuidado; oportunizar a pr\u00e1tica de terapias integrativas e complementares; e promover a cria\u00e7\u00e3o de um ambiente aconchegante, agrad\u00e1vel e livre de tens\u00f5es.<\/p>\n<p><strong>Integra\u00e7\u00e3o<\/strong> \u2013 De acordo com a Organiza\u00e7\u00e3o Mundial da Sa\u00fade (OMS), o autocuidado \u00e9 um conjunto de h\u00e1bitos, posturas e valores que objetivam o bem-estar emocional, psicol\u00f3gico e f\u00edsico da pessoa. J\u00e1 o termo sa\u00fade mental se refere \u00e0 forma como uma pessoa reage \u00e0s exig\u00eancias, desafios e mudan\u00e7as da vida, harmonizando as suas ideias e emo\u00e7\u00f5es. Al\u00e9m de falar sobre esses dois temas, o evento da ADUFPB se utilizar\u00e1 dos recursos das Pr\u00e1ticas Integrativas e Complementares em Sa\u00fade (Pics), que buscam a preven\u00e7\u00e3o de doen\u00e7as e a recupera\u00e7\u00e3o da sa\u00fade por meio da escuta acolhedora, do desenvolvimento do v\u00ednculo terap\u00eautico e da integra\u00e7\u00e3o do ser humano com o meio ambiente e a sociedade.<\/p>\n<p>&nbsp;<\/p>\n<p><strong>AGENDE-SE<\/strong><\/p>\n<p>\u201cPromo\u00e7\u00e3o de sa\u00fade e qualidade de vida: em foco, docentes da UFPB\u201d<\/p>\n<p>Data: 10\/08\/2023<\/p>\n<p>Hora: 14h \u00e0s 17h<\/p>\n<p>Local: Sede Social da ADUFPB, Cabo Branco<\/p>\n<p>1\u00aa atividade: \u201cAutocuidado e Sa\u00fade Mental\u201d, palestra com Lenilma Bento<\/p>\n<p>2\u00aa atividade: massagem, ventosa e auriculoterapia, com Brena Meira Acioli<\/p>\n<p>Encerramento: dan\u00e7a circular, com Joseneide Correa Behar<\/p>\n<p>P\u00fablico-alvo: professores ativos e aposentados da UFPB e convidados.<\/p>\n<p>Inscri\u00e7\u00e3o pelo link: https:\/\/forms.gle\/1Zis7jYaYoHq6Kew8<\/p>\n<p>Obs.: Usar roupa leve, devido \u00e0s atividades pr\u00e1ticas.<\/p>\n<p>&nbsp;<\/p>\n<p><em>Fonte: Ascom ADUFPB<\/em><\/p>\n<p>&nbsp;<\/p>\n","protected":false},"excerpt":{"rendered":"<p>No dia 10 deste m\u00eas, a ADUFPB propiciar\u00e1 uma tarde de autocuidados, com a realiza\u00e7\u00e3o do evento \u201cPromo\u00e7\u00e3o de sa\u00fade e qualidade de vida: em foco, docentes da UFPB\u201d. O encontro acontecer\u00e1 na Sede Sociocultural da ADUFPB, no Cabo Branco, das 14h \u00e0s 17h, com participa\u00e7\u00e3o livre (basta se inscrever por aqui). A primeira atividade&hellip;<\/p>\n","protected":false},"author":10,"featured_media":29508,"comment_status":"closed","ping_status":"closed","sticky":false,"template":"","format":"standard","meta":{"footnotes":""},"categories":[1,1405,4,15,417],"tags":[],"class_list":["post-29507","post","type-post","status-publish","format-standard","has-post-thumbnail","hentry","category-agenda","category-chamada-principal","category-comunicacao","category-noticias","category-noticias-destaque","category-1","category-1405","category-4","category-15","category-417","description-off"],"_links":{"self":[{"href":"https:\/\/www.adufpb.org.br\/site\/wp-json\/wp\/v2\/posts\/29507","targetHints":{"allow":["GET"]}}],"collection":[{"href":"https:\/\/www.adufpb.org.br\/site\/wp-json\/wp\/v2\/posts"}],"about":[{"href":"https:\/\/www.adufpb.org.br\/site\/wp-json\/wp\/v2\/types\/post"}],"author":[{"embeddable":true,"href":"https:\/\/www.adufpb.org.br\/site\/wp-json\/wp\/v2\/users\/10"}],"replies":[{"embeddable":true,"href":"https:\/\/www.adufpb.org.br\/site\/wp-json\/wp\/v2\/comments?post=29507"}],"version-history":[{"count":2,"href":"https:\/\/www.adufpb.org.br\/site\/wp-json\/wp\/v2\/posts\/29507\/revisions"}],"predecessor-version":[{"id":29510,"href":"https:\/\/www.adufpb.org.br\/site\/wp-json\/wp\/v2\/posts\/29507\/revisions\/29510"}],"wp:featuredmedia":[{"embeddable":true,"href":"https:\/\/www.adufpb.org.br\/site\/wp-json\/wp\/v2\/media\/29508"}],"wp:attachment":[{"href":"https:\/\/www.adufpb.org.br\/site\/wp-json\/wp\/v2\/media?parent=29507"}],"wp:term":[{"taxonomy":"category","embeddable":true,"href":"https:\/\/www.adufpb.org.br\/site\/wp-json\/wp\/v2\/categories?post=29507"},{"taxonomy":"post_tag","embeddable":true,"href":"https:\/\/www.adufpb.org.br\/site\/wp-json\/wp\/v2\/tags?post=29507"}],"curies":[{"name":"wp","href":"https:\/\/api.w.org\/{rel}","templated":true}]}}