{"id":29485,"date":"2023-07-31T16:05:46","date_gmt":"2023-07-31T19:05:46","guid":{"rendered":"https:\/\/www.adufpb.org.br\/site\/?p=29485"},"modified":"2023-08-11T17:23:18","modified_gmt":"2023-08-11T20:23:18","slug":"realidade-brasileira-e-universidade-nem-e-tema-de-mesa-redonda-que-acontece-em-agosto","status":"publish","type":"post","link":"https:\/\/www.adufpb.org.br\/site\/realidade-brasileira-e-universidade-nem-e-tema-de-mesa-redonda-que-acontece-em-agosto\/","title":{"rendered":"Realidade Brasileira e Universidade: NEM \u00e9 tema de mesa-redonda que acontece no dia 15\/09"},"content":{"rendered":"<p><img loading=\"lazy\" decoding=\"async\" class=\"alignleft size-medium wp-image-29504\" src=\"https:\/\/www.adufpb.org.br\/site\/wp-content\/uploads\/2023\/07\/CARD-REALIDADE-BRASILEIRA-2023-DANIEL-CARA_18-AGO-2023_APROVADO-300x300.png\" alt=\"\" width=\"300\" height=\"300\" srcset=\"https:\/\/www.adufpb.org.br\/site\/wp-content\/uploads\/2023\/07\/CARD-REALIDADE-BRASILEIRA-2023-DANIEL-CARA_18-AGO-2023_APROVADO-300x300.png 300w, https:\/\/www.adufpb.org.br\/site\/wp-content\/uploads\/2023\/07\/CARD-REALIDADE-BRASILEIRA-2023-DANIEL-CARA_18-AGO-2023_APROVADO-1024x1024.png 1024w, https:\/\/www.adufpb.org.br\/site\/wp-content\/uploads\/2023\/07\/CARD-REALIDADE-BRASILEIRA-2023-DANIEL-CARA_18-AGO-2023_APROVADO-150x150.png 150w, https:\/\/www.adufpb.org.br\/site\/wp-content\/uploads\/2023\/07\/CARD-REALIDADE-BRASILEIRA-2023-DANIEL-CARA_18-AGO-2023_APROVADO-768x768.png 768w, https:\/\/www.adufpb.org.br\/site\/wp-content\/uploads\/2023\/07\/CARD-REALIDADE-BRASILEIRA-2023-DANIEL-CARA_18-AGO-2023_APROVADO-250x250.png 250w, https:\/\/www.adufpb.org.br\/site\/wp-content\/uploads\/2023\/07\/CARD-REALIDADE-BRASILEIRA-2023-DANIEL-CARA_18-AGO-2023_APROVADO.png 1075w\" sizes=\"auto, (max-width: 300px) 100vw, 300px\" \/>No dia 15 de setembro, o <strong>Projeto Realidade Brasileira e Universidade<\/strong>, da ADUFPB, promove a mesa-redonda <strong>\u201cNovo Ensino M\u00e9dio: um debate urgente!&#8221;<\/strong>, com o cientista pol\u00edtico Daniel Cara, professor da Faculdade de Educa\u00e7\u00e3o da Universidade de S\u00e3o Paulo (USP), a professora e deputada estadual Cida Ramos e o professor da rede estadual de educa\u00e7\u00e3o Felipe Baunilha. O evento acontece no audit\u00f3rio 411 CCHLA, a partir das 9h, sob a media\u00e7\u00e3o da professora Ivete Martins, diretora de Pol\u00edtica Educacional e Cient\u00edfica da ADUFPB.<\/p>\n<p>Pesquisador da \u00e1rea, Cara discutir\u00e1 os desafios da reforma que prometeu \u201cresolver todos os problemas estruturais com um curr\u00edculo para formar empreendedores, quando deveria preparar os jovens para lidar com uma sociedade injusta, que precisa ser transformada\u201d, como declarou em entrevista dada ao Jornal O Povo, publicada em 7 de maio passado. Para ele, o modelo enfrenta 99,9% de rejei\u00e7\u00e3o da comunidade educacional formada pela rede p\u00fablica, pois interessa apenas a meia d\u00fazia de funda\u00e7\u00f5es empresariais do setor.<\/p>\n<p>A reforma, que passou a ser implementada no ano passado, nas escolas p\u00fablicas e privadas do Brasil, tem sido alvo de cr\u00edticas de especialistas desde a sua concep\u00e7\u00e3o. Essas cr\u00edticas recaem sobre o aumento das desigualdades e a precariza\u00e7\u00e3o do ensino em escolas p\u00fablicas, que abrigam a maioria dos estudantes desta etapa. \u201cO chamado Novo Ensino M\u00e9dio \u00e9 s\u00f3 retrocesso\u201d, disse Cida Ramos, tamb\u00e9m presidente da Comiss\u00e3o da Educa\u00e7\u00e3o e Cultura da Assembleia Legislativa da Para\u00edba (ALPB).<\/p>\n<p>A mesa-redonda contar\u00e1 ainda com a participa\u00e7\u00e3o do professor Felipe Baunilha. Licenciado em ci\u00eancias biol\u00f3gicas pela UFPB e mestre em educa\u00e7\u00e3o pela UFRJ, ele faz parte da dire\u00e7\u00e3o do Sindicato dos Trabalhadores e Trabalhadoras em Educa\u00e7\u00e3o do Estado da Para\u00edba (SINTEP-PB). Na media\u00e7\u00e3o, a professora do Departamento de Fundamenta\u00e7\u00e3o da Educa\u00e7\u00e3o, Ivete Martins, diretora de Pol\u00edtica Educacional e Cient\u00edfica da ADUFPB e coordenadora do Grupo Trabalho de Pol\u00edticas Educacionais da ADUFPB.<\/p>\n<p>O evento \u00e9 aberto para toda a comunidade, mas, para receber o certificado, \u00e9 preciso se inscrever pelo Sigaa (link abaixo).<\/p>\n<p><strong>Realidade Brasileira e Universidade<\/strong> \u2014 Comunica\u00e7\u00e3o pol\u00edtica e sindical, impactos da covid-19 entre ind\u00edgenas, trabalho docente e aposentadoria, intelig\u00eancia artificial, quest\u00f5es de g\u00eanero e sexualidade, desafios do setor cultural e preserva\u00e7\u00e3o ambiental s\u00e3o alguns dos temas j\u00e1 debatidos em vers\u00f5es anteriores do projeto, criado pelo sindicato em 2016.<\/p>\n<p>&nbsp;<\/p>\n<p><strong>AGENDE-SE<\/strong><\/p>\n<p><strong>Projeto Realidade Brasileira e Universidade<\/strong><\/p>\n<p>Tema: Novo Ensino M\u00e9dio: um debate urgente!<\/p>\n<p><strong>Palestrante convidado:<\/strong> Daniel Cara, cientista pol\u00edtico e professor Faculdade de Educa\u00e7\u00e3o da Universidade de S\u00e3o Paulo (USP).<\/p>\n<p><strong>Debatedores:<\/strong> Cida Ramos, professora do Departamento de Servi\u00e7o Social da UFPB, deputada estadual (PT) e presidente da Comiss\u00e3o da Educa\u00e7\u00e3o e Cultura da ALPB; e Felipe Baunilha, mestre em educa\u00e7\u00e3o pela UFRJ e integrante da dire\u00e7\u00e3o do Sindicato dos Trabalhadores e Trabalhadoras em Educa\u00e7\u00e3o do Estado da Para\u00edba (SINTEP-PB)<\/p>\n<p><strong>Mediadora:<\/strong> Ivete Martins, professora aposentada do Departamento de Fundamenta\u00e7\u00e3o da Educa\u00e7\u00e3o, diretora de Pol\u00edtica Educacional e Cient\u00edfica da ADUFPB e coordenadora do Grupo Trabalho de Pol\u00edticas Educacionais da ADUFPB.<\/p>\n<p><strong>Data: sexta-feira, 15\/09<\/strong><\/p>\n<p><strong>Hor\u00e1rio:<\/strong> 9h<\/p>\n<p><strong>Local:<\/strong> Audit\u00f3rio 411 do CCHLA, no campus I da UFPB<\/p>\n<p><strong>www.youtube.com\/ADUFPB<\/strong><\/p>\n<p>Inscri\u00e7\u00f5es pelo Sigaa (<a href=\"https:\/\/encurtador.com.br\/ruDK1\">https:\/\/sigeventos.ufpb.br\/eventos\/public\/evento\/revoganem<\/a>)<\/p>\n<p>&nbsp;<\/p>\n<p><em>Fonte: Ascom ADUFPB<\/em><\/p>\n","protected":false},"excerpt":{"rendered":"<p>No dia 15 de setembro, o Projeto Realidade Brasileira e Universidade, da ADUFPB, promove a mesa-redonda \u201cNovo Ensino M\u00e9dio: um debate urgente!&#8221;, com o cientista pol\u00edtico Daniel Cara, professor da Faculdade de Educa\u00e7\u00e3o da Universidade de S\u00e3o Paulo (USP), a professora e deputada estadual Cida Ramos e o professor da rede estadual de educa\u00e7\u00e3o Felipe&hellip;<\/p>\n","protected":false},"author":10,"featured_media":29504,"comment_status":"closed","ping_status":"closed","sticky":false,"template":"","format":"standard","meta":{"footnotes":""},"categories":[1405,4,15,417],"tags":[],"class_list":["post-29485","post","type-post","status-publish","format-standard","has-post-thumbnail","hentry","category-chamada-principal","category-comunicacao","category-noticias","category-noticias-destaque","category-1405","category-4","category-15","category-417","description-off"],"_links":{"self":[{"href":"https:\/\/www.adufpb.org.br\/site\/wp-json\/wp\/v2\/posts\/29485","targetHints":{"allow":["GET"]}}],"collection":[{"href":"https:\/\/www.adufpb.org.br\/site\/wp-json\/wp\/v2\/posts"}],"about":[{"href":"https:\/\/www.adufpb.org.br\/site\/wp-json\/wp\/v2\/types\/post"}],"author":[{"embeddable":true,"href":"https:\/\/www.adufpb.org.br\/site\/wp-json\/wp\/v2\/users\/10"}],"replies":[{"embeddable":true,"href":"https:\/\/www.adufpb.org.br\/site\/wp-json\/wp\/v2\/comments?post=29485"}],"version-history":[{"count":10,"href":"https:\/\/www.adufpb.org.br\/site\/wp-json\/wp\/v2\/posts\/29485\/revisions"}],"predecessor-version":[{"id":29616,"href":"https:\/\/www.adufpb.org.br\/site\/wp-json\/wp\/v2\/posts\/29485\/revisions\/29616"}],"wp:featuredmedia":[{"embeddable":true,"href":"https:\/\/www.adufpb.org.br\/site\/wp-json\/wp\/v2\/media\/29504"}],"wp:attachment":[{"href":"https:\/\/www.adufpb.org.br\/site\/wp-json\/wp\/v2\/media?parent=29485"}],"wp:term":[{"taxonomy":"category","embeddable":true,"href":"https:\/\/www.adufpb.org.br\/site\/wp-json\/wp\/v2\/categories?post=29485"},{"taxonomy":"post_tag","embeddable":true,"href":"https:\/\/www.adufpb.org.br\/site\/wp-json\/wp\/v2\/tags?post=29485"}],"curies":[{"name":"wp","href":"https:\/\/api.w.org\/{rel}","templated":true}]}}