{"id":29318,"date":"2023-06-12T16:45:52","date_gmt":"2023-06-12T19:45:52","guid":{"rendered":"https:\/\/www.adufpb.org.br\/site\/?p=29318"},"modified":"2023-06-30T10:46:32","modified_gmt":"2023-06-30T13:46:32","slug":"adufpb-realiza-tradicional-festa-de-sao-joao-nesta-terca-feira-na-granja-do-wallace","status":"publish","type":"post","link":"https:\/\/www.adufpb.org.br\/site\/adufpb-realiza-tradicional-festa-de-sao-joao-nesta-terca-feira-na-granja-do-wallace\/","title":{"rendered":"ADUFPB realiza tradicional festa de S\u00e3o Jo\u00e3o nesta ter\u00e7a-feira, na Granja do Wallace"},"content":{"rendered":"<p><img loading=\"lazy\" decoding=\"async\" class=\"size-medium wp-image-29319 alignleft\" src=\"https:\/\/www.adufpb.org.br\/site\/wp-content\/uploads\/2023\/06\/ArraiaAduf-1-300x300.jpeg\" alt=\"\" width=\"300\" height=\"300\" srcset=\"https:\/\/www.adufpb.org.br\/site\/wp-content\/uploads\/2023\/06\/ArraiaAduf-1-300x300.jpeg 300w, https:\/\/www.adufpb.org.br\/site\/wp-content\/uploads\/2023\/06\/ArraiaAduf-1-1024x1024.jpeg 1024w, https:\/\/www.adufpb.org.br\/site\/wp-content\/uploads\/2023\/06\/ArraiaAduf-1-150x150.jpeg 150w, https:\/\/www.adufpb.org.br\/site\/wp-content\/uploads\/2023\/06\/ArraiaAduf-1-768x769.jpeg 768w, https:\/\/www.adufpb.org.br\/site\/wp-content\/uploads\/2023\/06\/ArraiaAduf-1-250x250.jpeg 250w, https:\/\/www.adufpb.org.br\/site\/wp-content\/uploads\/2023\/06\/ArraiaAduf-1.jpeg 1067w\" sizes=\"auto, (max-width: 300px) 100vw, 300px\" \/>Depois de muito forrobod\u00f3 nos campi de Areia, Bananeiras e Litoral Norte, nas duas \u00faltimas semanas, chegou a vez de arrastar a chinela na festa da ADUFPB em Jo\u00e3o Pessoa. A comemora\u00e7\u00e3o \u00e9 uma das mais tradicionais e animadas do calend\u00e1rio de eventos anuais do sindicato. Assim como no ano passado, o Arrai\u00e1 da ADUFPB de 2023 ser\u00e1 na Granja do Wallace, localizada no bairro do Portal do Sol (veja abaixo como chegar ao local).<\/p>\n<p>A festa est\u00e1 programada para come\u00e7ar \u00e0s 19h, com muita m\u00fasica regional, brincadeiras, dan\u00e7a e variados petiscos juninos. No palco, o som ficar\u00e1 a cargo de Laerson Alves e Forr\u00f3 Chamego do Nordeste e de Pedrinho no Xote; no sal\u00e3o, o show ser\u00e1 da matutada docente; e, no terreiro, o chamariz ser\u00e1 um variado card\u00e1pio, repleto das mais deliciosas comidas desta \u00e9poca. As crian\u00e7as tamb\u00e9m ser\u00e3o muito bem-vindas: a ADUFPB preparou um espa\u00e7o com brinquedos e monitores para elas, o que garantir\u00e1 a seguran\u00e7a, a anima\u00e7\u00e3o e a tranquilidade dos papais e das mam\u00e3es.<\/p>\n<p><strong>Atra\u00e7\u00f5es do Arrai\u00e1 <\/strong>\u2014\u00a0Laerson Alves e o forr\u00f3 Chamego do Nordeste come\u00e7aram a carreira musical fazendo apresenta\u00e7\u00f5es nas tardes de domingo, no Mercado P\u00fablico de Mangabeira, em meados de 2005. Desde ent\u00e3o, fazem apresenta\u00e7\u00f5es em v\u00e1rios lugares de Jo\u00e3o Pessoa. Em 2012, no munic\u00edpio de Serra Talhada-PE, Laerson foi premiado com o 5\u00ba lugar no Festival do Canga\u00e7o. Tamb\u00e9m ganhou destaque na primeira e na segunda edi\u00e7\u00e3o do Festival Nordeste Sim Sinh\u00f4, como melhor int\u00e9rprete e melhor m\u00fasica.<\/p>\n<p>Pedrinho no Xote \u00e9 paraibano, natural de Jo\u00e3o Pessoa. Por influ\u00eancia familiar, a sanfona sempre fez parte da sua vida, e, aos 13 anos de idade, come\u00e7ou a se apresentar nos palcos. Em 2013, ingressou no curso de m\u00fasica da UFPB e colou grau em 2018, tornando-se o segundo licenciado com habilita\u00e7\u00e3o em acordeom do Nordeste. Ao longo de sua trajet\u00f3ria musical, ele se descobriu, al\u00e9m de professor, arranjador e produtor musical. Lan\u00e7ou-se como cantor apresentando grandes sucessos do forr\u00f3 que marcaram a sua trajet\u00f3ria.<\/p>\n<p><strong><img loading=\"lazy\" decoding=\"async\" class=\"alignright size-medium wp-image-29320\" src=\"https:\/\/www.adufpb.org.br\/site\/wp-content\/uploads\/2023\/06\/ArraiaAduf-2-300x295.jpeg\" alt=\"\" width=\"300\" height=\"295\" srcset=\"https:\/\/www.adufpb.org.br\/site\/wp-content\/uploads\/2023\/06\/ArraiaAduf-2-300x295.jpeg 300w, https:\/\/www.adufpb.org.br\/site\/wp-content\/uploads\/2023\/06\/ArraiaAduf-2-1024x1007.jpeg 1024w, https:\/\/www.adufpb.org.br\/site\/wp-content\/uploads\/2023\/06\/ArraiaAduf-2-768x755.jpeg 768w, https:\/\/www.adufpb.org.br\/site\/wp-content\/uploads\/2023\/06\/ArraiaAduf-2-250x246.jpeg 250w, https:\/\/www.adufpb.org.br\/site\/wp-content\/uploads\/2023\/06\/ArraiaAduf-2.jpeg 1085w\" sizes=\"auto, (max-width: 300px) 100vw, 300px\" \/>Como chegar<\/strong>\u00a0\u2014 O Arrai\u00e1 da ADUFPB vai acontecer na Granja do Wallace, um espa\u00e7o de eventos amplo e descontra\u00eddo, localizado no bairro Portal do Sol, em Jo\u00e3o Pessoa. Para quem estiver saindo de bairros como Cabo Branco, Tamba\u00fa, Mana\u00edra, Bessa, Bairro dos Estados e imedia\u00e7\u00f5es, o melhor caminho \u00e9 pelo Altiplano. Basta pegar a avenida principal (Jo\u00e3o Cirilo da Silva) e seguir em dire\u00e7\u00e3o \u00e0 Esta\u00e7\u00e3o Ci\u00eancia\/Farol do Cabo Branco. No terceiro girador, entrar \u00e0 direita, na Avenida Governador Ant\u00f4nio da Silva Mariz, e seguir em frente. Ap\u00f3s aproximadamente 500 metros, entrar \u00e0 direita na Rua Empres\u00e1rio Jo\u00e3o Valdeci Gon\u00e7alves. A entrada da Granja fica cerca de 270 metros depois.<\/p>\n<p>Quem estiver saindo de bairros como Mangabeira, Banc\u00e1rios e \u00c1gua Fria deve pegar a Avenida Hilton Solto Maior em dire\u00e7\u00e3o \u00e0 Praia da Penha, fazer o contorno em frente ao posto Shell (que fica do lado esquerdo da pista), entrar na rua do posto (Avenida Governador Ant\u00f4nio da Silva Mariz), seguir em frente por 1,5 km e virar \u00e0 esquerda, na Rua Empres\u00e1rio Jo\u00e3o Valdeci Gon\u00e7alves. A entrada da Granja fica cerca de 270 metros depois.<\/p>\n<p>Para encontrar a localiza\u00e7\u00e3o pelo GPS, utilizando o Google Maps, basta digitar no campo de endere\u00e7o \u201cGranja do Wallace\u201d ou \u201cEmpres\u00e1rio Jo\u00e3o Valdeci Gon\u00e7alves, n\u00ba 166-328\u201d.<\/p>\n<p>Se quiser ser direcionado para a localiza\u00e7\u00e3o no Google Maps, <a href=\"https:\/\/www.google.com\/maps\/place\/Granja+do+Wallace\/@-7.1476831,-34.8194104,19z\/data=!4m6!3m5!1s0x7acc2e1b634a80d:0xc31d942140b3c965!8m2!3d-7.1477778!4d-34.8195494!16s%2Fg%2F11ddz8rxl7?entry=ttu\"><em>clique aqui<\/em><\/a> ou neste QR Code:<\/p>\n<p>&nbsp;<\/p>\n<p><img loading=\"lazy\" decoding=\"async\" class=\"size-medium wp-image-29329 aligncenter\" src=\"https:\/\/www.adufpb.org.br\/site\/wp-content\/uploads\/2023\/06\/QRCode-300x300.jpeg\" alt=\"\" width=\"300\" height=\"300\" srcset=\"https:\/\/www.adufpb.org.br\/site\/wp-content\/uploads\/2023\/06\/QRCode.jpeg 300w, https:\/\/www.adufpb.org.br\/site\/wp-content\/uploads\/2023\/06\/QRCode-150x150.jpeg 150w, https:\/\/www.adufpb.org.br\/site\/wp-content\/uploads\/2023\/06\/QRCode-250x250.jpeg 250w\" sizes=\"auto, (max-width: 300px) 100vw, 300px\" \/><\/p>\n<p>&nbsp;<\/p>\n<p><img loading=\"lazy\" decoding=\"async\" class=\"alignright size-medium wp-image-29326\" src=\"https:\/\/www.adufpb.org.br\/site\/wp-content\/uploads\/2023\/06\/ArraiaAduf-8-300x200.jpeg\" alt=\"\" width=\"300\" height=\"200\" srcset=\"https:\/\/www.adufpb.org.br\/site\/wp-content\/uploads\/2023\/06\/ArraiaAduf-8-300x200.jpeg 300w, https:\/\/www.adufpb.org.br\/site\/wp-content\/uploads\/2023\/06\/ArraiaAduf-8-1024x682.jpeg 1024w, https:\/\/www.adufpb.org.br\/site\/wp-content\/uploads\/2023\/06\/ArraiaAduf-8-768x512.jpeg 768w, https:\/\/www.adufpb.org.br\/site\/wp-content\/uploads\/2023\/06\/ArraiaAduf-8-1536x1023.jpeg 1536w, https:\/\/www.adufpb.org.br\/site\/wp-content\/uploads\/2023\/06\/ArraiaAduf-8-250x167.jpeg 250w, https:\/\/www.adufpb.org.br\/site\/wp-content\/uploads\/2023\/06\/ArraiaAduf-8.jpeg 1600w\" sizes=\"auto, (max-width: 300px) 100vw, 300px\" \/><img loading=\"lazy\" decoding=\"async\" class=\"alignright size-medium wp-image-29325\" src=\"https:\/\/www.adufpb.org.br\/site\/wp-content\/uploads\/2023\/06\/ArraiaAduf-7-300x200.jpeg\" alt=\"\" width=\"300\" height=\"200\" srcset=\"https:\/\/www.adufpb.org.br\/site\/wp-content\/uploads\/2023\/06\/ArraiaAduf-7-300x200.jpeg 300w, https:\/\/www.adufpb.org.br\/site\/wp-content\/uploads\/2023\/06\/ArraiaAduf-7-1024x682.jpeg 1024w, https:\/\/www.adufpb.org.br\/site\/wp-content\/uploads\/2023\/06\/ArraiaAduf-7-768x512.jpeg 768w, https:\/\/www.adufpb.org.br\/site\/wp-content\/uploads\/2023\/06\/ArraiaAduf-7-1536x1023.jpeg 1536w, https:\/\/www.adufpb.org.br\/site\/wp-content\/uploads\/2023\/06\/ArraiaAduf-7-250x167.jpeg 250w, https:\/\/www.adufpb.org.br\/site\/wp-content\/uploads\/2023\/06\/ArraiaAduf-7.jpeg 1600w\" sizes=\"auto, (max-width: 300px) 100vw, 300px\" \/><img loading=\"lazy\" decoding=\"async\" class=\"alignright size-medium wp-image-29324\" src=\"https:\/\/www.adufpb.org.br\/site\/wp-content\/uploads\/2023\/06\/ArraiaAduf-6-300x200.jpeg\" alt=\"\" width=\"300\" height=\"200\" srcset=\"https:\/\/www.adufpb.org.br\/site\/wp-content\/uploads\/2023\/06\/ArraiaAduf-6-300x200.jpeg 300w, https:\/\/www.adufpb.org.br\/site\/wp-content\/uploads\/2023\/06\/ArraiaAduf-6-1024x682.jpeg 1024w, https:\/\/www.adufpb.org.br\/site\/wp-content\/uploads\/2023\/06\/ArraiaAduf-6-768x512.jpeg 768w, https:\/\/www.adufpb.org.br\/site\/wp-content\/uploads\/2023\/06\/ArraiaAduf-6-1536x1023.jpeg 1536w, https:\/\/www.adufpb.org.br\/site\/wp-content\/uploads\/2023\/06\/ArraiaAduf-6-250x167.jpeg 250w, https:\/\/www.adufpb.org.br\/site\/wp-content\/uploads\/2023\/06\/ArraiaAduf-6.jpeg 1600w\" sizes=\"auto, (max-width: 300px) 100vw, 300px\" \/><img loading=\"lazy\" decoding=\"async\" class=\"alignright size-medium wp-image-29323\" src=\"https:\/\/www.adufpb.org.br\/site\/wp-content\/uploads\/2023\/06\/ArraiaAduf-5-300x200.jpeg\" alt=\"\" width=\"300\" height=\"200\" srcset=\"https:\/\/www.adufpb.org.br\/site\/wp-content\/uploads\/2023\/06\/ArraiaAduf-5-300x200.jpeg 300w, https:\/\/www.adufpb.org.br\/site\/wp-content\/uploads\/2023\/06\/ArraiaAduf-5-1024x682.jpeg 1024w, https:\/\/www.adufpb.org.br\/site\/wp-content\/uploads\/2023\/06\/ArraiaAduf-5-768x512.jpeg 768w, https:\/\/www.adufpb.org.br\/site\/wp-content\/uploads\/2023\/06\/ArraiaAduf-5-1536x1023.jpeg 1536w, https:\/\/www.adufpb.org.br\/site\/wp-content\/uploads\/2023\/06\/ArraiaAduf-5-250x167.jpeg 250w, https:\/\/www.adufpb.org.br\/site\/wp-content\/uploads\/2023\/06\/ArraiaAduf-5.jpeg 1600w\" sizes=\"auto, (max-width: 300px) 100vw, 300px\" \/><img loading=\"lazy\" decoding=\"async\" class=\"alignright size-medium wp-image-29322\" src=\"https:\/\/www.adufpb.org.br\/site\/wp-content\/uploads\/2023\/06\/ArraiaAduf-4-300x200.jpeg\" alt=\"\" width=\"300\" height=\"200\" srcset=\"https:\/\/www.adufpb.org.br\/site\/wp-content\/uploads\/2023\/06\/ArraiaAduf-4-300x200.jpeg 300w, https:\/\/www.adufpb.org.br\/site\/wp-content\/uploads\/2023\/06\/ArraiaAduf-4-1024x682.jpeg 1024w, https:\/\/www.adufpb.org.br\/site\/wp-content\/uploads\/2023\/06\/ArraiaAduf-4-768x512.jpeg 768w, https:\/\/www.adufpb.org.br\/site\/wp-content\/uploads\/2023\/06\/ArraiaAduf-4-1536x1023.jpeg 1536w, https:\/\/www.adufpb.org.br\/site\/wp-content\/uploads\/2023\/06\/ArraiaAduf-4-250x167.jpeg 250w, https:\/\/www.adufpb.org.br\/site\/wp-content\/uploads\/2023\/06\/ArraiaAduf-4.jpeg 1600w\" sizes=\"auto, (max-width: 300px) 100vw, 300px\" \/><img loading=\"lazy\" decoding=\"async\" class=\"alignright size-medium wp-image-29321\" src=\"https:\/\/www.adufpb.org.br\/site\/wp-content\/uploads\/2023\/06\/ArraiaAduf-3-300x223.jpeg\" alt=\"\" width=\"300\" height=\"223\" srcset=\"https:\/\/www.adufpb.org.br\/site\/wp-content\/uploads\/2023\/06\/ArraiaAduf-3-300x223.jpeg 300w, https:\/\/www.adufpb.org.br\/site\/wp-content\/uploads\/2023\/06\/ArraiaAduf-3-1024x760.jpeg 1024w, https:\/\/www.adufpb.org.br\/site\/wp-content\/uploads\/2023\/06\/ArraiaAduf-3-768x570.jpeg 768w, https:\/\/www.adufpb.org.br\/site\/wp-content\/uploads\/2023\/06\/ArraiaAduf-3-1536x1140.jpeg 1536w, https:\/\/www.adufpb.org.br\/site\/wp-content\/uploads\/2023\/06\/ArraiaAduf-3-250x185.jpeg 250w, https:\/\/www.adufpb.org.br\/site\/wp-content\/uploads\/2023\/06\/ArraiaAduf-3.jpeg 1600w\" sizes=\"auto, (max-width: 300px) 100vw, 300px\" \/><\/p>\n","protected":false},"excerpt":{"rendered":"<p>Depois de muito forrobod\u00f3 nos campi de Areia, Bananeiras e Litoral Norte, nas duas \u00faltimas semanas, chegou a vez de arrastar a chinela na festa da ADUFPB em Jo\u00e3o Pessoa. A comemora\u00e7\u00e3o \u00e9 uma das mais tradicionais e animadas do calend\u00e1rio de eventos anuais do sindicato. Assim como no ano passado, o Arrai\u00e1 da ADUFPB&hellip;<\/p>\n","protected":false},"author":10,"featured_media":29319,"comment_status":"closed","ping_status":"closed","sticky":false,"template":"","format":"standard","meta":{"footnotes":""},"categories":[1405,4,15,417],"tags":[],"class_list":["post-29318","post","type-post","status-publish","format-standard","has-post-thumbnail","hentry","category-chamada-principal","category-comunicacao","category-noticias","category-noticias-destaque","category-1405","category-4","category-15","category-417","description-off"],"_links":{"self":[{"href":"https:\/\/www.adufpb.org.br\/site\/wp-json\/wp\/v2\/posts\/29318","targetHints":{"allow":["GET"]}}],"collection":[{"href":"https:\/\/www.adufpb.org.br\/site\/wp-json\/wp\/v2\/posts"}],"about":[{"href":"https:\/\/www.adufpb.org.br\/site\/wp-json\/wp\/v2\/types\/post"}],"author":[{"embeddable":true,"href":"https:\/\/www.adufpb.org.br\/site\/wp-json\/wp\/v2\/users\/10"}],"replies":[{"embeddable":true,"href":"https:\/\/www.adufpb.org.br\/site\/wp-json\/wp\/v2\/comments?post=29318"}],"version-history":[{"count":6,"href":"https:\/\/www.adufpb.org.br\/site\/wp-json\/wp\/v2\/posts\/29318\/revisions"}],"predecessor-version":[{"id":29334,"href":"https:\/\/www.adufpb.org.br\/site\/wp-json\/wp\/v2\/posts\/29318\/revisions\/29334"}],"wp:featuredmedia":[{"embeddable":true,"href":"https:\/\/www.adufpb.org.br\/site\/wp-json\/wp\/v2\/media\/29319"}],"wp:attachment":[{"href":"https:\/\/www.adufpb.org.br\/site\/wp-json\/wp\/v2\/media?parent=29318"}],"wp:term":[{"taxonomy":"category","embeddable":true,"href":"https:\/\/www.adufpb.org.br\/site\/wp-json\/wp\/v2\/categories?post=29318"},{"taxonomy":"post_tag","embeddable":true,"href":"https:\/\/www.adufpb.org.br\/site\/wp-json\/wp\/v2\/tags?post=29318"}],"curies":[{"name":"wp","href":"https:\/\/api.w.org\/{rel}","templated":true}]}}