{"id":29281,"date":"2023-06-07T16:05:38","date_gmt":"2023-06-07T19:05:38","guid":{"rendered":"https:\/\/www.adufpb.org.br\/site\/?p=29281"},"modified":"2023-06-07T16:07:53","modified_gmt":"2023-06-07T19:07:53","slug":"ii-encontro-de-mulheres-em-resistencia-define-pautas-prioritarias-para-o-movimento-na-paraiba","status":"publish","type":"post","link":"https:\/\/www.adufpb.org.br\/site\/ii-encontro-de-mulheres-em-resistencia-define-pautas-prioritarias-para-o-movimento-na-paraiba\/","title":{"rendered":"II Encontro de Mulheres em Resist\u00eancia define pautas priorit\u00e1rias para o movimento na Para\u00edba"},"content":{"rendered":"<p><a class=\"dt-pswp-item\" href=\"https:\/\/www.adufpb.org.br\/site\/wp-content\/uploads\/2023\/06\/2023.06.03-seminario-mulheres-em-resistencia-3.jpeg\" data-dt-img-description=\"\" data-large_image_width=\"1280\" data-large_image_height=\"960\"><img loading=\"lazy\" decoding=\"async\" class=\"alignright size-medium wp-image-29284\" src=\"https:\/\/www.adufpb.org.br\/site\/wp-content\/uploads\/2023\/06\/2023.06.03-seminario-mulheres-em-resistencia-3-300x225.jpeg\" alt=\"\" width=\"300\" height=\"225\" srcset=\"https:\/\/www.adufpb.org.br\/site\/wp-content\/uploads\/2023\/06\/2023.06.03-seminario-mulheres-em-resistencia-3-300x225.jpeg 300w, https:\/\/www.adufpb.org.br\/site\/wp-content\/uploads\/2023\/06\/2023.06.03-seminario-mulheres-em-resistencia-3-1024x768.jpeg 1024w, https:\/\/www.adufpb.org.br\/site\/wp-content\/uploads\/2023\/06\/2023.06.03-seminario-mulheres-em-resistencia-3-768x576.jpeg 768w, https:\/\/www.adufpb.org.br\/site\/wp-content\/uploads\/2023\/06\/2023.06.03-seminario-mulheres-em-resistencia-3-250x188.jpeg 250w, https:\/\/www.adufpb.org.br\/site\/wp-content\/uploads\/2023\/06\/2023.06.03-seminario-mulheres-em-resistencia-3.jpeg 1280w\" sizes=\"auto, (max-width: 300px) 100vw, 300px\" \/><\/a>Representantes de diversas entidades que comp\u00f5em o Movimentos de Mulheres e Feministas da Para\u00edba participaram no \u00faltimo s\u00e1bado (3) do II Encontro de Mulheres em Resist\u00eancia, realizado na sede do PT, em Jo\u00e3o Pessoa. A ADUFPB participou da constru\u00e7\u00e3o do evento e esteve presente nas atividades, que ocorreram nos turnos da manh\u00e3 e tarde.<\/p>\n<p>Ao final do evento, as participantes deliberaram pela realiza\u00e7\u00e3o de uma grande plen\u00e1ria ainda este ano no estado. O evento acontecer\u00e1 ap\u00f3s a Marcha das Margaridas, manifesta\u00e7\u00e3o de rua realizada desde o ano de 2000, sempre no dia 12 de agosto, que re\u00fane militantes de todo o pa\u00eds em Bras\u00edlia para dar visibilidade \u00e0s pautas das mulheres trabalhadoras do pa\u00eds. O protesto deste ano marca os 40 anos da morte da l\u00edder sindical Margarida Maria Alves.<\/p>\n<p><a class=\"dt-pswp-item\" href=\"https:\/\/www.adufpb.org.br\/site\/wp-content\/uploads\/2023\/06\/2023.06.03-seminario-mulheres-em-resistencia-6.jpeg\" data-dt-img-description=\"\" data-large_image_width=\"901\" data-large_image_height=\"1600\"><img loading=\"lazy\" decoding=\"async\" class=\"alignleft size-medium wp-image-29287\" src=\"https:\/\/www.adufpb.org.br\/site\/wp-content\/uploads\/2023\/06\/2023.06.03-seminario-mulheres-em-resistencia-6-169x300.jpeg\" alt=\"\" width=\"169\" height=\"300\" srcset=\"https:\/\/www.adufpb.org.br\/site\/wp-content\/uploads\/2023\/06\/2023.06.03-seminario-mulheres-em-resistencia-6-169x300.jpeg 169w, https:\/\/www.adufpb.org.br\/site\/wp-content\/uploads\/2023\/06\/2023.06.03-seminario-mulheres-em-resistencia-6-577x1024.jpeg 577w, https:\/\/www.adufpb.org.br\/site\/wp-content\/uploads\/2023\/06\/2023.06.03-seminario-mulheres-em-resistencia-6-768x1364.jpeg 768w, https:\/\/www.adufpb.org.br\/site\/wp-content\/uploads\/2023\/06\/2023.06.03-seminario-mulheres-em-resistencia-6-865x1536.jpeg 865w, https:\/\/www.adufpb.org.br\/site\/wp-content\/uploads\/2023\/06\/2023.06.03-seminario-mulheres-em-resistencia-6-250x444.jpeg 250w, https:\/\/www.adufpb.org.br\/site\/wp-content\/uploads\/2023\/06\/2023.06.03-seminario-mulheres-em-resistencia-6.jpeg 901w\" sizes=\"auto, (max-width: 169px) 100vw, 169px\" \/><\/a>\u201cA Marcha das Margaridas \u00e9 o evento priorit\u00e1rio na agenda do movimento de mulheres neste momento\u201d, destaca a diretora de Comunica\u00e7\u00e3o da ADUFPB, professora Sandra Luna, representante do sindicato no encontro do \u00faltimo s\u00e1bado. Segundo ela, cerca de 120 mulheres se inscreveram para o II Encontro de Mulheres em Resist\u00eancia. \u201cImportante dizer que houve uma participa\u00e7\u00e3o muito representativa desse mosaico de feminismos que temos hoje dentro do movimento\u201d, complementou, em refer\u00eancia \u00e0 diversidade das inscritas.<\/p>\n<p>Em meio \u00e0s participantes havia, por exemplo, mulheres ind\u00edgenas, quilombolas, representantes dos movimentos do campo, do MST, das empregadas dom\u00e9sticas, de movimentos de mulheres de cidades do interior da Para\u00edba, como Alagoa Grande e Juarez T\u00e1vora, de movimentos pioneiros no estado, como a Cunh\u00e3 e o 8 de Mar\u00e7o, tamb\u00e9m a Articula\u00e7\u00e3o de Mulheres Brasileiras, representantes das mulheres com defici\u00eancia e dos movimentos LGBTQIAP+.<\/p>\n<p><a class=\"dt-pswp-item\" href=\"https:\/\/www.adufpb.org.br\/site\/wp-content\/uploads\/2023\/06\/2023.06.03-seminario-mulheres-em-resistencia-4.jpeg\" data-dt-img-description=\"\" data-large_image_width=\"901\" data-large_image_height=\"1600\"><img loading=\"lazy\" decoding=\"async\" class=\"alignright size-medium wp-image-29285\" src=\"https:\/\/www.adufpb.org.br\/site\/wp-content\/uploads\/2023\/06\/2023.06.03-seminario-mulheres-em-resistencia-4-169x300.jpeg\" alt=\"\" width=\"169\" height=\"300\" srcset=\"https:\/\/www.adufpb.org.br\/site\/wp-content\/uploads\/2023\/06\/2023.06.03-seminario-mulheres-em-resistencia-4-169x300.jpeg 169w, https:\/\/www.adufpb.org.br\/site\/wp-content\/uploads\/2023\/06\/2023.06.03-seminario-mulheres-em-resistencia-4-577x1024.jpeg 577w, https:\/\/www.adufpb.org.br\/site\/wp-content\/uploads\/2023\/06\/2023.06.03-seminario-mulheres-em-resistencia-4-768x1364.jpeg 768w, https:\/\/www.adufpb.org.br\/site\/wp-content\/uploads\/2023\/06\/2023.06.03-seminario-mulheres-em-resistencia-4-865x1536.jpeg 865w, https:\/\/www.adufpb.org.br\/site\/wp-content\/uploads\/2023\/06\/2023.06.03-seminario-mulheres-em-resistencia-4-250x444.jpeg 250w, https:\/\/www.adufpb.org.br\/site\/wp-content\/uploads\/2023\/06\/2023.06.03-seminario-mulheres-em-resistencia-4.jpeg 901w\" sizes=\"auto, (max-width: 169px) 100vw, 169px\" \/><\/a>O encontro teve in\u00edcio com um caf\u00e9 da manh\u00e3 coletivo, seguido de uma m\u00edstica de abertura comandada pelas mulheres do MST. Depois, foram realizadas falas de lideran\u00e7as nos movimentos de mulheres, como a da representante da Cunh\u00e3, Joana D\u2019Arc, e da deputada estadual Cida Ramos. Falaram ainda representantes da Marcha das Margaridas.<\/p>\n<p>Ap\u00f3s as falas, as participantes se dividiram em grupos de di\u00e1logo sobre sete eixos tem\u00e1ticos: \u201cQuem cuida de quem cuida?\u201d (sa\u00fade e bem estar), \u201cVoc\u00ea tem fome de qu\u00ea?\u201d (sobreviv\u00eancia e outros quereres), \u201cNossas vidas importam\u201d (viol\u00eancias), \u201cA conta n\u00e3o fecha\u201d (subsist\u00eancia, empobrecimento e economia), \u201cQuem ensina aprende, quem aprende ensina\u201d (educa\u00e7\u00e3o e direito ao futuro) e \u201cToda maneira de amor vale a pena\u201d (diversidades).<\/p>\n<p>As mulheres dos diferentes grupos puderam dialogar durante determinado tempo e, depois, fizeram a apresenta\u00e7\u00e3o geral da relatoria de cada tema, definindo propostas e encaminhamentos a serem assumidos pelo movimento de mulheres como pautas priorit\u00e1rias nos pr\u00f3ximos meses.<\/p>\n<p><a class=\"dt-pswp-item\" href=\"https:\/\/www.adufpb.org.br\/site\/wp-content\/uploads\/2023\/06\/2023.06.03-seminario-mulheres-em-resistencia-5.jpeg\" data-dt-img-description=\"\" data-large_image_width=\"768\" data-large_image_height=\"1024\"><img loading=\"lazy\" decoding=\"async\" class=\"alignleft size-medium wp-image-29286\" src=\"https:\/\/www.adufpb.org.br\/site\/wp-content\/uploads\/2023\/06\/2023.06.03-seminario-mulheres-em-resistencia-5-225x300.jpeg\" alt=\"\" width=\"225\" height=\"300\" srcset=\"https:\/\/www.adufpb.org.br\/site\/wp-content\/uploads\/2023\/06\/2023.06.03-seminario-mulheres-em-resistencia-5-225x300.jpeg 225w, https:\/\/www.adufpb.org.br\/site\/wp-content\/uploads\/2023\/06\/2023.06.03-seminario-mulheres-em-resistencia-5-250x333.jpeg 250w, https:\/\/www.adufpb.org.br\/site\/wp-content\/uploads\/2023\/06\/2023.06.03-seminario-mulheres-em-resistencia-5.jpeg 768w\" sizes=\"auto, (max-width: 225px) 100vw, 225px\" \/><\/a>\u201cO evento foi pensado, coletivamente, em reuni\u00f5es de sua comiss\u00e3o organizadora, como um momento de troca, itera\u00e7\u00e3o, mas principalmente um momento de escuta e diagn\u00f3stico das urg\u00eancias, das prioridades dos movimentos de mulheres do nosso estado. A ideia era dar voz \u00e0s participantes e convid\u00e1-las a falarem das suas experi\u00eancias, das suas lutas e das demandas necess\u00e1rias e urgentes, considerando conjunturas e pol\u00edticas locais e tamb\u00e9m nacionais, de forma a definir encaminhamentos a serem pautados nos pr\u00f3ximos passos dessa grande organiza\u00e7\u00e3o em que se constitui o Movimento de Mulheres e Feministas da Para\u00edba\u201d, explicou a professora Sandra Luna.<\/p>\n<p>Ela destacou tamb\u00e9m a diversidade de vozes e pensamentos dentro do evento. \u201cO grande desafio no movimento de mulheres atualmente \u00e9 unificar as pautas. Hoje em dia, temos v\u00e1rios feminismos, m\u00faltiplos feminismos, e isso est\u00e1 relacionado \u00e0s quest\u00f5es identit\u00e1rias, aos diversos movimentos sociais, \u00e0s perspectivas de cada um desses movimentos. N\u00f3s vivemos, nesses feminismos todos, uma grande diversidade, com pautas muito distintas e, \u00e0s vezes, divergentes. O desafio de construir um movimento de mulheres unificado \u00e9 encontrar nas diverg\u00eancias as converg\u00eancias\u201d, avaliou a diretora de Comunica\u00e7\u00e3o da ADUFPB.<\/p>\n<p><em>Fonte: Ascom ADUFPB<\/em><\/p>\n","protected":false},"excerpt":{"rendered":"<p>Representantes de diversas entidades que comp\u00f5em o Movimentos de Mulheres e Feministas da Para\u00edba participaram no \u00faltimo s\u00e1bado (3) do II Encontro de Mulheres em Resist\u00eancia, realizado na sede do PT, em Jo\u00e3o Pessoa. A ADUFPB participou da constru\u00e7\u00e3o do evento e esteve presente nas atividades, que ocorreram nos turnos da manh\u00e3 e tarde. Ao&hellip;<\/p>\n","protected":false},"author":3,"featured_media":29284,"comment_status":"closed","ping_status":"closed","sticky":false,"template":"","format":"standard","meta":{"footnotes":""},"categories":[15,417],"tags":[27,1633,1480,1317],"class_list":["post-29281","post","type-post","status-publish","format-standard","has-post-thumbnail","hentry","category-noticias","category-noticias-destaque","tag-evento","tag-marcha-das-margaridas","tag-movimento-de-mulheres","tag-mulheres-em-resistencia","category-15","category-417","description-off"],"_links":{"self":[{"href":"https:\/\/www.adufpb.org.br\/site\/wp-json\/wp\/v2\/posts\/29281","targetHints":{"allow":["GET"]}}],"collection":[{"href":"https:\/\/www.adufpb.org.br\/site\/wp-json\/wp\/v2\/posts"}],"about":[{"href":"https:\/\/www.adufpb.org.br\/site\/wp-json\/wp\/v2\/types\/post"}],"author":[{"embeddable":true,"href":"https:\/\/www.adufpb.org.br\/site\/wp-json\/wp\/v2\/users\/3"}],"replies":[{"embeddable":true,"href":"https:\/\/www.adufpb.org.br\/site\/wp-json\/wp\/v2\/comments?post=29281"}],"version-history":[{"count":1,"href":"https:\/\/www.adufpb.org.br\/site\/wp-json\/wp\/v2\/posts\/29281\/revisions"}],"predecessor-version":[{"id":29305,"href":"https:\/\/www.adufpb.org.br\/site\/wp-json\/wp\/v2\/posts\/29281\/revisions\/29305"}],"wp:featuredmedia":[{"embeddable":true,"href":"https:\/\/www.adufpb.org.br\/site\/wp-json\/wp\/v2\/media\/29284"}],"wp:attachment":[{"href":"https:\/\/www.adufpb.org.br\/site\/wp-json\/wp\/v2\/media?parent=29281"}],"wp:term":[{"taxonomy":"category","embeddable":true,"href":"https:\/\/www.adufpb.org.br\/site\/wp-json\/wp\/v2\/categories?post=29281"},{"taxonomy":"post_tag","embeddable":true,"href":"https:\/\/www.adufpb.org.br\/site\/wp-json\/wp\/v2\/tags?post=29281"}],"curies":[{"name":"wp","href":"https:\/\/api.w.org\/{rel}","templated":true}]}}