{"id":29262,"date":"2023-06-01T22:43:31","date_gmt":"2023-06-02T01:43:31","guid":{"rendered":"https:\/\/www.adufpb.org.br\/site\/?p=29262"},"modified":"2023-06-06T09:57:47","modified_gmt":"2023-06-06T12:57:47","slug":"adufpb-apoia-ii-encontro-de-mulheres-em-resistencia-que-acontece-neste-sabado","status":"publish","type":"post","link":"https:\/\/www.adufpb.org.br\/site\/adufpb-apoia-ii-encontro-de-mulheres-em-resistencia-que-acontece-neste-sabado\/","title":{"rendered":"ADUFPB participa da constru\u00e7\u00e3o do II Encontro de Mulheres em Resist\u00eancia, que acontece neste s\u00e1bado"},"content":{"rendered":"<p style=\"padding-left: 40px;\"><img loading=\"lazy\" decoding=\"async\" class=\"size-medium wp-image-29269 alignleft\" src=\"https:\/\/www.adufpb.org.br\/site\/wp-content\/uploads\/2023\/06\/IMG-20230601-WA0041-240x300.jpg\" alt=\"\" width=\"240\" height=\"300\" srcset=\"https:\/\/www.adufpb.org.br\/site\/wp-content\/uploads\/2023\/06\/IMG-20230601-WA0041-240x300.jpg 240w, https:\/\/www.adufpb.org.br\/site\/wp-content\/uploads\/2023\/06\/IMG-20230601-WA0041-819x1024.jpg 819w, https:\/\/www.adufpb.org.br\/site\/wp-content\/uploads\/2023\/06\/IMG-20230601-WA0041-768x960.jpg 768w, https:\/\/www.adufpb.org.br\/site\/wp-content\/uploads\/2023\/06\/IMG-20230601-WA0041-250x313.jpg 250w, https:\/\/www.adufpb.org.br\/site\/wp-content\/uploads\/2023\/06\/IMG-20230601-WA0041.jpg 1080w\" sizes=\"auto, (max-width: 240px) 100vw, 240px\" \/>Neste s\u00e1bado (3), na sede do PT em Jo\u00e3o Pessoa, o Movimento de Mulheres e Feministas da Para\u00edba realiza o II Encontro de Mulheres em Resist\u00eancia. O evento acontece das 9h \u00e0s 17h, em modo totalmente presencial.<\/p>\n<p>A finalidade do semin\u00e1rio, segundo as suas organizadoras, \u00e9 estimular as mulheres a participarem de um esfor\u00e7o coletivo para acolher o pr\u00f3prio potencial de luta, a partir do compartilhamento de an\u00e1lises em torno da conjuntura e das vertentes do feminismo.<\/p>\n<p>Para a professora Sandra Luna, diretora de Comunica\u00e7\u00e3o da ADUFPB \u2014 umas das entidades que apoiam o encontro \u2014, ser\u00e1 muito importante contar com a participa\u00e7\u00e3o das sindicalizadas nesse evento, representando as Mulheres em Resist\u00eancia da entidade.<\/p>\n<p>Esta ser\u00e1 a segunda edi\u00e7\u00e3o do Encontro de Mulheres em Resist\u00eancia; a primeira, aconteceu antes da pandemia. Para confirmar a participa\u00e7\u00e3o, as interessadas dever\u00e3o preencher um formul\u00e1rio de inscri\u00e7\u00e3o virtual (embaixo).<\/p>\n<p>&nbsp;<\/p>\n<p><strong>AGENDE-SE<\/strong><\/p>\n<p>II Encontro de Mulheres em Resist\u00eancia<\/p>\n<p>Dia 03\/06 (s\u00e1bado)<\/p>\n<p>Das 9h \u00e0s 17h<\/p>\n<p>Sede do PT \u2013 Rua Irineu Joffily, 127, Jaguaribe<\/p>\n<p>Link do formul\u00e1rio: <a href=\"https:\/\/shre.ink\/H8ZD\">https:\/\/shre.ink\/H8ZD<\/a><\/p>\n","protected":false},"excerpt":{"rendered":"<p>Neste s\u00e1bado (3), na sede do PT em Jo\u00e3o Pessoa, o Movimento de Mulheres e Feministas da Para\u00edba realiza o II Encontro de Mulheres em Resist\u00eancia. O evento acontece das 9h \u00e0s 17h, em modo totalmente presencial. A finalidade do semin\u00e1rio, segundo as suas organizadoras, \u00e9 estimular as mulheres a participarem de um esfor\u00e7o coletivo&hellip;<\/p>\n","protected":false},"author":10,"featured_media":29269,"comment_status":"closed","ping_status":"closed","sticky":false,"template":"","format":"standard","meta":{"footnotes":""},"categories":[1405,4,15,417],"tags":[],"class_list":["post-29262","post","type-post","status-publish","format-standard","has-post-thumbnail","hentry","category-chamada-principal","category-comunicacao","category-noticias","category-noticias-destaque","category-1405","category-4","category-15","category-417","description-off"],"_links":{"self":[{"href":"https:\/\/www.adufpb.org.br\/site\/wp-json\/wp\/v2\/posts\/29262","targetHints":{"allow":["GET"]}}],"collection":[{"href":"https:\/\/www.adufpb.org.br\/site\/wp-json\/wp\/v2\/posts"}],"about":[{"href":"https:\/\/www.adufpb.org.br\/site\/wp-json\/wp\/v2\/types\/post"}],"author":[{"embeddable":true,"href":"https:\/\/www.adufpb.org.br\/site\/wp-json\/wp\/v2\/users\/10"}],"replies":[{"embeddable":true,"href":"https:\/\/www.adufpb.org.br\/site\/wp-json\/wp\/v2\/comments?post=29262"}],"version-history":[{"count":5,"href":"https:\/\/www.adufpb.org.br\/site\/wp-json\/wp\/v2\/posts\/29262\/revisions"}],"predecessor-version":[{"id":29273,"href":"https:\/\/www.adufpb.org.br\/site\/wp-json\/wp\/v2\/posts\/29262\/revisions\/29273"}],"wp:featuredmedia":[{"embeddable":true,"href":"https:\/\/www.adufpb.org.br\/site\/wp-json\/wp\/v2\/media\/29269"}],"wp:attachment":[{"href":"https:\/\/www.adufpb.org.br\/site\/wp-json\/wp\/v2\/media?parent=29262"}],"wp:term":[{"taxonomy":"category","embeddable":true,"href":"https:\/\/www.adufpb.org.br\/site\/wp-json\/wp\/v2\/categories?post=29262"},{"taxonomy":"post_tag","embeddable":true,"href":"https:\/\/www.adufpb.org.br\/site\/wp-json\/wp\/v2\/tags?post=29262"}],"curies":[{"name":"wp","href":"https:\/\/api.w.org\/{rel}","templated":true}]}}