{"id":2926,"date":"2012-04-23T15:48:18","date_gmt":"2012-04-23T19:48:18","guid":{"rendered":"http:\/\/www.adufpb.org.br\/site\/?p=2926"},"modified":"2012-04-23T15:51:35","modified_gmt":"2012-04-23T19:51:35","slug":"servidores-publicos-federais-paralisarao-suas-atividades-nesta-na-quarta-25","status":"publish","type":"post","link":"https:\/\/www.adufpb.org.br\/site\/servidores-publicos-federais-paralisarao-suas-atividades-nesta-na-quarta-25\/","title":{"rendered":"Servidores p\u00fablicos federais paralisar\u00e3o suas atividades nesta quarta (25)"},"content":{"rendered":"<p><a href=\"http:\/\/www.adufpb.org.br\/site\/wp-content\/uploads\/2012\/04\/paralisacaoservidoresfederais.jpg\"><img loading=\"lazy\" decoding=\"async\" class=\"alignleft size-medium wp-image-2927\" title=\"paralisacaoservidoresfederais\" src=\"http:\/\/www.adufpb.org.br\/site\/wp-content\/uploads\/2012\/04\/paralisacaoservidoresfederais-300x212.jpg\" alt=\"\" width=\"300\" height=\"212\" srcset=\"https:\/\/www.adufpb.org.br\/site\/wp-content\/uploads\/2012\/04\/paralisacaoservidoresfederais-300x212.jpg 300w, https:\/\/www.adufpb.org.br\/site\/wp-content\/uploads\/2012\/04\/paralisacaoservidoresfederais.jpg 640w\" sizes=\"auto, (max-width: 300px) 100vw, 300px\" \/><\/a>Ap\u00f3s v\u00e1rias reuni\u00f5es com representantes do Minist\u00e9rio do Planejamento, sem ter nenhuma reivindica\u00e7\u00e3o atendida, os servidores p\u00fablicos federais decidiram paralisar suas atividades em todo o Brasil nesta quarta-feira (25), em protesto contra a pol\u00edtica do governo Dilma Roussef para o setor p\u00fablico. A paralisa\u00e7\u00e3o, que durar\u00e1 24 horas, ser\u00e1 uma resposta ao descaso do governo em rela\u00e7\u00e3o \u00e0 pauta de reivindica\u00e7\u00e3o apresentada e uma advert\u00eancia de que novas paralisa\u00e7\u00f5es dever\u00e3o ser realizadas.<\/p>\n<p>\u201cN\u00e3o h\u00e1 paci\u00eancia que resista a tamanhos ataques aos servidores federais. A nossa paci\u00eancia esgotou\u201d, enfatizou Paulo Barela, coordenador da CSP-Conlutas. Os servidores reivindicam, entre outros pontos, um reajuste linear de 22,08%.<\/p>\n<p>Ao mesmo tempo em que n\u00e3o fez nenhuma corre\u00e7\u00e3o nos sal\u00e1rios dos servidores entre 2011 e 2012 referente \u00e0s perdas inflacion\u00e1rias, o governo Dilma j\u00e1 concedeu ao empresariado aproximadamente R$ 155 bilh\u00f5es em isen\u00e7\u00e3o fiscal.<\/p>\n<p>\u201cO governo tem sido muito duro nas negocia\u00e7\u00f5es com os servidores, que est\u00e3o sendo convocados para pagar pelo ajuste imposto pela crise internacional. Tem negado o nosso reajuste, ao mesmo tempo em que tem destinado metade do or\u00e7amento para o pagamento de juros e encargos da d\u00edvida federal e concedido v\u00e1rios benef\u00edcios tribut\u00e1rios ao empresariado nacional\u201d, critica o 1\u00ba vice-presidente do ANDES-SN, Luiz Henrique Schuch.<\/p>\n<p>\u201cCom os governos petistas \u00e9 assim, chumbo grosso para cima dos servidores federais, congelamento dos sal\u00e1rios, privatiza\u00e7\u00e3o na sa\u00fade e previd\u00eancia e retirada de direitos\u201d, avaliou Barela.<\/p>\n<p>O ANDES-SN convoca a categoria para participar do Dia Nacional de Paralisa\u00e7\u00e3o dos Servidores, pois entende que a unidade de todos \u00e9 que levar\u00e1 o governo a atender os pleitos dos servidores. Al\u00e9m do reajuste linear, os docentes das universidades federais tamb\u00e9m reivindicam o cumprimento do acordo firmado ano passado.<\/p>\n<p>&nbsp;<\/p>\n<p><em>Fonte: ANDES-SN<\/em><\/p>\n<ul>\n<li>Leia abaixo o documento preparado pelo comit\u00ea de luta:<\/li>\n<\/ul>\n<p align=\"center\"><span style=\"color: #000000;\"><strong>SERVIDOR P\u00daBLICO FEDERAL<\/strong><\/span><\/p>\n<p align=\"center\"><span style=\"color: #000000;\"><strong>EM 25 DE ABRIL MOSTRE SUA FOR\u00c7A<\/strong><\/span><\/p>\n<p align=\"center\"><strong><span style=\"color: #000000;\">DIA NACIONAL DE LUTAS COM PARALISA\u00c7\u00c3O DE ATIVIDADES<\/span><\/strong><\/p>\n<p><span style=\"color: #000000;\">Se h\u00e1 uma crise que preocupa e atinge gravemente a popula\u00e7\u00e3o brasileira, esta n\u00e3o \u00e9 a do capital financeiro, mas sim a do servi\u00e7o p\u00fablico. A popula\u00e7\u00e3o trabalhadora reclama dos governos e da falta de atendimento p\u00fablico de qualidade, as suas necessidades de sa\u00fade, educa\u00e7\u00e3o, seguran\u00e7a, transporte entre outras. O excesso de problemas que afeta as pessoas tem raiz na distor\u00e7\u00e3o do or\u00e7amento p\u00fablico. Mesmo obtendo recordes de arrecada\u00e7\u00e3o a cada m\u00eas, o governo continua n\u00e3o priorizando investimentos em melhorias urgentes nos servi\u00e7os prestados \u00e0 sociedade e muito menos na valoriza\u00e7\u00e3o dos servidores p\u00fablicos.<\/span><\/p>\n<p><span style=\"color: #000000;\">Em plena campanha 2012, as 31 entidades nacionais representantes dos servidores p\u00fablicos federais t\u00eam encontrado dificuldades para avan\u00e7ar nas negocia\u00e7\u00f5es com o governo. Sob o discurso da austeridade, a \u00e1rea econ\u00f4mica mant\u00e9m a reserva or\u00e7ament\u00e1ria destinada a remunerar com altas taxas o capital financeiro, e tenta jogar sobre os ombros dos trabalhadores a conta da crise internacional.<\/span><\/p>\n<p><span style=\"color: #000000;\">At\u00e9 o momento o governo tem dito N\u00c3O a todas as justas demandas apresentadas pelos servidores para garantir melhores condi\u00e7\u00f5es de trabalho, remunera\u00e7\u00e3o e consequentemente qualidade no atendimento p\u00fablico. Entre 2011 e 2012 o mesmo governo que decretou ZERO de reposi\u00e7\u00e3o \u00e0s perdas inflacion\u00e1rias no sal\u00e1rio dos servidores, j\u00e1 concedeu ao empresariado aproximadamente R$ 155 bilh\u00f5es em isen\u00e7\u00e3o fiscal. Enquanto isso, no mesmo per\u00edodo, retirou das \u00e1reas sociais mais de R$ 105 bilh\u00f5es.<\/span><\/p>\n<p><span style=\"color: #000000;\">Tratados at\u00e9 agora com descaso no processo de negocia\u00e7\u00f5es, os servidores p\u00fablicos precisam reagir e lutar. Por isso, NO DIA 25 DE ABRIL, quarta-feira, TODOS os servidores (as) do Brasil DEVEM PARTICIPAR DO DIA NACIONAL DE LUTAS COM PARALISA\u00c7\u00c3O DE ATIVIDADES. A categoria conta com o APOIO DA POPULA\u00c7\u00c3O nesse momento, pois esta \u00e9 uma luta necess\u00e1ria para que o governo respeite n\u00e3o s\u00f3 os trabalhadores do setor como toda a sociedade.<\/span><\/p>\n<p><span style=\"color: #000000;\">Basta de descaso. Mais do que nunca \u00e9 importante reativar os f\u00f3runs estaduais e federais de unidade entre as categorias de servidores. \u00c9 hora de ampliar a unidade entre os setores de todas as esferas. Trabalhadores do Executivo, Legislativo e Judici\u00e1rio precisam se unir. Servidor (a), no dia 25 de abril fa\u00e7a sua parte. Mobilize-se em seu local de trabalho. Reforce essa luta. Voc\u00ea que paga impostos, apoie esta causa, ela tamb\u00e9m \u00e9 sua!<\/span><\/p>\n<p>&nbsp;<\/p>\n<p><strong><span style=\"color: #000000;\">UNIDADE POR UM SERVI\u00c7O P\u00daBLICO DE QUALIDADE<\/span><\/strong><\/p>\n<p>&nbsp;<\/p>\n<p><span style=\"color: #000000;\"><strong>ASSIBGE-SN \u2013ANDES-SN \u2013 ANFFA-SINDICAL \u2013 ASFOC \u2013 ASMETRO-SN \u2013 CTB &#8211; CUT &#8211; CONDSEF \u2013 CNTSS \u2013 CONFELEGIS \u2013 CSP-CONLUTAS \u2013FASUBRA \u2013 FENALE \u2013 FENALEGIS \u2013 FENASPS \u2013 FENAJUFE \u2013 FENASTC \u2013 FENAPRF \u2013 MOSAP \u2013 PROIFES \u2013 SINAL \u2013 SINAIT \u2013 SINAG\u00caNCIAS \u2013SINTBACEN \u2013 SINASEFE \u2013 SINDLEGIS \u2013SINDIFISCO NACIONAL \u2013 SINPECPF \u2013 SINDIRECEITA \u2013 SINASEMPU \u2013 UNACON-SINDICAL<\/strong><\/span><\/p>\n<p align=\"center\"><strong><br \/>\n<\/strong><\/p>\n","protected":false},"excerpt":{"rendered":"<p>Ap\u00f3s v\u00e1rias reuni\u00f5es com representantes do Minist\u00e9rio do Planejamento, sem ter nenhuma reivindica\u00e7\u00e3o atendida, os servidores p\u00fablicos federais decidiram paralisar suas atividades em todo o Brasil nesta quarta-feira (25), em protesto contra a pol\u00edtica do governo Dilma Roussef para o setor p\u00fablico. A paralisa\u00e7\u00e3o, que durar\u00e1 24 horas, ser\u00e1 uma resposta ao descaso do governo&hellip;<\/p>\n","protected":false},"author":3,"featured_media":0,"comment_status":"open","ping_status":"open","sticky":false,"template":"","format":"standard","meta":{"footnotes":""},"categories":[15],"tags":[26,223],"class_list":["post-2926","post","type-post","status-publish","format-standard","hentry","category-noticias","tag-mobilizacao","tag-paralisacao","category-15","description-off"],"_links":{"self":[{"href":"https:\/\/www.adufpb.org.br\/site\/wp-json\/wp\/v2\/posts\/2926","targetHints":{"allow":["GET"]}}],"collection":[{"href":"https:\/\/www.adufpb.org.br\/site\/wp-json\/wp\/v2\/posts"}],"about":[{"href":"https:\/\/www.adufpb.org.br\/site\/wp-json\/wp\/v2\/types\/post"}],"author":[{"embeddable":true,"href":"https:\/\/www.adufpb.org.br\/site\/wp-json\/wp\/v2\/users\/3"}],"replies":[{"embeddable":true,"href":"https:\/\/www.adufpb.org.br\/site\/wp-json\/wp\/v2\/comments?post=2926"}],"version-history":[{"count":2,"href":"https:\/\/www.adufpb.org.br\/site\/wp-json\/wp\/v2\/posts\/2926\/revisions"}],"predecessor-version":[{"id":2929,"href":"https:\/\/www.adufpb.org.br\/site\/wp-json\/wp\/v2\/posts\/2926\/revisions\/2929"}],"wp:attachment":[{"href":"https:\/\/www.adufpb.org.br\/site\/wp-json\/wp\/v2\/media?parent=2926"}],"wp:term":[{"taxonomy":"category","embeddable":true,"href":"https:\/\/www.adufpb.org.br\/site\/wp-json\/wp\/v2\/categories?post=2926"},{"taxonomy":"post_tag","embeddable":true,"href":"https:\/\/www.adufpb.org.br\/site\/wp-json\/wp\/v2\/tags?post=2926"}],"curies":[{"name":"wp","href":"https:\/\/api.w.org\/{rel}","templated":true}]}}