{"id":29242,"date":"2023-05-30T14:33:28","date_gmt":"2023-05-30T17:33:28","guid":{"rendered":"https:\/\/www.adufpb.org.br\/site\/?p=29242"},"modified":"2023-06-06T09:58:08","modified_gmt":"2023-06-06T12:58:08","slug":"conselhao-convoca-o-interventor-para-defesa-e-marca-nova-reuniao-para-14-de-junho","status":"publish","type":"post","link":"https:\/\/www.adufpb.org.br\/site\/conselhao-convoca-o-interventor-para-defesa-e-marca-nova-reuniao-para-14-de-junho\/","title":{"rendered":"Conselh\u00e3o convoca o interventor para defesa e marca nova reuni\u00e3o para 14 de junho"},"content":{"rendered":"<p><a class=\"dt-pswp-item\" href=\"https:\/\/www.adufpb.org.br\/site\/wp-content\/uploads\/2023\/05\/2023.05.29-reuniao-conselhao.jpeg\" data-dt-img-description=\"\" data-large_image_width=\"1599\" data-large_image_height=\"758\"><img loading=\"lazy\" decoding=\"async\" class=\"aligncenter size-large wp-image-29253\" src=\"https:\/\/www.adufpb.org.br\/site\/wp-content\/uploads\/2023\/05\/2023.05.29-reuniao-conselhao-1024x485.jpeg\" alt=\"\" width=\"1024\" height=\"485\" srcset=\"https:\/\/www.adufpb.org.br\/site\/wp-content\/uploads\/2023\/05\/2023.05.29-reuniao-conselhao-1024x485.jpeg 1024w, https:\/\/www.adufpb.org.br\/site\/wp-content\/uploads\/2023\/05\/2023.05.29-reuniao-conselhao-300x142.jpeg 300w, https:\/\/www.adufpb.org.br\/site\/wp-content\/uploads\/2023\/05\/2023.05.29-reuniao-conselhao-768x364.jpeg 768w, https:\/\/www.adufpb.org.br\/site\/wp-content\/uploads\/2023\/05\/2023.05.29-reuniao-conselhao-1536x728.jpeg 1536w, https:\/\/www.adufpb.org.br\/site\/wp-content\/uploads\/2023\/05\/2023.05.29-reuniao-conselhao-250x119.jpeg 250w, https:\/\/www.adufpb.org.br\/site\/wp-content\/uploads\/2023\/05\/2023.05.29-reuniao-conselhao.jpeg 1599w\" sizes=\"auto, (max-width: 1024px) 100vw, 1024px\" \/><\/a><\/p>\n<p>&nbsp;<\/p>\n<p>Em reuni\u00e3o conjunta nesta segunda-feira (29), os tr\u00eas conselhos deliberativos da UFPB &#8211; Consuni, Consepe e Conselho Curador &#8211; iniciaram a an\u00e1lise das den\u00fancias contra a gest\u00e3o do interventor Valdiney Gouveia e da vice, Liana Filgueira, em um processo decorrente do dossi\u00ea protocolado em agosto de 2021 que pede a destitui\u00e7\u00e3o dos dois professores do comando da universidade.<\/p>\n<p><a class=\"dt-pswp-item\" href=\"https:\/\/www.adufpb.org.br\/site\/wp-content\/uploads\/2023\/05\/2023.05.29-reuniao-conselhao-5.jpeg\" data-dt-img-description=\"\" data-large_image_width=\"1600\" data-large_image_height=\"757\"><img loading=\"lazy\" decoding=\"async\" class=\"alignright size-medium wp-image-29249\" src=\"https:\/\/www.adufpb.org.br\/site\/wp-content\/uploads\/2023\/05\/2023.05.29-reuniao-conselhao-5-300x142.jpeg\" alt=\"\" width=\"300\" height=\"142\" srcset=\"https:\/\/www.adufpb.org.br\/site\/wp-content\/uploads\/2023\/05\/2023.05.29-reuniao-conselhao-5-300x142.jpeg 300w, https:\/\/www.adufpb.org.br\/site\/wp-content\/uploads\/2023\/05\/2023.05.29-reuniao-conselhao-5-1024x484.jpeg 1024w, https:\/\/www.adufpb.org.br\/site\/wp-content\/uploads\/2023\/05\/2023.05.29-reuniao-conselhao-5-768x363.jpeg 768w, https:\/\/www.adufpb.org.br\/site\/wp-content\/uploads\/2023\/05\/2023.05.29-reuniao-conselhao-5-1536x727.jpeg 1536w, https:\/\/www.adufpb.org.br\/site\/wp-content\/uploads\/2023\/05\/2023.05.29-reuniao-conselhao-5-250x118.jpeg 250w, https:\/\/www.adufpb.org.br\/site\/wp-content\/uploads\/2023\/05\/2023.05.29-reuniao-conselhao-5.jpeg 1600w\" sizes=\"auto, (max-width: 300px) 100vw, 300px\" \/><\/a>Ao fim das apresenta\u00e7\u00f5es, o chamado \u201cConselh\u00e3o\u201d decidiu por convocar Valdiney Gouveia e Liana Filgueira para a apresenta\u00e7\u00e3o de defesa e marcar nova reuni\u00e3o para o dia 14 de junho.<\/p>\n<p>A audi\u00eancia desta segunda-feira come\u00e7ou \u00e0s 9h45, foi suspensa por duas horas, retomada \u00e0s 14h e encerrada por volta das 17h. Pouco antes das 9h, os conselheiros receberam a informa\u00e7\u00e3o de que a vice-interventora havia informado por e-mail que n\u00e3o compareceria por motivos de sa\u00fade. Dessa forma, a audi\u00eancia foi presidida pelo decano dos conselhos, professor Zaqueu Ernesto da Silva.<\/p>\n<p><a class=\"dt-pswp-item\" href=\"https:\/\/www.adufpb.org.br\/site\/wp-content\/uploads\/2023\/05\/2023.05.29-reuniao-conselhao-4.jpeg\" data-dt-img-description=\"\" data-large_image_width=\"1280\" data-large_image_height=\"787\"><img loading=\"lazy\" decoding=\"async\" class=\"alignleft size-medium wp-image-29252\" src=\"https:\/\/www.adufpb.org.br\/site\/wp-content\/uploads\/2023\/05\/2023.05.29-reuniao-conselhao-4-300x184.jpeg\" alt=\"\" width=\"300\" height=\"184\" srcset=\"https:\/\/www.adufpb.org.br\/site\/wp-content\/uploads\/2023\/05\/2023.05.29-reuniao-conselhao-4-300x184.jpeg 300w, https:\/\/www.adufpb.org.br\/site\/wp-content\/uploads\/2023\/05\/2023.05.29-reuniao-conselhao-4-1024x630.jpeg 1024w, https:\/\/www.adufpb.org.br\/site\/wp-content\/uploads\/2023\/05\/2023.05.29-reuniao-conselhao-4-768x472.jpeg 768w, https:\/\/www.adufpb.org.br\/site\/wp-content\/uploads\/2023\/05\/2023.05.29-reuniao-conselhao-4-250x154.jpeg 250w, https:\/\/www.adufpb.org.br\/site\/wp-content\/uploads\/2023\/05\/2023.05.29-reuniao-conselhao-4.jpeg 1280w\" sizes=\"auto, (max-width: 300px) 100vw, 300px\" \/><\/a>O in\u00edcio dos trabalhos foi marcado por um clima de protesto em raz\u00e3o da atitude do relator do processo, professor Waslon Terllizzie Ara\u00fajo Lopes, do Centro de Energias Alternativas e Renov\u00e1veis (Cear), que se retirou da reuni\u00e3o ap\u00f3s afirmar que iria pedir contagem do qu\u00f3rum e \u201csuspender\u201d a reuni\u00e3o caso n\u00e3o houvesse o n\u00famero m\u00ednimo de conselheiros.<\/p>\n<p>Antes mesmo de ser conclu\u00edda a verifica\u00e7\u00e3o de qu\u00f3rum, o professor Waslon Terllizzie se retirou do audit\u00f3rio, gerando muitos protestos da comunidade universit\u00e1ria presente \u00e0 audi\u00eancia.<\/p>\n<p>Importante destacar que, no momento da solicita\u00e7\u00e3o do relator, o presidente da sess\u00e3o conjunta dos conselhos, professor Zaqueu da Silva, a quem cabe a condu\u00e7\u00e3o dos trabalhos, incluindo a solicita\u00e7\u00e3o de verifica\u00e7\u00e3o de qu\u00f3rum, se encontrava na SODS para verificar quem iria secretariar a reuni\u00e3o.<\/p>\n<p>A situa\u00e7\u00e3o ficou ainda ma<a class=\"dt-pswp-item\" href=\"https:\/\/www.adufpb.org.br\/site\/wp-content\/uploads\/2023\/05\/2023.05.29-reuniao-conselhao-3.jpeg\" data-dt-img-description=\"\" data-large_image_width=\"1600\" data-large_image_height=\"757\"><img loading=\"lazy\" decoding=\"async\" class=\"alignright size-medium wp-image-29251\" src=\"https:\/\/www.adufpb.org.br\/site\/wp-content\/uploads\/2023\/05\/2023.05.29-reuniao-conselhao-3-300x142.jpeg\" alt=\"\" width=\"300\" height=\"142\" srcset=\"https:\/\/www.adufpb.org.br\/site\/wp-content\/uploads\/2023\/05\/2023.05.29-reuniao-conselhao-3-300x142.jpeg 300w, https:\/\/www.adufpb.org.br\/site\/wp-content\/uploads\/2023\/05\/2023.05.29-reuniao-conselhao-3-1024x484.jpeg 1024w, https:\/\/www.adufpb.org.br\/site\/wp-content\/uploads\/2023\/05\/2023.05.29-reuniao-conselhao-3-768x363.jpeg 768w, https:\/\/www.adufpb.org.br\/site\/wp-content\/uploads\/2023\/05\/2023.05.29-reuniao-conselhao-3-1536x727.jpeg 1536w, https:\/\/www.adufpb.org.br\/site\/wp-content\/uploads\/2023\/05\/2023.05.29-reuniao-conselhao-3-250x118.jpeg 250w, https:\/\/www.adufpb.org.br\/site\/wp-content\/uploads\/2023\/05\/2023.05.29-reuniao-conselhao-3.jpeg 1600w\" sizes=\"auto, (max-width: 300px) 100vw, 300px\" \/><\/a>is dif\u00edcil pela aus\u00eancia do coordenador da SODS, que comunicou ao decano por telefone que estaria como advogado numa audi\u00eancia na justi\u00e7a. Somente ap\u00f3s esclarecidas essas quest\u00f5es o decano retornou ao audit\u00f3rio da reitoria para iniciar a reuni\u00e3o conjunta dos tr\u00eas conselhos superiores.<\/p>\n<p>Apesar da alega\u00e7\u00e3o do professor Waslon Terllizzie, a reuni\u00e3o alcan\u00e7ou o qu\u00f3rum necess\u00e1rio e teve in\u00edcio com a presid\u00eancia do decano. Ap\u00f3s alguns debates de como seria o andamento dos trabalhos depois da sa\u00edda do relator, os conselheiros elegeram um novo respons\u00e1vel pelo relat\u00f3rio do processo: o professor Jailson Jos\u00e9 Gomes da Rocha, membro do Consuni.<\/p>\n<p><strong><a class=\"dt-pswp-item\" href=\"https:\/\/www.adufpb.org.br\/site\/wp-content\/uploads\/2023\/05\/2023.05.29-reuniao-conselhao-2.jpeg\" data-dt-img-description=\"\" data-large_image_width=\"1280\" data-large_image_height=\"677\"><img loading=\"lazy\" decoding=\"async\" class=\"alignleft size-medium wp-image-29250\" src=\"https:\/\/www.adufpb.org.br\/site\/wp-content\/uploads\/2023\/05\/2023.05.29-reuniao-conselhao-2-300x159.jpeg\" alt=\"\" width=\"300\" height=\"159\" srcset=\"https:\/\/www.adufpb.org.br\/site\/wp-content\/uploads\/2023\/05\/2023.05.29-reuniao-conselhao-2-300x159.jpeg 300w, https:\/\/www.adufpb.org.br\/site\/wp-content\/uploads\/2023\/05\/2023.05.29-reuniao-conselhao-2-1024x542.jpeg 1024w, https:\/\/www.adufpb.org.br\/site\/wp-content\/uploads\/2023\/05\/2023.05.29-reuniao-conselhao-2-768x406.jpeg 768w, https:\/\/www.adufpb.org.br\/site\/wp-content\/uploads\/2023\/05\/2023.05.29-reuniao-conselhao-2-250x132.jpeg 250w, https:\/\/www.adufpb.org.br\/site\/wp-content\/uploads\/2023\/05\/2023.05.29-reuniao-conselhao-2.jpeg 1280w\" sizes=\"auto, (max-width: 300px) 100vw, 300px\" \/><\/a>Primeira reuni\u00e3o<\/strong><\/p>\n<p>Esta foi a segunda audi\u00eancia dos tr\u00eas conselhos deliberativos para apreciar o processo originado a partir do dossi\u00ea da interven\u00e7\u00e3o. A primeira, ocorreu no dia 16 de maio e foi obstru\u00edda pela a\u00e7\u00e3o da vice-interventora, que ocupou a presid\u00eancia da mesa, ignorando o fato que, como parte envolvida no processo, estava impedida de ocupar essa fun\u00e7\u00e3o.<\/p>\n<p>A presen\u00e7a dela na mesa foi contestada na primeira quest\u00e3o de ordem, solicitada logo ap\u00f3s o in\u00edcio da reuni\u00e3o, e seguiu sendo o principal tema de debate durante toda a audi\u00eancia. No per\u00edodo da tarde, logo ap\u00f3s a retomada dos trabalhos, a vice-interventora se retirou da mesa, dando a reuni\u00e3o por encerrada e gerando muitos protestos. Na sequ\u00eancia, os conselheiros se reuniram e formalizaram a autoconvoca\u00e7\u00e3o para a reuni\u00e3o que ocorreu nesta segunda-feira.<\/p>\n<p>Fonte: Ascom ADUFPB<\/p>\n","protected":false},"excerpt":{"rendered":"<p>&nbsp; Em reuni\u00e3o conjunta nesta segunda-feira (29), os tr\u00eas conselhos deliberativos da UFPB &#8211; Consuni, Consepe e Conselho Curador &#8211; iniciaram a an\u00e1lise das den\u00fancias contra a gest\u00e3o do interventor Valdiney Gouveia e da vice, Liana Filgueira, em um processo decorrente do dossi\u00ea protocolado em agosto de 2021 que pede a destitui\u00e7\u00e3o dos dois professores&hellip;<\/p>\n","protected":false},"author":3,"featured_media":29253,"comment_status":"closed","ping_status":"closed","sticky":false,"template":"","format":"standard","meta":{"footnotes":""},"categories":[1405,15,417],"tags":[1628,178,1413,1426],"class_list":["post-29242","post","type-post","status-publish","format-standard","has-post-thumbnail","hentry","category-chamada-principal","category-noticias","category-noticias-destaque","tag-conselhao","tag-consuni","tag-intervencao","tag-interventor","category-1405","category-15","category-417","description-off"],"_links":{"self":[{"href":"https:\/\/www.adufpb.org.br\/site\/wp-json\/wp\/v2\/posts\/29242","targetHints":{"allow":["GET"]}}],"collection":[{"href":"https:\/\/www.adufpb.org.br\/site\/wp-json\/wp\/v2\/posts"}],"about":[{"href":"https:\/\/www.adufpb.org.br\/site\/wp-json\/wp\/v2\/types\/post"}],"author":[{"embeddable":true,"href":"https:\/\/www.adufpb.org.br\/site\/wp-json\/wp\/v2\/users\/3"}],"replies":[{"embeddable":true,"href":"https:\/\/www.adufpb.org.br\/site\/wp-json\/wp\/v2\/comments?post=29242"}],"version-history":[{"count":6,"href":"https:\/\/www.adufpb.org.br\/site\/wp-json\/wp\/v2\/posts\/29242\/revisions"}],"predecessor-version":[{"id":29257,"href":"https:\/\/www.adufpb.org.br\/site\/wp-json\/wp\/v2\/posts\/29242\/revisions\/29257"}],"wp:featuredmedia":[{"embeddable":true,"href":"https:\/\/www.adufpb.org.br\/site\/wp-json\/wp\/v2\/media\/29253"}],"wp:attachment":[{"href":"https:\/\/www.adufpb.org.br\/site\/wp-json\/wp\/v2\/media?parent=29242"}],"wp:term":[{"taxonomy":"category","embeddable":true,"href":"https:\/\/www.adufpb.org.br\/site\/wp-json\/wp\/v2\/categories?post=29242"},{"taxonomy":"post_tag","embeddable":true,"href":"https:\/\/www.adufpb.org.br\/site\/wp-json\/wp\/v2\/tags?post=29242"}],"curies":[{"name":"wp","href":"https:\/\/api.w.org\/{rel}","templated":true}]}}