{"id":29220,"date":"2023-05-28T16:41:56","date_gmt":"2023-05-28T19:41:56","guid":{"rendered":"https:\/\/www.adufpb.org.br\/site\/?p=29220"},"modified":"2023-06-06T09:58:15","modified_gmt":"2023-06-06T12:58:15","slug":"saude-mental-de-professores-e-estudantes-e-tema-de-debate-em-areia","status":"publish","type":"post","link":"https:\/\/www.adufpb.org.br\/site\/saude-mental-de-professores-e-estudantes-e-tema-de-debate-em-areia\/","title":{"rendered":"Sa\u00fade mental de professores e estudantes \u00e9 tema de debate no campus II, em Areia"},"content":{"rendered":"<p><img loading=\"lazy\" decoding=\"async\" class=\"size-medium wp-image-29222 alignleft\" src=\"https:\/\/www.adufpb.org.br\/site\/wp-content\/uploads\/2023\/05\/Saude-300x300.jpeg\" alt=\"\" width=\"300\" height=\"300\" srcset=\"https:\/\/www.adufpb.org.br\/site\/wp-content\/uploads\/2023\/05\/Saude-300x300.jpeg 300w, https:\/\/www.adufpb.org.br\/site\/wp-content\/uploads\/2023\/05\/Saude-1022x1024.jpeg 1022w, https:\/\/www.adufpb.org.br\/site\/wp-content\/uploads\/2023\/05\/Saude-150x150.jpeg 150w, https:\/\/www.adufpb.org.br\/site\/wp-content\/uploads\/2023\/05\/Saude-768x769.jpeg 768w, https:\/\/www.adufpb.org.br\/site\/wp-content\/uploads\/2023\/05\/Saude-250x250.jpeg 250w, https:\/\/www.adufpb.org.br\/site\/wp-content\/uploads\/2023\/05\/Saude.jpeg 1078w\" sizes=\"auto, (max-width: 300px) 100vw, 300px\" \/><\/p>\n<p>Nesta ter\u00e7a-feira (30), a ADUFPB promove a mesa-redonda \u201cSa\u00fade mental docente\/discente em debate\u201d, a partir das 10h, no audit\u00f3rio do Pr\u00e9dio Central do CCA, Campus II, em Areia-PB. Participam do encontro as professoras Tha\u00eds M\u00e1ximo, do Departamento de Psicologia da UFPB, e Lenilma Bento, vice-presidenta da ADUFPB e professora do Programa de P\u00f3s -Gradua\u00e7\u00e3o e Sa\u00fade da Fam\u00edlia. O debate ter\u00e1 media\u00e7\u00e3o da professora Anita Pereira, diretora de Pol\u00edtica Social do sindicato dos docentes da UFPB.<br \/>\nNos \u00faltimos anos, principalmente depois da pandemia de covid-19, percebeu-se um aumento expressivo de casos referentes a transtornos psicol\u00f3gicos na popula\u00e7\u00e3o, como \u00e9 poss\u00edvel atestar em publica\u00e7\u00f5es diversificadas sobre o tema. No ambiente educacional, essa realidade atinge tanto professores quanto estudantes, que apresentam problemas como ansiedade, estresse e depress\u00e3o.<br \/>\nPara falar sobre o tema, a ADUFPB convidou a psic\u00f3loga e professora Tha\u00eds M\u00e1ximo. Com p\u00f3s-doutorado em psicologia pela UFMG, ela \u00e9 vice-l\u00edder do Grupo de Pesquisas em Trabalho e Subjetividade, professora do Programa de Psicologia Social e colaboradora do Programa de Psicologia da Sa\u00fade, ambos da UEPB. \u00c9 membro do F\u00f3rum de Sa\u00fade do Trabalhador do Estado da Para\u00edba.<\/p>\n<p>&nbsp;<\/p>\n<p>&nbsp;<\/p>\n<p>&nbsp;<\/p>\n<p><strong>AGENDE-SE<\/strong><\/p>\n<p>Mesa-redonda: Sa\u00fade mental docente\/discente em debate<\/p>\n<p>Quando: ter\u00e7a-feira (30)<\/p>\n<p>Hora: 10h<\/p>\n<p>Local: Pr\u00e9dio Central do CCA, Campus II da UFPB (Areia-PB)<\/p>\n<p>Palestrantes: Lenilma Bento e Tha\u00eds M\u00e1ximo<\/p>\n<p>Media\u00e7\u00e3o: Anita Pereira<\/p>\n<p>&nbsp;<\/p>\n<p><em>Fonte: Ascom ADUFPB<\/em><\/p>\n","protected":false},"excerpt":{"rendered":"<p>Nesta ter\u00e7a-feira (30), a ADUFPB promove a mesa-redonda \u201cSa\u00fade mental docente\/discente em debate\u201d, a partir das 10h, no audit\u00f3rio do Pr\u00e9dio Central do CCA, Campus II, em Areia-PB. Participam do encontro as professoras Tha\u00eds M\u00e1ximo, do Departamento de Psicologia da UFPB, e Lenilma Bento, vice-presidenta da ADUFPB e professora do Programa de P\u00f3s -Gradua\u00e7\u00e3o e&hellip;<\/p>\n","protected":false},"author":10,"featured_media":29222,"comment_status":"closed","ping_status":"closed","sticky":false,"template":"","format":"standard","meta":{"footnotes":""},"categories":[1405,4,15,417],"tags":[],"class_list":["post-29220","post","type-post","status-publish","format-standard","has-post-thumbnail","hentry","category-chamada-principal","category-comunicacao","category-noticias","category-noticias-destaque","category-1405","category-4","category-15","category-417","description-off"],"_links":{"self":[{"href":"https:\/\/www.adufpb.org.br\/site\/wp-json\/wp\/v2\/posts\/29220","targetHints":{"allow":["GET"]}}],"collection":[{"href":"https:\/\/www.adufpb.org.br\/site\/wp-json\/wp\/v2\/posts"}],"about":[{"href":"https:\/\/www.adufpb.org.br\/site\/wp-json\/wp\/v2\/types\/post"}],"author":[{"embeddable":true,"href":"https:\/\/www.adufpb.org.br\/site\/wp-json\/wp\/v2\/users\/10"}],"replies":[{"embeddable":true,"href":"https:\/\/www.adufpb.org.br\/site\/wp-json\/wp\/v2\/comments?post=29220"}],"version-history":[{"count":5,"href":"https:\/\/www.adufpb.org.br\/site\/wp-json\/wp\/v2\/posts\/29220\/revisions"}],"predecessor-version":[{"id":29240,"href":"https:\/\/www.adufpb.org.br\/site\/wp-json\/wp\/v2\/posts\/29220\/revisions\/29240"}],"wp:featuredmedia":[{"embeddable":true,"href":"https:\/\/www.adufpb.org.br\/site\/wp-json\/wp\/v2\/media\/29222"}],"wp:attachment":[{"href":"https:\/\/www.adufpb.org.br\/site\/wp-json\/wp\/v2\/media?parent=29220"}],"wp:term":[{"taxonomy":"category","embeddable":true,"href":"https:\/\/www.adufpb.org.br\/site\/wp-json\/wp\/v2\/categories?post=29220"},{"taxonomy":"post_tag","embeddable":true,"href":"https:\/\/www.adufpb.org.br\/site\/wp-json\/wp\/v2\/tags?post=29220"}],"curies":[{"name":"wp","href":"https:\/\/api.w.org\/{rel}","templated":true}]}}