{"id":29167,"date":"2023-05-22T16:54:14","date_gmt":"2023-05-22T19:54:14","guid":{"rendered":"https:\/\/www.adufpb.org.br\/site\/?p=29167"},"modified":"2023-05-24T16:52:35","modified_gmt":"2023-05-24T19:52:35","slug":"novo-ensino-medio-adufpb-realiza-mesa-redonda-em-bananeiras-para-debater-o-modelo","status":"publish","type":"post","link":"https:\/\/www.adufpb.org.br\/site\/novo-ensino-medio-adufpb-realiza-mesa-redonda-em-bananeiras-para-debater-o-modelo\/","title":{"rendered":"Novo Ensino M\u00e9dio: ADUFPB realiza mesa-redonda nesta quarta-feira, em Bananeiras, para debater o modelo"},"content":{"rendered":"<p><img loading=\"lazy\" decoding=\"async\" class=\"alignleft size-medium wp-image-29173\" src=\"https:\/\/www.adufpb.org.br\/site\/wp-content\/uploads\/2023\/05\/CARD-ENSINO-MEDIO-DIA-24-MAIO-BANANEIRAS-300x300.png\" alt=\"\" width=\"300\" height=\"300\" srcset=\"https:\/\/www.adufpb.org.br\/site\/wp-content\/uploads\/2023\/05\/CARD-ENSINO-MEDIO-DIA-24-MAIO-BANANEIRAS-300x300.png 300w, https:\/\/www.adufpb.org.br\/site\/wp-content\/uploads\/2023\/05\/CARD-ENSINO-MEDIO-DIA-24-MAIO-BANANEIRAS-1024x1024.png 1024w, https:\/\/www.adufpb.org.br\/site\/wp-content\/uploads\/2023\/05\/CARD-ENSINO-MEDIO-DIA-24-MAIO-BANANEIRAS-150x150.png 150w, https:\/\/www.adufpb.org.br\/site\/wp-content\/uploads\/2023\/05\/CARD-ENSINO-MEDIO-DIA-24-MAIO-BANANEIRAS-768x769.png 768w, https:\/\/www.adufpb.org.br\/site\/wp-content\/uploads\/2023\/05\/CARD-ENSINO-MEDIO-DIA-24-MAIO-BANANEIRAS-250x250.png 250w, https:\/\/www.adufpb.org.br\/site\/wp-content\/uploads\/2023\/05\/CARD-ENSINO-MEDIO-DIA-24-MAIO-BANANEIRAS.png 1074w\" sizes=\"auto, (max-width: 300px) 100vw, 300px\" \/>Nesta quarta-feira (24), o Grupo de Trabalho de Pol\u00edtica de Educacional (GTPE) da ADUFPB realiza a mesa-redonda \u201cNovo Ensino M\u00e9dio \u2013 Por que revogar?\u201d, na sala 2 do Col\u00e9gio Agr\u00edcola Vidal de Negreiros, campus III da UFPB, em Bananeiras. O evento acontece das 13h \u00e0s 15h, com a participa\u00e7\u00e3o das professoras Ivete Martins, coordenadora do GTPE, e Anita Pereira, diretora de Pol\u00edtica Social da ADUFPB.<\/p>\n<p>\u201cO objetivo \u00e9 apresentar o Novo Ensino M\u00e9dio e abrir o debate para a categoria docente local, tanto da escola t\u00e9cnica quanto da comunidade\u201d, disse a coordenadora. Ela lembra que a demanda pela revoga\u00e7\u00e3o imediata do novo modelo est\u00e1 sendo encampada pelo movimento estudantil, por entidades sindicais e de docentes e tamb\u00e9m por pesquisadores \u2014 e por isso a necessidade de debat\u00ea-lo.<\/p>\n<p>Na semana passada, em reuni\u00e3o no Minist\u00e9rio da Educa\u00e7\u00e3o (MEC), a diretoria do ANDES-Sindicato Nacional \u2014 do qual a ADUFPB \u00e9 se\u00e7\u00e3o sindical \u2014 ressaltou a necessidade de revoga\u00e7\u00e3o. A entidade argumenta que o Novo Ensino M\u00e9dio favorece o mercado, o ensino privado e a destrui\u00e7\u00e3o da possibilidade de acesso \u00e0 universidade pela classe trabalhadora mais pobre.<\/p>\n<p>&nbsp;<\/p>\n<p><strong>AGENDE-SE<\/strong><\/p>\n<p>Mesa-redonda: Novo Ensino M\u00e9dio \u2013 Por que revogar?<\/p>\n<p>Data: quarta-feira, 24 de maio<\/p>\n<p>Hor\u00e1rio: das 13h \u00e0s 15h<\/p>\n<p>Local: Sala 2 do Col\u00e9gio Agr\u00edcola Vidal de Negreiros, campus III da UFPB \u2013 Bananeiras<\/p>\n<p>&nbsp;<\/p>\n<p><em>Fonte: Ascom ADUFPB<\/em><\/p>\n<p>&nbsp;<\/p>\n","protected":false},"excerpt":{"rendered":"<p>Nesta quarta-feira (24), o Grupo de Trabalho de Pol\u00edtica de Educacional (GTPE) da ADUFPB realiza a mesa-redonda \u201cNovo Ensino M\u00e9dio \u2013 Por que revogar?\u201d, na sala 2 do Col\u00e9gio Agr\u00edcola Vidal de Negreiros, campus III da UFPB, em Bananeiras. O evento acontece das 13h \u00e0s 15h, com a participa\u00e7\u00e3o das professoras Ivete Martins, coordenadora do&hellip;<\/p>\n","protected":false},"author":10,"featured_media":29173,"comment_status":"closed","ping_status":"closed","sticky":false,"template":"","format":"standard","meta":{"footnotes":""},"categories":[1405,4,15,417],"tags":[],"class_list":["post-29167","post","type-post","status-publish","format-standard","has-post-thumbnail","hentry","category-chamada-principal","category-comunicacao","category-noticias","category-noticias-destaque","category-1405","category-4","category-15","category-417","description-off"],"_links":{"self":[{"href":"https:\/\/www.adufpb.org.br\/site\/wp-json\/wp\/v2\/posts\/29167","targetHints":{"allow":["GET"]}}],"collection":[{"href":"https:\/\/www.adufpb.org.br\/site\/wp-json\/wp\/v2\/posts"}],"about":[{"href":"https:\/\/www.adufpb.org.br\/site\/wp-json\/wp\/v2\/types\/post"}],"author":[{"embeddable":true,"href":"https:\/\/www.adufpb.org.br\/site\/wp-json\/wp\/v2\/users\/10"}],"replies":[{"embeddable":true,"href":"https:\/\/www.adufpb.org.br\/site\/wp-json\/wp\/v2\/comments?post=29167"}],"version-history":[{"count":5,"href":"https:\/\/www.adufpb.org.br\/site\/wp-json\/wp\/v2\/posts\/29167\/revisions"}],"predecessor-version":[{"id":29175,"href":"https:\/\/www.adufpb.org.br\/site\/wp-json\/wp\/v2\/posts\/29167\/revisions\/29175"}],"wp:featuredmedia":[{"embeddable":true,"href":"https:\/\/www.adufpb.org.br\/site\/wp-json\/wp\/v2\/media\/29173"}],"wp:attachment":[{"href":"https:\/\/www.adufpb.org.br\/site\/wp-json\/wp\/v2\/media?parent=29167"}],"wp:term":[{"taxonomy":"category","embeddable":true,"href":"https:\/\/www.adufpb.org.br\/site\/wp-json\/wp\/v2\/categories?post=29167"},{"taxonomy":"post_tag","embeddable":true,"href":"https:\/\/www.adufpb.org.br\/site\/wp-json\/wp\/v2\/tags?post=29167"}],"curies":[{"name":"wp","href":"https:\/\/api.w.org\/{rel}","templated":true}]}}