{"id":29137,"date":"2023-05-15T16:43:55","date_gmt":"2023-05-15T19:43:55","guid":{"rendered":"https:\/\/www.adufpb.org.br\/site\/?p=29137"},"modified":"2023-05-19T10:27:30","modified_gmt":"2023-05-19T13:27:30","slug":"nota-adufpb-convoca-docentes-para-historica-reuniao-conjunta-dos-conselhos-superiores-que-deve-mudar-os-rumos-da-ufpb","status":"publish","type":"post","link":"https:\/\/www.adufpb.org.br\/site\/nota-adufpb-convoca-docentes-para-historica-reuniao-conjunta-dos-conselhos-superiores-que-deve-mudar-os-rumos-da-ufpb\/","title":{"rendered":"NOTA: ADUFPB convoca docentes para hist\u00f3rica reuni\u00e3o conjunta  dos conselhos superiores, que deve mudar os rumos da UFPB"},"content":{"rendered":"<p>Em in\u00fameras assembleias da ADUFPB, o problema da interven\u00e7\u00e3o na UFPB foi abordado e discutido, ficando sempre evidente a indigna\u00e7\u00e3o e a rejei\u00e7\u00e3o da categoria docente quanto \u00e0 nomea\u00e7\u00e3o, para os cargos m\u00e1ximos da institui\u00e7\u00e3o, do professor Valdiney Gouveia e da professora Liana Filgueira Albuquerque, candidatos n\u00e3o eleitos e n\u00e3o votados pelo col\u00e9gio eleitoral. A oficializa\u00e7\u00e3o nos cargos, que ignorou a condi\u00e7\u00e3o de zero voto da dupla, cujos nomes constaram como \u00faltimos na lista tr\u00edplice por for\u00e7a de liminar judicial, tentou imprimir na UFPB uma reedi\u00e7\u00e3o \u2014 farsesca \u2014 dos anos de chumbo no Brasil. Na pr\u00e1tica, entretanto, as consequ\u00eancias t\u00eam sido graves e exigem repara\u00e7\u00e3o, j\u00e1 que as professoras Terezinha Domiciano e M\u00f4nica N\u00f3brega, respectivamente reitora e vice-reitora legitimamente eleitas pela comunidade universit\u00e1ria e vencedoras do pleito no col\u00e9gio eleitoral, n\u00e3o foram empossadas.<\/p>\n<p>Esse modus operandi de nomea\u00e7\u00e3o de interventores pelo ex-presidente da Rep\u00fablica ocorreu em mais de duas dezenas de Ifes, com a posse arbitr\u00e1ria de reitorias sem o devido respeito aos pleitos eleitorais locais. No caso da UFPB, o resultado desse processo de interven\u00e7\u00e3o deu-se nos mais diversos n\u00edveis, com severas implica\u00e7\u00f5es: o sequestro do or\u00e7amento da universidade, precarizando ainda mais o trabalho de docentes e t\u00e9cnicos e colocando em situa\u00e7\u00e3o de pen\u00faria o atendimento aos discentes e \u00e0 comunidade em geral; o flagrante decr\u00e9scimo qualitativo da vida democr\u00e1tica nos conselhos superiores da UFPB, hoje marcada por autoritarismo na condu\u00e7\u00e3o das reuni\u00f5es e intimida\u00e7\u00e3o por parte do aparato jur\u00eddico administrativo da UFPB; e o cerceamento expressivo da liberdade, em nome de uma ideologia de pseudoneutralidade.<\/p>\n<p>Reunindo em um amplo documento toda sorte de abusos, arbitrariedades e problemas institucionais flagrados nesse contexto de retrocesso dos valores democr\u00e1ticos, foi apresentado, via Comit\u00ea Contra a Interven\u00e7\u00e3o na UFPB, um dossi\u00ea, j\u00e1 p\u00fablico, que registra uma mir\u00edade de raz\u00f5es, motivos e circunst\u00e2ncias que denunciam faltas a serem apuradas na administra\u00e7\u00e3o dessa interventoria, e cuja gravidade tornaram poss\u00edvel que esse documento seja apreciado no dia de amanh\u00e3, ter\u00e7a-feira, 16 de maio de 2023, \u00e0s 9h, no Audit\u00f3rio da Reitoria. Na ocasi\u00e3o, o dossi\u00ea sobre a atua\u00e7\u00e3o da interventoria do professor Valdiney Veloso Gouveia (atual reitor) e da professora Liana F. Albuquerque (atual vice-reitora) na administra\u00e7\u00e3o da UFPB ser\u00e1 apreciado pelos tr\u00eas conselhos da institui\u00e7\u00e3o: Consuni, Consepe e Curador. Essa \u00e9 a primeira vez na hist\u00f3ria da UFPB que um reitorado sofre um processo dessa natureza, que requer a destitui\u00e7\u00e3o de ambos os ocupantes dos cargos m\u00e1ximos da institui\u00e7\u00e3o.<\/p>\n<p>Diante desse hist\u00f3rico momento de nossa institui\u00e7\u00e3o, a comunidade universit\u00e1ria, por meio dos seus conselhos, tem a oportunidade \u00edmpar de reestabelecer a justi\u00e7a e reparar os trilhos democr\u00e1ticos em seu cotidiano institucional. Se sua vontade n\u00e3o foi respeitada no processo de nomea\u00e7\u00e3o dos dirigentes m\u00e1ximos da UFPB, haver\u00e1 a chance de realinhar esse ju\u00edzo durante a reuni\u00e3o de amanh\u00e3 e dar um passo fundamental no caminho de retomada da normalidade. Ap\u00f3s a aceita\u00e7\u00e3o do conte\u00fado do dossi\u00ea e sua posterior aprova\u00e7\u00e3o pelos conselhos superiores, ele seguir\u00e1 para o Minist\u00e9rio da Educa\u00e7\u00e3o, que vai deliberar sobre a admissibilidade ou n\u00e3o do processo \u2014 que, por sua vez, acarretar\u00e1 a destitui\u00e7\u00e3o definitiva do atual reitor e da vice-reitora da UFPB. Por essa raz\u00e3o, os docentes que empreendem a luta em favor da universidade p\u00fablica, laica e com ensino referenciado, mais uma vez, assumem a responsabilidade de recolocar a UFPB no caminho da excel\u00eancia e da democracia.<\/p>\n<p>&nbsp;<\/p>\n<p><em>Fonte: Ascom ADUFPB<\/em><\/p>\n","protected":false},"excerpt":{"rendered":"<p>Em in\u00fameras assembleias da ADUFPB, o problema da interven\u00e7\u00e3o na UFPB foi abordado e discutido, ficando sempre evidente a indigna\u00e7\u00e3o e a rejei\u00e7\u00e3o da categoria docente quanto \u00e0 nomea\u00e7\u00e3o, para os cargos m\u00e1ximos da institui\u00e7\u00e3o, do professor Valdiney Gouveia e da professora Liana Filgueira Albuquerque, candidatos n\u00e3o eleitos e n\u00e3o votados pelo col\u00e9gio eleitoral. A&hellip;<\/p>\n","protected":false},"author":10,"featured_media":29138,"comment_status":"closed","ping_status":"closed","sticky":false,"template":"","format":"standard","meta":{"footnotes":""},"categories":[1405,4,15,417],"tags":[],"class_list":["post-29137","post","type-post","status-publish","format-standard","has-post-thumbnail","hentry","category-chamada-principal","category-comunicacao","category-noticias","category-noticias-destaque","category-1405","category-4","category-15","category-417","description-off"],"_links":{"self":[{"href":"https:\/\/www.adufpb.org.br\/site\/wp-json\/wp\/v2\/posts\/29137","targetHints":{"allow":["GET"]}}],"collection":[{"href":"https:\/\/www.adufpb.org.br\/site\/wp-json\/wp\/v2\/posts"}],"about":[{"href":"https:\/\/www.adufpb.org.br\/site\/wp-json\/wp\/v2\/types\/post"}],"author":[{"embeddable":true,"href":"https:\/\/www.adufpb.org.br\/site\/wp-json\/wp\/v2\/users\/10"}],"replies":[{"embeddable":true,"href":"https:\/\/www.adufpb.org.br\/site\/wp-json\/wp\/v2\/comments?post=29137"}],"version-history":[{"count":3,"href":"https:\/\/www.adufpb.org.br\/site\/wp-json\/wp\/v2\/posts\/29137\/revisions"}],"predecessor-version":[{"id":29141,"href":"https:\/\/www.adufpb.org.br\/site\/wp-json\/wp\/v2\/posts\/29137\/revisions\/29141"}],"wp:featuredmedia":[{"embeddable":true,"href":"https:\/\/www.adufpb.org.br\/site\/wp-json\/wp\/v2\/media\/29138"}],"wp:attachment":[{"href":"https:\/\/www.adufpb.org.br\/site\/wp-json\/wp\/v2\/media?parent=29137"}],"wp:term":[{"taxonomy":"category","embeddable":true,"href":"https:\/\/www.adufpb.org.br\/site\/wp-json\/wp\/v2\/categories?post=29137"},{"taxonomy":"post_tag","embeddable":true,"href":"https:\/\/www.adufpb.org.br\/site\/wp-json\/wp\/v2\/tags?post=29137"}],"curies":[{"name":"wp","href":"https:\/\/api.w.org\/{rel}","templated":true}]}}