{"id":29095,"date":"2023-05-12T11:00:42","date_gmt":"2023-05-12T14:00:42","guid":{"rendered":"https:\/\/www.adufpb.org.br\/site\/?p=29095"},"modified":"2023-05-19T10:27:55","modified_gmt":"2023-05-19T13:27:55","slug":"eleicoes-do-andes-apuracao-nesta-sexta-feira-sera-transmitida-pelo-youtube-da-adufpb","status":"publish","type":"post","link":"https:\/\/www.adufpb.org.br\/site\/eleicoes-do-andes-apuracao-nesta-sexta-feira-sera-transmitida-pelo-youtube-da-adufpb\/","title":{"rendered":"Elei\u00e7\u00f5es do Andes: apura\u00e7\u00e3o nesta sexta-feira (12) ser\u00e1 transmitida pelo canal da ADUFPB no YouTube"},"content":{"rendered":"<p>Ap\u00f3s dois dias de vota\u00e7\u00e3o, a ADUFPB realiza nesta sexta-feira (12) a apura\u00e7\u00e3o dos votos para escolha da diretoria do Andes &#8211; Sindicato Nacional, referente ao bi\u00eanio 2023-2025. O processo de contagem ter\u00e1 in\u00edcio \u00e0s 16h, na sede da entidade, e poder\u00e1 ser acompanhado, ao vivo, pelo Youtube (www.youtube.com\/ADUFPB). Al\u00e9m disso, durante a apura\u00e7\u00e3o, a transmiss\u00e3o ser\u00e1 exibida na TV instalada na sala principal da sede da ADUFPB, no Centro de Viv\u00eancia do campus I.<\/p>\n<p>Tr\u00eas chapas concorrem na elei\u00e7\u00e3o do Andes-SN: Chapa 1 \u2013 \u201cANDES pela base: ousadia para sonhar, coragem para lutar\u201d; Chapa 2 \u2013 \u201cANDES-SN Classista e de Luta\u201d; e Chapa 3 \u2013 \u201cRENOVA ANDES\u201d. No total, 64,9 mil docentes distribu\u00eddos em 95 entidades espalhadas pelas cinco regi\u00f5es do pa\u00eds estavam aptos a votar no pleito, que foi realizado nos dias 10 e 11 de maio. Na UFPB, 17 urnas foram instaladas nos quatro campi pela Comiss\u00e3o Eleitoral Local formada pela ADUFPB. No total, 62 mes\u00e1rios trabalharam nos dois dias da elei\u00e7\u00e3o.<\/p>\n<p>Confira algumas imagens da vota\u00e7\u00e3o:<\/p>\n\n\t\t\t<style type='text\/css'>\n\t\t\t\t#gallery-1 {\n\t\t\t\t\tmargin: auto;\n\t\t\t\t}\n\t\t\t\t#gallery-1 .gallery-item {\n\t\t\t\t\tfloat: left;\n\t\t\t\t\tmargin-top: 10px;\n\t\t\t\t\ttext-align: center;\n\t\t\t\t\twidth: 25%;\n\t\t\t\t}\n\t\t\t\t#gallery-1 img {\n\t\t\t\t\tborder: 2px solid #cfcfcf;\n\t\t\t\t}\n\t\t\t\t#gallery-1 .gallery-caption {\n\t\t\t\t\tmargin-left: 0;\n\t\t\t\t}\n\t\t\t\t\/* see gallery_shortcode() in wp-includes\/media.php *\/\n\t\t\t<\/style>\n\t\t<div id='gallery-1' class='dt-gallery-container gallery galleryid-29095 gallery-columns-4 gallery-size-thumbnail'><dl class='gallery-item'>\n\t\t\t\t<dt class='gallery-icon landscape'>\n\t\t\t\t\t<a class=\"rollover\" href='https:\/\/www.adufpb.org.br\/site\/eleicoes-do-andes-apuracao-nesta-sexta-feira-sera-transmitida-pelo-youtube-da-adufpb\/2023-05-10-eleicao-do-andes-ccen-geografia\/'><img loading=\"lazy\" decoding=\"async\" width=\"150\" height=\"150\" src=\"https:\/\/www.adufpb.org.br\/site\/wp-content\/uploads\/2023\/05\/2023.05.10-eleicao-do-andes-CCEN-Geografia-150x150.jpeg\" class=\"attachment-thumbnail size-thumbnail\" alt=\"\" \/><\/a>\n\t\t\t\t<\/dt><\/dl><dl class='gallery-item'>\n\t\t\t\t<dt class='gallery-icon landscape'>\n\t\t\t\t\t<a class=\"rollover\" href='https:\/\/www.adufpb.org.br\/site\/eleicoes-do-andes-apuracao-nesta-sexta-feira-sera-transmitida-pelo-youtube-da-adufpb\/2023-05-10-eleicao-do-andes-cchla-2\/'><img loading=\"lazy\" decoding=\"async\" width=\"150\" height=\"150\" src=\"https:\/\/www.adufpb.org.br\/site\/wp-content\/uploads\/2023\/05\/2023.05.10-eleicao-do-andes-CCHLA-2-150x150.jpeg\" class=\"attachment-thumbnail size-thumbnail\" alt=\"\" \/><\/a>\n\t\t\t\t<\/dt><\/dl><dl class='gallery-item'>\n\t\t\t\t<dt class='gallery-icon landscape'>\n\t\t\t\t\t<a class=\"rollover\" href='https:\/\/www.adufpb.org.br\/site\/eleicoes-do-andes-apuracao-nesta-sexta-feira-sera-transmitida-pelo-youtube-da-adufpb\/2023-05-10-eleicao-do-andes-ccta-2\/'><img loading=\"lazy\" decoding=\"async\" width=\"150\" height=\"150\" src=\"https:\/\/www.adufpb.org.br\/site\/wp-content\/uploads\/2023\/05\/2023.05.10-eleicao-do-andes-ccta-2-150x150.jpeg\" class=\"attachment-thumbnail size-thumbnail\" alt=\"\" \/><\/a>\n\t\t\t\t<\/dt><\/dl><dl class='gallery-item'>\n\t\t\t\t<dt class='gallery-icon landscape'>\n\t\t\t\t\t<a class=\"rollover\" href='https:\/\/www.adufpb.org.br\/site\/eleicoes-do-andes-apuracao-nesta-sexta-feira-sera-transmitida-pelo-youtube-da-adufpb\/2023-05-10-eleicao-do-andes-ccta\/'><img loading=\"lazy\" decoding=\"async\" width=\"150\" height=\"150\" src=\"https:\/\/www.adufpb.org.br\/site\/wp-content\/uploads\/2023\/05\/2023.05.10-eleicao-do-andes-ccta-150x150.jpeg\" class=\"attachment-thumbnail size-thumbnail\" alt=\"\" \/><\/a>\n\t\t\t\t<\/dt><\/dl><br style=\"clear: both\" \/><dl class='gallery-item'>\n\t\t\t\t<dt class='gallery-icon landscape'>\n\t\t\t\t\t<a class=\"rollover\" href='https:\/\/www.adufpb.org.br\/site\/eleicoes-do-andes-apuracao-nesta-sexta-feira-sera-transmitida-pelo-youtube-da-adufpb\/2023-05-10-eleicao-do-andes-urna-adufpb-4\/'><img loading=\"lazy\" decoding=\"async\" width=\"150\" height=\"150\" src=\"https:\/\/www.adufpb.org.br\/site\/wp-content\/uploads\/2023\/05\/2023.05.10-eleicao-do-andes-urna-ADUFPB-4-150x150.jpeg\" class=\"attachment-thumbnail size-thumbnail\" alt=\"\" \/><\/a>\n\t\t\t\t<\/dt><\/dl><dl class='gallery-item'>\n\t\t\t\t<dt class='gallery-icon landscape'>\n\t\t\t\t\t<a class=\"rollover\" href='https:\/\/www.adufpb.org.br\/site\/eleicoes-do-andes-apuracao-nesta-sexta-feira-sera-transmitida-pelo-youtube-da-adufpb\/2023-05-11-eleicao-do-andes-ccen\/'><img loading=\"lazy\" decoding=\"async\" width=\"150\" height=\"150\" src=\"https:\/\/www.adufpb.org.br\/site\/wp-content\/uploads\/2023\/05\/2023.05.11-eleicao-do-andes-ccen-150x150.jpeg\" class=\"attachment-thumbnail size-thumbnail\" alt=\"\" \/><\/a>\n\t\t\t\t<\/dt><\/dl><dl class='gallery-item'>\n\t\t\t\t<dt class='gallery-icon landscape'>\n\t\t\t\t\t<a class=\"rollover\" href='https:\/\/www.adufpb.org.br\/site\/eleicoes-do-andes-apuracao-nesta-sexta-feira-sera-transmitida-pelo-youtube-da-adufpb\/2023-05-11-eleicao-do-andes-ccta-2\/'><img loading=\"lazy\" decoding=\"async\" width=\"150\" height=\"150\" src=\"https:\/\/www.adufpb.org.br\/site\/wp-content\/uploads\/2023\/05\/2023.05.11-eleicao-do-andes-ccta-2-150x150.jpeg\" class=\"attachment-thumbnail size-thumbnail\" alt=\"\" \/><\/a>\n\t\t\t\t<\/dt><\/dl><dl class='gallery-item'>\n\t\t\t\t<dt class='gallery-icon landscape'>\n\t\t\t\t\t<a class=\"rollover\" href='https:\/\/www.adufpb.org.br\/site\/eleicoes-do-andes-apuracao-nesta-sexta-feira-sera-transmitida-pelo-youtube-da-adufpb\/2023-05-11-eleicao-do-andes-urna-adufpb-6\/'><img loading=\"lazy\" decoding=\"async\" width=\"150\" height=\"150\" src=\"https:\/\/www.adufpb.org.br\/site\/wp-content\/uploads\/2023\/05\/2023.05.11-eleicao-do-andes-urna-ADUFPB-6-150x150.jpeg\" class=\"attachment-thumbnail size-thumbnail\" alt=\"\" \/><\/a>\n\t\t\t\t<\/dt><\/dl><br style=\"clear: both\" \/><dl class='gallery-item'>\n\t\t\t\t<dt class='gallery-icon landscape'>\n\t\t\t\t\t<a class=\"rollover\" href='https:\/\/www.adufpb.org.br\/site\/eleicoes-do-andes-apuracao-nesta-sexta-feira-sera-transmitida-pelo-youtube-da-adufpb\/2023-05-10-eleicao-do-andes-urna-adufpb-2\/'><img loading=\"lazy\" decoding=\"async\" width=\"150\" height=\"150\" src=\"https:\/\/www.adufpb.org.br\/site\/wp-content\/uploads\/2023\/05\/2023.05.10-eleicao-do-andes-urna-ADUFPB-2-150x150.jpeg\" class=\"attachment-thumbnail size-thumbnail\" alt=\"\" \/><\/a>\n\t\t\t\t<\/dt><\/dl><dl class='gallery-item'>\n\t\t\t\t<dt class='gallery-icon portrait'>\n\t\t\t\t\t<a class=\"rollover\" href='https:\/\/www.adufpb.org.br\/site\/eleicoes-do-andes-apuracao-nesta-sexta-feira-sera-transmitida-pelo-youtube-da-adufpb\/2023-05-10-eleicao-do-andes-ccsa\/'><img loading=\"lazy\" decoding=\"async\" width=\"150\" height=\"150\" src=\"https:\/\/www.adufpb.org.br\/site\/wp-content\/uploads\/2023\/05\/2023.05.10-eleicao-do-andes-CCSA-150x150.jpeg\" class=\"attachment-thumbnail size-thumbnail\" alt=\"\" \/><\/a>\n\t\t\t\t<\/dt><\/dl><dl class='gallery-item'>\n\t\t\t\t<dt class='gallery-icon portrait'>\n\t\t\t\t\t<a class=\"rollover\" href='https:\/\/www.adufpb.org.br\/site\/eleicoes-do-andes-apuracao-nesta-sexta-feira-sera-transmitida-pelo-youtube-da-adufpb\/2023-05-10-eleicao-do-andes-ccen-matematica\/'><img loading=\"lazy\" decoding=\"async\" width=\"150\" height=\"150\" src=\"https:\/\/www.adufpb.org.br\/site\/wp-content\/uploads\/2023\/05\/2023.05.10-eleicao-do-andes-ccen-matematica-150x150.jpeg\" class=\"attachment-thumbnail size-thumbnail\" alt=\"\" \/><\/a>\n\t\t\t\t<\/dt><\/dl><dl class='gallery-item'>\n\t\t\t\t<dt class='gallery-icon portrait'>\n\t\t\t\t\t<a class=\"rollover\" href='https:\/\/www.adufpb.org.br\/site\/eleicoes-do-andes-apuracao-nesta-sexta-feira-sera-transmitida-pelo-youtube-da-adufpb\/2023-05-10-eleicao-do-andes-ccen-matematica-2\/'><img loading=\"lazy\" decoding=\"async\" width=\"150\" height=\"150\" src=\"https:\/\/www.adufpb.org.br\/site\/wp-content\/uploads\/2023\/05\/2023.05.10-eleicao-do-andes-ccen-matematica-2-150x150.jpeg\" class=\"attachment-thumbnail size-thumbnail\" alt=\"\" \/><\/a>\n\t\t\t\t<\/dt><\/dl><br style=\"clear: both\" \/><dl class='gallery-item'>\n\t\t\t\t<dt class='gallery-icon portrait'>\n\t\t\t\t\t<a class=\"rollover\" href='https:\/\/www.adufpb.org.br\/site\/eleicoes-do-andes-apuracao-nesta-sexta-feira-sera-transmitida-pelo-youtube-da-adufpb\/2023-05-11-eleicao-do-andes-cpt-escola-tecnica-de-saude-2\/'><img loading=\"lazy\" decoding=\"async\" width=\"150\" height=\"150\" src=\"https:\/\/www.adufpb.org.br\/site\/wp-content\/uploads\/2023\/05\/2023.05.11-eleicao-do-andes-cpt-escola-tecnica-de-saude-2-150x150.jpeg\" class=\"attachment-thumbnail size-thumbnail\" alt=\"\" \/><\/a>\n\t\t\t\t<\/dt><\/dl><dl class='gallery-item'>\n\t\t\t\t<dt class='gallery-icon portrait'>\n\t\t\t\t\t<a class=\"rollover\" href='https:\/\/www.adufpb.org.br\/site\/eleicoes-do-andes-apuracao-nesta-sexta-feira-sera-transmitida-pelo-youtube-da-adufpb\/2023-05-11-eleicao-do-andes-urna-adufpb-5\/'><img loading=\"lazy\" decoding=\"async\" width=\"150\" height=\"150\" src=\"https:\/\/www.adufpb.org.br\/site\/wp-content\/uploads\/2023\/05\/2023.05.11-eleicao-do-andes-urna-ADUFPB-5-150x150.jpeg\" class=\"attachment-thumbnail size-thumbnail\" alt=\"\" \/><\/a>\n\t\t\t\t<\/dt><\/dl><dl class='gallery-item'>\n\t\t\t\t<dt class='gallery-icon portrait'>\n\t\t\t\t\t<a class=\"rollover\" href='https:\/\/www.adufpb.org.br\/site\/eleicoes-do-andes-apuracao-nesta-sexta-feira-sera-transmitida-pelo-youtube-da-adufpb\/2023-05-10-eleicao-do-andes-primeiro-voto-do-ccsa\/'><img loading=\"lazy\" decoding=\"async\" width=\"150\" height=\"150\" src=\"https:\/\/www.adufpb.org.br\/site\/wp-content\/uploads\/2023\/05\/2023.05.10-eleicao-do-andes-primeiro-voto-do-ccsa-150x150.jpeg\" class=\"attachment-thumbnail size-thumbnail\" alt=\"\" \/><\/a>\n\t\t\t\t<\/dt><\/dl><dl class='gallery-item'>\n\t\t\t\t<dt class='gallery-icon portrait'>\n\t\t\t\t\t<a class=\"rollover\" href='https:\/\/www.adufpb.org.br\/site\/eleicoes-do-andes-apuracao-nesta-sexta-feira-sera-transmitida-pelo-youtube-da-adufpb\/2023-05-11-eleicao-do-andes-cchla\/'><img loading=\"lazy\" decoding=\"async\" width=\"150\" height=\"150\" src=\"https:\/\/www.adufpb.org.br\/site\/wp-content\/uploads\/2023\/05\/2023.05.11-eleicao-do-andes-CCHLA-150x150.jpeg\" class=\"attachment-thumbnail size-thumbnail\" alt=\"\" \/><\/a>\n\t\t\t\t<\/dt><\/dl><br style=\"clear: both\" \/><dl class='gallery-item'>\n\t\t\t\t<dt class='gallery-icon portrait'>\n\t\t\t\t\t<a class=\"rollover\" href='https:\/\/www.adufpb.org.br\/site\/eleicoes-do-andes-apuracao-nesta-sexta-feira-sera-transmitida-pelo-youtube-da-adufpb\/2023-05-10-eleicao-do-andes-cpt-escola-tecnica-de-saude\/'><img loading=\"lazy\" decoding=\"async\" width=\"150\" height=\"150\" src=\"https:\/\/www.adufpb.org.br\/site\/wp-content\/uploads\/2023\/05\/2023.05.10-eleicao-do-andes-cpt-escola-tecnica-de-saude-150x150.jpeg\" class=\"attachment-thumbnail size-thumbnail\" alt=\"\" \/><\/a>\n\t\t\t\t<\/dt><\/dl><dl class='gallery-item'>\n\t\t\t\t<dt class='gallery-icon portrait'>\n\t\t\t\t\t<a class=\"rollover\" href='https:\/\/www.adufpb.org.br\/site\/eleicoes-do-andes-apuracao-nesta-sexta-feira-sera-transmitida-pelo-youtube-da-adufpb\/2023-05-11-eleicao-do-andes-cpt-escola-tecnica-de-saude\/'><img loading=\"lazy\" decoding=\"async\" width=\"150\" height=\"150\" src=\"https:\/\/www.adufpb.org.br\/site\/wp-content\/uploads\/2023\/05\/2023.05.11-eleicao-do-andes-cpt-escola-tecnica-de-saude-150x150.jpeg\" class=\"attachment-thumbnail size-thumbnail\" alt=\"\" \/><\/a>\n\t\t\t\t<\/dt><\/dl><dl class='gallery-item'>\n\t\t\t\t<dt class='gallery-icon portrait'>\n\t\t\t\t\t<a class=\"rollover\" href='https:\/\/www.adufpb.org.br\/site\/eleicoes-do-andes-apuracao-nesta-sexta-feira-sera-transmitida-pelo-youtube-da-adufpb\/2023-05-10-eleicao-do-andes-campus-iv-mamanguape\/'><img loading=\"lazy\" decoding=\"async\" width=\"150\" height=\"150\" src=\"https:\/\/www.adufpb.org.br\/site\/wp-content\/uploads\/2023\/05\/2023.05.10-eleicao-do-andes-campus-IV-Mamanguape-150x150.jpeg\" class=\"attachment-thumbnail size-thumbnail\" alt=\"\" \/><\/a>\n\t\t\t\t<\/dt><\/dl><dl class='gallery-item'>\n\t\t\t\t<dt class='gallery-icon portrait'>\n\t\t\t\t\t<a class=\"rollover\" href='https:\/\/www.adufpb.org.br\/site\/eleicoes-do-andes-apuracao-nesta-sexta-feira-sera-transmitida-pelo-youtube-da-adufpb\/2023-05-10-eleicao-do-andes-urna-adufpb-3\/'><img loading=\"lazy\" decoding=\"async\" width=\"150\" height=\"150\" src=\"https:\/\/www.adufpb.org.br\/site\/wp-content\/uploads\/2023\/05\/2023.05.10-eleicao-do-andes-urna-ADUFPB-3-150x150.jpeg\" class=\"attachment-thumbnail size-thumbnail\" alt=\"\" \/><\/a>\n\t\t\t\t<\/dt><\/dl><br style=\"clear: both\" \/>\n\t\t\t<\/div>\n\n","protected":false},"excerpt":{"rendered":"<p>Ap\u00f3s dois dias de vota\u00e7\u00e3o, a ADUFPB realiza nesta sexta-feira (12) a apura\u00e7\u00e3o dos votos para escolha da diretoria do Andes &#8211; Sindicato Nacional, referente ao bi\u00eanio 2023-2025. O processo de contagem ter\u00e1 in\u00edcio \u00e0s 16h, na sede da entidade, e poder\u00e1 ser acompanhado, ao vivo, pelo Youtube (www.youtube.com\/ADUFPB). Al\u00e9m disso, durante a apura\u00e7\u00e3o, a&hellip;<\/p>\n","protected":false},"author":3,"featured_media":29107,"comment_status":"closed","ping_status":"closed","sticky":false,"template":"","format":"standard","meta":{"footnotes":""},"categories":[1405,15,417],"tags":[227],"class_list":["post-29095","post","type-post","status-publish","format-standard","has-post-thumbnail","hentry","category-chamada-principal","category-noticias","category-noticias-destaque","tag-eleicao-do-andes","category-1405","category-15","category-417","description-off"],"_links":{"self":[{"href":"https:\/\/www.adufpb.org.br\/site\/wp-json\/wp\/v2\/posts\/29095","targetHints":{"allow":["GET"]}}],"collection":[{"href":"https:\/\/www.adufpb.org.br\/site\/wp-json\/wp\/v2\/posts"}],"about":[{"href":"https:\/\/www.adufpb.org.br\/site\/wp-json\/wp\/v2\/types\/post"}],"author":[{"embeddable":true,"href":"https:\/\/www.adufpb.org.br\/site\/wp-json\/wp\/v2\/users\/3"}],"replies":[{"embeddable":true,"href":"https:\/\/www.adufpb.org.br\/site\/wp-json\/wp\/v2\/comments?post=29095"}],"version-history":[{"count":8,"href":"https:\/\/www.adufpb.org.br\/site\/wp-json\/wp\/v2\/posts\/29095\/revisions"}],"predecessor-version":[{"id":29125,"href":"https:\/\/www.adufpb.org.br\/site\/wp-json\/wp\/v2\/posts\/29095\/revisions\/29125"}],"wp:featuredmedia":[{"embeddable":true,"href":"https:\/\/www.adufpb.org.br\/site\/wp-json\/wp\/v2\/media\/29107"}],"wp:attachment":[{"href":"https:\/\/www.adufpb.org.br\/site\/wp-json\/wp\/v2\/media?parent=29095"}],"wp:term":[{"taxonomy":"category","embeddable":true,"href":"https:\/\/www.adufpb.org.br\/site\/wp-json\/wp\/v2\/categories?post=29095"},{"taxonomy":"post_tag","embeddable":true,"href":"https:\/\/www.adufpb.org.br\/site\/wp-json\/wp\/v2\/tags?post=29095"}],"curies":[{"name":"wp","href":"https:\/\/api.w.org\/{rel}","templated":true}]}}